{"id":6004,"date":"2013-05-20T21:35:07","date_gmt":"2013-05-20T19:35:07","guid":{"rendered":"http:\/\/www.imakeyousmile.se\/?p=6004"},"modified":"2013-05-20T21:36:15","modified_gmt":"2013-05-20T19:36:15","slug":"permanenta-ogonfransarna","status":"publish","type":"post","link":"https:\/\/www.imakeyousmile.se\/en\/the-permanent-eyelashes\/","title":{"rendered":"Permanent eyelashes"},"content":{"rendered":"<p>A late post today, had dinner with Frida after work <em>(super cozy!)<\/em>\u00a0and then I have been and colored \/ permanent my eyelashes on<a href=\"http:\/\/creativemakeup.se\/\" target=\"_blank\"> Creative Make Up <\/a>in Uppsala. <em>(Costs SEK 650 for both permanent + color)<\/em><\/p>\n<p>I&#039;m sooo happy! I thought I had pretty curved eyelashes before, but now I realize that was not the case;)<\/p>\n<p>Now my eye tattoos are highlighted much better too, when I darken my eyelashes!<\/p>\n<p>That&#039;s such a big difference !!!<\/p>\n<p>Best salon available :)<\/p>\n<p><a href=\"http:\/\/www.imakeyousmile.se\/en\/permanenta-ogonfransarna\/ogonfranspermanent-fore-efter\/\" rel=\"attachment wp-att-6007\"><img loading=\"lazy\" decoding=\"async\" class=\"alignnone  wp-image-6007\" title=\"eyelash permanent before after\" src=\"http:\/\/www.imakeyousmile.se\/wp-content\/uploads\/2013\/05\/\u00f6gonfranspermanent-f\u00f6re-efter-1024x582.jpg\" alt=\"\" width=\"784\" height=\"445\" srcset=\"https:\/\/www.imakeyousmile.se\/wp-content\/uploads\/2013\/05\/\u00f6gonfranspermanent-f\u00f6re-efter-1024x582.jpg 1024w, https:\/\/www.imakeyousmile.se\/wp-content\/uploads\/2013\/05\/\u00f6gonfranspermanent-f\u00f6re-efter-300x169.jpg 300w, https:\/\/www.imakeyousmile.se\/wp-content\/uploads\/2013\/05\/\u00f6gonfranspermanent-f\u00f6re-efter-220x124.jpg 220w, https:\/\/www.imakeyousmile.se\/wp-content\/uploads\/2013\/05\/\u00f6gonfranspermanent-f\u00f6re-efter-940x534.jpg 940w, https:\/\/www.imakeyousmile.se\/wp-content\/uploads\/2013\/05\/\u00f6gonfranspermanent-f\u00f6re-efter-620x352.jpg 620w\" sizes=\"(max-width: 784px) 100vw, 784px\" \/><\/a><a href=\"http:\/\/www.imakeyousmile.se\/en\/permanenta-ogonfransarna\/permanenta-ogonfransarna\/\" rel=\"attachment wp-att-6006\"><img loading=\"lazy\" decoding=\"async\" class=\"alignnone  wp-image-6006\" title=\"permanent eyelashes\" src=\"http:\/\/www.imakeyousmile.se\/wp-content\/uploads\/2013\/05\/permanenta-\u00f6gonfransarna-1024x642.jpg\" alt=\"\" width=\"784\" height=\"491\" srcset=\"https:\/\/www.imakeyousmile.se\/wp-content\/uploads\/2013\/05\/permanenta-\u00f6gonfransarna-1024x642.jpg 1024w, https:\/\/www.imakeyousmile.se\/wp-content\/uploads\/2013\/05\/permanenta-\u00f6gonfransarna-300x188.jpg 300w, https:\/\/www.imakeyousmile.se\/wp-content\/uploads\/2013\/05\/permanenta-\u00f6gonfransarna-940x589.jpg 940w, https:\/\/www.imakeyousmile.se\/wp-content\/uploads\/2013\/05\/permanenta-\u00f6gonfransarna-620x388.jpg 620w\" sizes=\"(max-width: 784px) 100vw, 784px\" \/><\/a><a href=\"http:\/\/www.imakeyousmile.se\/en\/permanenta-ogonfransarna\/img_1456\/\" rel=\"attachment wp-att-6005\"><img loading=\"lazy\" decoding=\"async\" class=\"alignnone  wp-image-6005\" title=\"IMG_1456\" src=\"http:\/\/www.imakeyousmile.se\/wp-content\/uploads\/2013\/05\/IMG_1456-1024x526.jpg\" alt=\"\" width=\"784\" height=\"402\" srcset=\"https:\/\/www.imakeyousmile.se\/wp-content\/uploads\/2013\/05\/IMG_1456-1024x526.jpg 1024w, https:\/\/www.imakeyousmile.se\/wp-content\/uploads\/2013\/05\/IMG_1456-300x154.jpg 300w, https:\/\/www.imakeyousmile.se\/wp-content\/uploads\/2013\/05\/IMG_1456-940x483.jpg 940w, https:\/\/www.imakeyousmile.se\/wp-content\/uploads\/2013\/05\/IMG_1456-620x318.jpg 620w\" sizes=\"(max-width: 784px) 100vw, 784px\" \/><\/a><\/p>\n<p><a href=\"http:\/\/www.imakeyousmile.se\/en\/permanenta-ogonfransarna\/img_1478\/\" rel=\"attachment wp-att-6009\"><img loading=\"lazy\" decoding=\"async\" class=\"alignnone  wp-image-6009\" title=\"IMG_1478\" src=\"http:\/\/www.imakeyousmile.se\/wp-content\/uploads\/2013\/05\/IMG_1478-848x1024.jpg\" alt=\"\" width=\"713\" height=\"860\" srcset=\"https:\/\/www.imakeyousmile.se\/wp-content\/uploads\/2013\/05\/IMG_1478-848x1024.jpg 848w, https:\/\/www.imakeyousmile.se\/wp-content\/uploads\/2013\/05\/IMG_1478-248x300.jpg 248w, https:\/\/www.imakeyousmile.se\/wp-content\/uploads\/2013\/05\/IMG_1478-940x1134.jpg 940w, https:\/\/www.imakeyousmile.se\/wp-content\/uploads\/2013\/05\/IMG_1478-620x748.jpg 620w\" sizes=\"(max-width: 713px) 100vw, 713px\" \/><\/a><em><br \/>\nCompletely unmade.<\/em><\/p>\n<p>&nbsp;<\/p>\n<p>I will be so damn good looking on the beach in Greece;)<\/p>\n<p>&nbsp;<\/p>","protected":false},"excerpt":{"rendered":"<p>Ett sent inl\u00e4gg idag, \u00e5t middag med Frida efter jobbet (supermysigt!)\u00a0och sedan har jag varit och f\u00e4rgat\/permanentat mina \u00f6gonfransar p\u00e5 Creative Make Up i Uppsala. (Kostar 650kr f\u00f6r b\u00e5de permanent + f\u00e4rg) Jag \u00e4r s\u00e5\u00e5\u00e5 n\u00f6jd! Tyckte jag hade hyfsat b\u00f6jda \u00f6gonfransar innan, men nu inser jag att s\u00e5 var inte fallet ;) Nu framh\u00e4vs [&hellip;]<\/p>\n","protected":false},"author":30,"featured_media":0,"comment_status":"open","ping_status":"closed","sticky":false,"template":"","format":"standard","meta":{"footnotes":""},"categories":[61,59],"tags":[740,739,738,737],"class_list":["post-6004","post","type-post","status-publish","format-standard","hentry","category-ogonfransar","category-recensioner-produkttips","tag-boja-ogonfransar","tag-farga-ogonfransar","tag-fore-och-efter","tag-permanentade-ogonfransar"],"yoast_head":"<!-- This site is optimized with the Yoast SEO Premium plugin v14.9 - https:\/\/yoast.com\/wordpress\/plugins\/seo\/ -->\n<meta name=\"description\" content=\"Permanenta \u00f6gonfransarna | Helena Amiley - H\u00e4r hittar du senaste infromation om sk\u00f6nhet, livsstil, entrepren\u00f6rskap, makeup &amp; tips.\" \/>\n<meta name=\"robots\" content=\"index, follow, max-snippet:-1, max-image-preview:large, max-video-preview:-1\" \/>\n<link rel=\"canonical\" href=\"https:\/\/www.imakeyousmile.se\/en\/permanenta-ogonfransarna\/\" \/>\n<meta property=\"og:locale\" content=\"en_US\" \/>\n<meta property=\"og:type\" content=\"article\" \/>\n<meta property=\"og:title\" content=\"Permanenta \u00f6gonfransarna | Imakeyousmile.se\" \/>\n<meta property=\"og:description\" content=\"Permanenta \u00f6gonfransarna | Helena Amiley - H\u00e4r hittar du senaste infromation om sk\u00f6nhet, livsstil, entrepren\u00f6rskap, makeup &amp; tips.\" \/>\n<meta property=\"og:url\" content=\"https:\/\/www.imakeyousmile.se\/en\/permanenta-ogonfransarna\/\" \/>\n<meta property=\"og:site_name\" content=\"Imakeyousmile.se\" \/>\n<meta property=\"article:author\" content=\"https:\/\/www.facebook.com\/imakeyousmile.se\" \/>\n<meta property=\"article:published_time\" content=\"2013-05-20T19:35:07+00:00\" \/>\n<meta property=\"article:modified_time\" content=\"2013-05-20T19:36:15+00:00\" \/>\n<meta property=\"og:image\" content=\"http:\/\/www.imakeyousmile.se\/wp-content\/uploads\/2013\/05\/\u00f6gonfranspermanent-f\u00f6re-efter-1024x582.jpg\" \/>\n<meta name=\"twitter:card\" content=\"summary_large_image\" \/>\n<script type=\"application\/ld+json\" class=\"yoast-schema-graph\">{\"@context\":\"https:\/\/schema.org\",\"@graph\":[{\"@type\":\"Organization\",\"@id\":\"https:\/\/www.imakeyousmile.se\/en\/#organization\",\"name\":\"Imakeyousmile\",\"url\":\"https:\/\/www.imakeyousmile.se\/en\/\",\"sameAs\":[],\"logo\":{\"@type\":\"ImageObject\",\"@id\":\"https:\/\/www.imakeyousmile.se\/en\/#logo\",\"inLanguage\":\"en-US\",\"url\":\"https:\/\/www.imakeyousmile.se\/wp-content\/uploads\/2020\/10\/HELENA-AMILEY_SVART-1-e1603367975324.png\",\"width\":280,\"height\":93,\"caption\":\"Imakeyousmile\"},\"image\":{\"@id\":\"https:\/\/www.imakeyousmile.se\/en\/#logo\"}},{\"@type\":\"WebSite\",\"@id\":\"https:\/\/www.imakeyousmile.se\/en\/#website\",\"url\":\"https:\/\/www.imakeyousmile.se\/en\/\",\"name\":\"Imakeyousmile.se\",\"description\":\"Helena Amiley - Beauty, Entrepreneur, Lifestyle\",\"publisher\":{\"@id\":\"https:\/\/www.imakeyousmile.se\/en\/#organization\"},\"potentialAction\":[{\"@type\":\"SearchAction\",\"target\":\"https:\/\/www.imakeyousmile.se\/en\/?s={search_term_string}\",\"query-input\":\"required name=search_term_string\"}],\"inLanguage\":\"en-US\"},{\"@type\":\"ImageObject\",\"@id\":\"https:\/\/www.imakeyousmile.se\/permanenta-ogonfransarna\/#primaryimage\",\"inLanguage\":\"en-US\",\"url\":\"http:\/\/www.imakeyousmile.se\/wp-content\/uploads\/2013\/05\/\\u00f6gonfranspermanent-f\\u00f6re-efter-1024x582.jpg\"},{\"@type\":\"WebPage\",\"@id\":\"https:\/\/www.imakeyousmile.se\/permanenta-ogonfransarna\/#webpage\",\"url\":\"https:\/\/www.imakeyousmile.se\/permanenta-ogonfransarna\/\",\"name\":\"Permanenta \\u00f6gonfransarna | Imakeyousmile.se\",\"isPartOf\":{\"@id\":\"https:\/\/www.imakeyousmile.se\/en\/#website\"},\"primaryImageOfPage\":{\"@id\":\"https:\/\/www.imakeyousmile.se\/permanenta-ogonfransarna\/#primaryimage\"},\"datePublished\":\"2013-05-20T19:35:07+00:00\",\"dateModified\":\"2013-05-20T19:36:15+00:00\",\"description\":\"Permanenta \\u00f6gonfransarna | Helena Amiley - H\\u00e4r hittar du senaste infromation om sk\\u00f6nhet, livsstil, entrepren\\u00f6rskap, makeup & tips.\",\"inLanguage\":\"en-US\",\"potentialAction\":[{\"@type\":\"ReadAction\",\"target\":[\"https:\/\/www.imakeyousmile.se\/permanenta-ogonfransarna\/\"]}]},{\"@type\":\"Article\",\"@id\":\"https:\/\/www.imakeyousmile.se\/permanenta-ogonfransarna\/#article\",\"isPartOf\":{\"@id\":\"https:\/\/www.imakeyousmile.se\/permanenta-ogonfransarna\/#webpage\"},\"author\":{\"@id\":\"https:\/\/www.imakeyousmile.se\/en\/#\/schema\/person\/b0fd43b1c6bb1c60cfd68bff9b4a10fb\"},\"headline\":\"Permanenta \\u00f6gonfransarna\",\"datePublished\":\"2013-05-20T19:35:07+00:00\",\"dateModified\":\"2013-05-20T19:36:15+00:00\",\"mainEntityOfPage\":{\"@id\":\"https:\/\/www.imakeyousmile.se\/permanenta-ogonfransarna\/#webpage\"},\"commentCount\":0,\"publisher\":{\"@id\":\"https:\/\/www.imakeyousmile.se\/en\/#organization\"},\"image\":{\"@id\":\"https:\/\/www.imakeyousmile.se\/permanenta-ogonfransarna\/#primaryimage\"},\"keywords\":\"b\\u00f6ja \\u00f6gonfransar,f\\u00e4rga \\u00f6gonfransar,f\\u00f6re och efter,permanentade \\u00f6gonfransar\",\"articleSection\":\"\\u00d6gonfransar,Recensioner &amp; Produkttips\",\"inLanguage\":\"en-US\",\"potentialAction\":[{\"@type\":\"CommentAction\",\"name\":\"Comment\",\"target\":[\"https:\/\/www.imakeyousmile.se\/permanenta-ogonfransarna\/#respond\"]}]},{\"@type\":\"Person\",\"@id\":\"https:\/\/www.imakeyousmile.se\/en\/#\/schema\/person\/b0fd43b1c6bb1c60cfd68bff9b4a10fb\",\"name\":\"Helena Amiley\",\"image\":{\"@type\":\"ImageObject\",\"@id\":\"https:\/\/www.imakeyousmile.se\/en\/#personlogo\",\"inLanguage\":\"en-US\",\"url\":\"https:\/\/secure.gravatar.com\/avatar\/5645558e1e355457a23368d7e1b4c904?s=96&d=mm&r=g\",\"caption\":\"Helena Amiley\"},\"description\":\"Jag skriver mest om sk\\u00f6nhet men bjuder \\u00e4ven p\\u00e5 glimtar fr\\u00e5n entrepren\\u00f6rlivet och bygget av v\\u00e5r egen camper van. Vanlife here we come!\",\"sameAs\":[\"https:\/\/www.facebook.com\/imakeyousmile.se\",\"https:\/\/www.instagram.com\/helenaamiley\",\"https:\/\/www.youtube.com\/channel\/UCR5iB6rvpV6Yr8ZjpQfr5mg?view_as=subscriber\"]}]}<\/script>\n<!-- \/ Yoast SEO Premium plugin. -->","_links":{"self":[{"href":"https:\/\/www.imakeyousmile.se\/en\/wp-json\/wp\/v2\/posts\/6004"}],"collection":[{"href":"https:\/\/www.imakeyousmile.se\/en\/wp-json\/wp\/v2\/posts"}],"about":[{"href":"https:\/\/www.imakeyousmile.se\/en\/wp-json\/wp\/v2\/types\/post"}],"author":[{"embeddable":true,"href":"https:\/\/www.imakeyousmile.se\/en\/wp-json\/wp\/v2\/users\/30"}],"replies":[{"embeddable":true,"href":"https:\/\/www.imakeyousmile.se\/en\/wp-json\/wp\/v2\/comments?post=6004"}],"version-history":[{"count":0,"href":"https:\/\/www.imakeyousmile.se\/en\/wp-json\/wp\/v2\/posts\/6004\/revisions"}],"wp:attachment":[{"href":"https:\/\/www.imakeyousmile.se\/en\/wp-json\/wp\/v2\/media?parent=6004"}],"wp:term":[{"taxonomy":"category","embeddable":true,"href":"https:\/\/www.imakeyousmile.se\/en\/wp-json\/wp\/v2\/categories?post=6004"},{"taxonomy":"post_tag","embeddable":true,"href":"https:\/\/www.imakeyousmile.se\/en\/wp-json\/wp\/v2\/tags?post=6004"}],"curies":[{"name":"wp","href":"https:\/\/api.w.org\/{rel}","templated":true}]}}