{"id":6257,"date":"2013-06-13T22:00:49","date_gmt":"2013-06-13T20:00:49","guid":{"rendered":"http:\/\/www.imakeyousmile.se\/?p=6257"},"modified":"2013-06-13T22:00:50","modified_gmt":"2013-06-13T20:00:50","slug":"podcast","status":"publish","type":"post","link":"https:\/\/www.imakeyousmile.se\/en\/podcast\/","title":{"rendered":"Podcast"},"content":{"rendered":"<p>Today, as I said, I was a turn in Stockholm after work.<\/p>\n<p>Namely, I have had the honor of participating in a podcast in collaboration with Swedish Radio!<\/p>\n<p><a href=\"http:\/\/styleways.devote.se\/\" target=\"_blank\">Elin<\/a> and <a href=\"http:\/\/floras.devote.se\/\" target=\"_blank\">Flora<\/a> interviewed me about makeup and beauty, in the program <em>&quot;What are you wearing?<\/em>&quot;Which will begin airing this summer.<\/p>\n<p>You can listen to a small part of the interview<strong> P3 on July 20 at 14.00<\/strong> if I remember correctly! You will then be able to listen to the entire interview via the computer.<\/p>\n<p>Fun right? :) Will be back to this as it approaches!<\/p>\n<p><a href=\"http:\/\/www.imakeyousmile.se\/en\/podcast\/img_1749\/\" rel=\"attachment wp-att-6260\"><img loading=\"lazy\" decoding=\"async\" class=\"alignnone  wp-image-6260\" title=\"IMG_1749\" src=\"http:\/\/www.imakeyousmile.se\/wp-content\/uploads\/2013\/06\/IMG_1749-744x1024.jpg\" alt=\"\" width=\"595\" height=\"819\" srcset=\"https:\/\/www.imakeyousmile.se\/wp-content\/uploads\/2013\/06\/IMG_1749-744x1024.jpg 744w, https:\/\/www.imakeyousmile.se\/wp-content\/uploads\/2013\/06\/IMG_1749-218x300.jpg 218w, https:\/\/www.imakeyousmile.se\/wp-content\/uploads\/2013\/06\/IMG_1749-940x1292.jpg 940w, https:\/\/www.imakeyousmile.se\/wp-content\/uploads\/2013\/06\/IMG_1749-620x852.jpg 620w, https:\/\/www.imakeyousmile.se\/wp-content\/uploads\/2013\/06\/IMG_1749.jpg 1861w\" sizes=\"(max-width: 595px) 100vw, 595px\" \/><\/a><\/p>\n<p><em>Missing warm lovely Greece\u2026<\/em><\/p>\n<p><span style=\"color: #ffffff;\">&#8211;\u00a0<\/span><\/p>\n<p>It was pouring rain when I tried to find the studio and my clothes did not have time to dry before I went home. So it was an icy Helena who jumped into a hot shower as soon as I stepped inside the door.<\/p>\n<p><span style=\"color: #ffffff;\">&#8211;<\/span><\/p>\n<p>So now I sit in my one piece and cuddle with a cup of tea. The bed attracts :)<\/p>\n<p>&nbsp;<\/p>\n<p><strong>Hugs are!<\/strong><\/p>","protected":false},"excerpt":{"rendered":"<p>Idag var jag som sagt en sv\u00e4ng inne i Stockholm efter jobbet. Jag har n\u00e4mligen f\u00e5tt \u00e4ran att medverka i en podcast i samarbete med Sveriges Radio! Elin och Flora intervjuade mig om smink och sk\u00f6nhet, i programmet &#8221;Vad har du p\u00e5 dig?&#8221; som kommer b\u00f6rja s\u00e4ndas i sommar. En liten del av intervjun kan [&hellip;]<\/p>\n","protected":false},"author":30,"featured_media":0,"comment_status":"open","ping_status":"closed","sticky":false,"template":"","format":"standard","meta":{"footnotes":""},"categories":[3],"tags":[],"class_list":["post-6257","post","type-post","status-publish","format-standard","hentry","category-allmant"],"yoast_head":"<!-- This site is optimized with the Yoast SEO Premium plugin v14.9 - https:\/\/yoast.com\/wordpress\/plugins\/seo\/ -->\n<meta name=\"description\" content=\"Podcast | Helena Amiley - H\u00e4r hittar du senaste infromation om sk\u00f6nhet, livsstil, entrepren\u00f6rskap, makeup &amp; tips.\" \/>\n<meta name=\"robots\" content=\"index, follow, max-snippet:-1, max-image-preview:large, max-video-preview:-1\" \/>\n<link rel=\"canonical\" href=\"https:\/\/www.imakeyousmile.se\/en\/podcast\/\" \/>\n<meta property=\"og:locale\" content=\"en_US\" \/>\n<meta property=\"og:type\" content=\"article\" \/>\n<meta property=\"og:title\" content=\"Podcast | Imakeyousmile.se\" \/>\n<meta property=\"og:description\" content=\"Podcast | Helena Amiley - H\u00e4r hittar du senaste infromation om sk\u00f6nhet, livsstil, entrepren\u00f6rskap, makeup &amp; tips.\" \/>\n<meta property=\"og:url\" content=\"https:\/\/www.imakeyousmile.se\/en\/podcast\/\" \/>\n<meta property=\"og:site_name\" content=\"Imakeyousmile.se\" \/>\n<meta property=\"article:author\" content=\"https:\/\/www.facebook.com\/imakeyousmile.se\" \/>\n<meta property=\"article:published_time\" content=\"2013-06-13T20:00:49+00:00\" \/>\n<meta property=\"article:modified_time\" content=\"2013-06-13T20:00:50+00:00\" \/>\n<meta property=\"og:image\" content=\"http:\/\/www.imakeyousmile.se\/wp-content\/uploads\/2013\/06\/IMG_1749-744x1024.jpg\" \/>\n<meta name=\"twitter:card\" content=\"summary_large_image\" \/>\n<script type=\"application\/ld+json\" class=\"yoast-schema-graph\">{\"@context\":\"https:\/\/schema.org\",\"@graph\":[{\"@type\":\"Organization\",\"@id\":\"https:\/\/www.imakeyousmile.se\/en\/#organization\",\"name\":\"Imakeyousmile\",\"url\":\"https:\/\/www.imakeyousmile.se\/en\/\",\"sameAs\":[],\"logo\":{\"@type\":\"ImageObject\",\"@id\":\"https:\/\/www.imakeyousmile.se\/en\/#logo\",\"inLanguage\":\"en-US\",\"url\":\"https:\/\/www.imakeyousmile.se\/wp-content\/uploads\/2020\/10\/HELENA-AMILEY_SVART-1-e1603367975324.png\",\"width\":280,\"height\":93,\"caption\":\"Imakeyousmile\"},\"image\":{\"@id\":\"https:\/\/www.imakeyousmile.se\/en\/#logo\"}},{\"@type\":\"WebSite\",\"@id\":\"https:\/\/www.imakeyousmile.se\/en\/#website\",\"url\":\"https:\/\/www.imakeyousmile.se\/en\/\",\"name\":\"Imakeyousmile.se\",\"description\":\"Helena Amiley - Beauty, Entrepreneur, Lifestyle\",\"publisher\":{\"@id\":\"https:\/\/www.imakeyousmile.se\/en\/#organization\"},\"potentialAction\":[{\"@type\":\"SearchAction\",\"target\":\"https:\/\/www.imakeyousmile.se\/en\/?s={search_term_string}\",\"query-input\":\"required name=search_term_string\"}],\"inLanguage\":\"en-US\"},{\"@type\":\"ImageObject\",\"@id\":\"https:\/\/www.imakeyousmile.se\/podcast\/#primaryimage\",\"inLanguage\":\"en-US\",\"url\":\"http:\/\/www.imakeyousmile.se\/wp-content\/uploads\/2013\/06\/IMG_1749-744x1024.jpg\"},{\"@type\":\"WebPage\",\"@id\":\"https:\/\/www.imakeyousmile.se\/podcast\/#webpage\",\"url\":\"https:\/\/www.imakeyousmile.se\/podcast\/\",\"name\":\"Podcast | Imakeyousmile.se\",\"isPartOf\":{\"@id\":\"https:\/\/www.imakeyousmile.se\/en\/#website\"},\"primaryImageOfPage\":{\"@id\":\"https:\/\/www.imakeyousmile.se\/podcast\/#primaryimage\"},\"datePublished\":\"2013-06-13T20:00:49+00:00\",\"dateModified\":\"2013-06-13T20:00:50+00:00\",\"description\":\"Podcast | Helena Amiley - H\\u00e4r hittar du senaste infromation om sk\\u00f6nhet, livsstil, entrepren\\u00f6rskap, makeup & tips.\",\"inLanguage\":\"en-US\",\"potentialAction\":[{\"@type\":\"ReadAction\",\"target\":[\"https:\/\/www.imakeyousmile.se\/podcast\/\"]}]},{\"@type\":\"Article\",\"@id\":\"https:\/\/www.imakeyousmile.se\/podcast\/#article\",\"isPartOf\":{\"@id\":\"https:\/\/www.imakeyousmile.se\/podcast\/#webpage\"},\"author\":{\"@id\":\"https:\/\/www.imakeyousmile.se\/en\/#\/schema\/person\/b0fd43b1c6bb1c60cfd68bff9b4a10fb\"},\"headline\":\"Podcast\",\"datePublished\":\"2013-06-13T20:00:49+00:00\",\"dateModified\":\"2013-06-13T20:00:50+00:00\",\"mainEntityOfPage\":{\"@id\":\"https:\/\/www.imakeyousmile.se\/podcast\/#webpage\"},\"commentCount\":0,\"publisher\":{\"@id\":\"https:\/\/www.imakeyousmile.se\/en\/#organization\"},\"image\":{\"@id\":\"https:\/\/www.imakeyousmile.se\/podcast\/#primaryimage\"},\"articleSection\":\"\\u00d6vrigt\",\"inLanguage\":\"en-US\",\"potentialAction\":[{\"@type\":\"CommentAction\",\"name\":\"Comment\",\"target\":[\"https:\/\/www.imakeyousmile.se\/podcast\/#respond\"]}]},{\"@type\":\"Person\",\"@id\":\"https:\/\/www.imakeyousmile.se\/en\/#\/schema\/person\/b0fd43b1c6bb1c60cfd68bff9b4a10fb\",\"name\":\"Helena Amiley\",\"image\":{\"@type\":\"ImageObject\",\"@id\":\"https:\/\/www.imakeyousmile.se\/en\/#personlogo\",\"inLanguage\":\"en-US\",\"url\":\"https:\/\/secure.gravatar.com\/avatar\/5645558e1e355457a23368d7e1b4c904?s=96&d=mm&r=g\",\"caption\":\"Helena Amiley\"},\"description\":\"Jag skriver mest om sk\\u00f6nhet men bjuder \\u00e4ven p\\u00e5 glimtar fr\\u00e5n entrepren\\u00f6rlivet och bygget av v\\u00e5r egen camper van. Vanlife here we come!\",\"sameAs\":[\"https:\/\/www.facebook.com\/imakeyousmile.se\",\"https:\/\/www.instagram.com\/helenaamiley\",\"https:\/\/www.youtube.com\/channel\/UCR5iB6rvpV6Yr8ZjpQfr5mg?view_as=subscriber\"]}]}<\/script>\n<!-- \/ Yoast SEO Premium plugin. -->","_links":{"self":[{"href":"https:\/\/www.imakeyousmile.se\/en\/wp-json\/wp\/v2\/posts\/6257"}],"collection":[{"href":"https:\/\/www.imakeyousmile.se\/en\/wp-json\/wp\/v2\/posts"}],"about":[{"href":"https:\/\/www.imakeyousmile.se\/en\/wp-json\/wp\/v2\/types\/post"}],"author":[{"embeddable":true,"href":"https:\/\/www.imakeyousmile.se\/en\/wp-json\/wp\/v2\/users\/30"}],"replies":[{"embeddable":true,"href":"https:\/\/www.imakeyousmile.se\/en\/wp-json\/wp\/v2\/comments?post=6257"}],"version-history":[{"count":0,"href":"https:\/\/www.imakeyousmile.se\/en\/wp-json\/wp\/v2\/posts\/6257\/revisions"}],"wp:attachment":[{"href":"https:\/\/www.imakeyousmile.se\/en\/wp-json\/wp\/v2\/media?parent=6257"}],"wp:term":[{"taxonomy":"category","embeddable":true,"href":"https:\/\/www.imakeyousmile.se\/en\/wp-json\/wp\/v2\/categories?post=6257"},{"taxonomy":"post_tag","embeddable":true,"href":"https:\/\/www.imakeyousmile.se\/en\/wp-json\/wp\/v2\/tags?post=6257"}],"curies":[{"name":"wp","href":"https:\/\/api.w.org\/{rel}","templated":true}]}}