{"id":6358,"date":"2013-06-21T08:05:41","date_gmt":"2013-06-21T06:05:41","guid":{"rendered":"http:\/\/www.imakeyousmile.se\/?p=6358"},"modified":"2013-06-21T09:06:49","modified_gmt":"2013-06-21T07:06:49","slug":"snabb-foundationgrund","status":"publish","type":"post","link":"https:\/\/www.imakeyousmile.se\/en\/fast-foundation-primer\/","title":{"rendered":"Fast foundation primer"},"content":{"rendered":"<p>I have made several posts about how I lay my foundation, with face primer, concealer, foundation, etc.<\/p>\n<p>But in everyday life, I have to admit that I am not always so careful, but you have one <a href=\"https:\/\/ion.lyko.com\/t\/t?a=1117786221&#038;as=1548102449&#038;t=2&#038;tk=1&#038;epi=search-replace-glopressedbase&#038;url=https:\/\/lyko.com\/sv\/glo-skin-beauty\/glominerals-pressed-base-golden-medium\" target=\"_blank\">good foundation<\/a> so you do not always have to be that either :)<\/p>\n<p><a href=\"http:\/\/www.imakeyousmile.se\/en\/?attachment_id=6360\" rel=\"attachment wp-att-6360\" class=\"\"><img loading=\"lazy\" decoding=\"async\" class=\"alignnone  wp-image-6360\" title=\"IMG_2559\" src=\"http:\/\/www.imakeyousmile.se\/wp-content\/uploads\/2013\/06\/IMG_2559-716x1024.jpg\" alt=\"\" width=\"644\" height=\"922\" srcset=\"https:\/\/www.imakeyousmile.se\/wp-content\/uploads\/2013\/06\/IMG_2559-716x1024.jpg 716w, https:\/\/www.imakeyousmile.se\/wp-content\/uploads\/2013\/06\/IMG_2559-209x300.jpg 209w\" sizes=\"(max-width: 644px) 100vw, 644px\" \/><\/a><\/p>\n<p>Unmade, and red around the eyes after picking the eyebrows :)<\/p>\n<p><a href=\"http:\/\/www.imakeyousmile.se\/en\/?attachment_id=6361\" rel=\"attachment wp-att-6361\" class=\"\" style=\"\"><img loading=\"lazy\" decoding=\"async\" class=\"alignnone  wp-image-6361\" title=\"IMG_2580\" src=\"http:\/\/www.imakeyousmile.se\/wp-content\/uploads\/2013\/06\/IMG_2580-811x1024.jpg\" alt=\"\" width=\"657\" height=\"830\" srcset=\"https:\/\/www.imakeyousmile.se\/wp-content\/uploads\/2013\/06\/IMG_2580-811x1024.jpg 811w, https:\/\/www.imakeyousmile.se\/wp-content\/uploads\/2013\/06\/IMG_2580-237x300.jpg 237w\" sizes=\"(max-width: 657px) 100vw, 657px\" \/><\/a><\/p>\n<p>I start by dabbing with a flat foundation brush in the places that need the most coverage - around the eyebrows, nose, under the eyes and on pimples.<\/p>\n<p><a href=\"http:\/\/www.imakeyousmile.se\/en\/?attachment_id=6362\" rel=\"attachment wp-att-6362\" class=\"\"><img loading=\"lazy\" decoding=\"async\" class=\"alignnone  wp-image-6362\" title=\"IMG_2587\" src=\"http:\/\/www.imakeyousmile.se\/wp-content\/uploads\/2013\/06\/IMG_2587-810x1024.jpg\" alt=\"\" width=\"648\" height=\"819\" srcset=\"https:\/\/www.imakeyousmile.se\/wp-content\/uploads\/2013\/06\/IMG_2587-810x1024.jpg 810w, https:\/\/www.imakeyousmile.se\/wp-content\/uploads\/2013\/06\/IMG_2587-237x300.jpg 237w, https:\/\/www.imakeyousmile.se\/wp-content\/uploads\/2013\/06\/IMG_2587-940x1187.jpg 940w, https:\/\/www.imakeyousmile.se\/wp-content\/uploads\/2013\/06\/IMG_2587-620x783.jpg 620w\" sizes=\"(max-width: 648px) 100vw, 648px\" \/><\/a><\/p>\n<p>Then I apply foundation to the rest of the face with a soft kabuki brush.<\/p>\n<p><a href=\"http:\/\/www.imakeyousmile.se\/en\/?attachment_id=6359\" rel=\"attachment wp-att-6359\"><img loading=\"lazy\" decoding=\"async\" class=\"alignnone  wp-image-6359\" title=\"before after glo minerals pressed base\" src=\"http:\/\/www.imakeyousmile.se\/wp-content\/uploads\/2013\/06\/f\u00f6re-efter-glo-minerals-pressed-base-1024x733.jpg\" alt=\"\" width=\"686\" height=\"491\" srcset=\"https:\/\/www.imakeyousmile.se\/wp-content\/uploads\/2013\/06\/f\u00f6re-efter-glo-minerals-pressed-base-1024x733.jpg 1024w, https:\/\/www.imakeyousmile.se\/wp-content\/uploads\/2013\/06\/f\u00f6re-efter-glo-minerals-pressed-base-300x214.jpg 300w, https:\/\/www.imakeyousmile.se\/wp-content\/uploads\/2013\/06\/f\u00f6re-efter-glo-minerals-pressed-base-940x673.jpg 940w, https:\/\/www.imakeyousmile.se\/wp-content\/uploads\/2013\/06\/f\u00f6re-efter-glo-minerals-pressed-base-620x443.jpg 620w\" sizes=\"(max-width: 686px) 100vw, 686px\" \/><\/a><\/p>\n<p>Quick and easy, go in a minute!<\/p>\n<p><strong>Hugs are!<\/strong><\/p>","protected":false},"excerpt":{"rendered":"<p>Jag har gjort ett flertal inl\u00e4gg om hur jag l\u00e4gger min grund, med ansiktsprimer, concealer, foundation o.s.v. Men till vardags s\u00e5 m\u00e5ste jag erk\u00e4nna att jag inte alltid \u00e4r s\u00e5 noggrann, men har man en bra foundation s\u00e5 beh\u00f6ver man inte alltid vara det heller :) Osminkad, och r\u00f6d runt \u00f6gonen efter att ha plockat [&hellip;]<\/p>\n","protected":false},"author":30,"featured_media":0,"comment_status":"open","ping_status":"closed","sticky":false,"template":"","format":"standard","meta":{"footnotes":""},"categories":[24],"tags":[445,803],"class_list":["post-6358","post","type-post","status-publish","format-standard","hentry","category-grundsmink","tag-foundation","tag-min-grund"],"yoast_head":"<!-- This site is optimized with the Yoast SEO Premium plugin v14.9 - https:\/\/yoast.com\/wordpress\/plugins\/seo\/ -->\n<meta name=\"description\" content=\"Snabb foundationgrund | Helena Amiley - H\u00e4r hittar du senaste infromation om sk\u00f6nhet, livsstil, entrepren\u00f6rskap, makeup &amp; tips.\" \/>\n<meta name=\"robots\" content=\"index, follow, max-snippet:-1, max-image-preview:large, max-video-preview:-1\" \/>\n<link rel=\"canonical\" href=\"https:\/\/www.imakeyousmile.se\/en\/snabb-foundationgrund\/\" \/>\n<meta property=\"og:locale\" content=\"en_US\" \/>\n<meta property=\"og:type\" content=\"article\" \/>\n<meta property=\"og:title\" content=\"Snabb foundationgrund | Imakeyousmile.se\" \/>\n<meta property=\"og:description\" content=\"Snabb foundationgrund | Helena Amiley - H\u00e4r hittar du senaste infromation om sk\u00f6nhet, livsstil, entrepren\u00f6rskap, makeup &amp; tips.\" \/>\n<meta property=\"og:url\" content=\"https:\/\/www.imakeyousmile.se\/en\/snabb-foundationgrund\/\" \/>\n<meta property=\"og:site_name\" content=\"Imakeyousmile.se\" \/>\n<meta property=\"article:author\" content=\"https:\/\/www.facebook.com\/imakeyousmile.se\" \/>\n<meta property=\"article:published_time\" content=\"2013-06-21T06:05:41+00:00\" \/>\n<meta property=\"article:modified_time\" content=\"2013-06-21T07:06:49+00:00\" \/>\n<meta property=\"og:image\" content=\"http:\/\/www.imakeyousmile.se\/wp-content\/uploads\/2013\/06\/IMG_2559-716x1024.jpg\" \/>\n<meta name=\"twitter:card\" content=\"summary_large_image\" \/>\n<script type=\"application\/ld+json\" class=\"yoast-schema-graph\">{\"@context\":\"https:\/\/schema.org\",\"@graph\":[{\"@type\":\"Organization\",\"@id\":\"https:\/\/www.imakeyousmile.se\/en\/#organization\",\"name\":\"Imakeyousmile\",\"url\":\"https:\/\/www.imakeyousmile.se\/en\/\",\"sameAs\":[],\"logo\":{\"@type\":\"ImageObject\",\"@id\":\"https:\/\/www.imakeyousmile.se\/en\/#logo\",\"inLanguage\":\"en-US\",\"url\":\"https:\/\/www.imakeyousmile.se\/wp-content\/uploads\/2020\/10\/HELENA-AMILEY_SVART-1-e1603367975324.png\",\"width\":280,\"height\":93,\"caption\":\"Imakeyousmile\"},\"image\":{\"@id\":\"https:\/\/www.imakeyousmile.se\/en\/#logo\"}},{\"@type\":\"WebSite\",\"@id\":\"https:\/\/www.imakeyousmile.se\/en\/#website\",\"url\":\"https:\/\/www.imakeyousmile.se\/en\/\",\"name\":\"Imakeyousmile.se\",\"description\":\"Helena Amiley - Beauty, Entrepreneur, Lifestyle\",\"publisher\":{\"@id\":\"https:\/\/www.imakeyousmile.se\/en\/#organization\"},\"potentialAction\":[{\"@type\":\"SearchAction\",\"target\":\"https:\/\/www.imakeyousmile.se\/en\/?s={search_term_string}\",\"query-input\":\"required name=search_term_string\"}],\"inLanguage\":\"en-US\"},{\"@type\":\"ImageObject\",\"@id\":\"https:\/\/www.imakeyousmile.se\/snabb-foundationgrund\/#primaryimage\",\"inLanguage\":\"en-US\",\"url\":\"http:\/\/www.imakeyousmile.se\/wp-content\/uploads\/2013\/06\/IMG_2559-716x1024.jpg\"},{\"@type\":\"WebPage\",\"@id\":\"https:\/\/www.imakeyousmile.se\/snabb-foundationgrund\/#webpage\",\"url\":\"https:\/\/www.imakeyousmile.se\/snabb-foundationgrund\/\",\"name\":\"Snabb foundationgrund | Imakeyousmile.se\",\"isPartOf\":{\"@id\":\"https:\/\/www.imakeyousmile.se\/en\/#website\"},\"primaryImageOfPage\":{\"@id\":\"https:\/\/www.imakeyousmile.se\/snabb-foundationgrund\/#primaryimage\"},\"datePublished\":\"2013-06-21T06:05:41+00:00\",\"dateModified\":\"2013-06-21T07:06:49+00:00\",\"description\":\"Snabb foundationgrund | Helena Amiley - H\\u00e4r hittar du senaste infromation om sk\\u00f6nhet, livsstil, entrepren\\u00f6rskap, makeup & tips.\",\"inLanguage\":\"en-US\",\"potentialAction\":[{\"@type\":\"ReadAction\",\"target\":[\"https:\/\/www.imakeyousmile.se\/snabb-foundationgrund\/\"]}]},{\"@type\":\"Article\",\"@id\":\"https:\/\/www.imakeyousmile.se\/snabb-foundationgrund\/#article\",\"isPartOf\":{\"@id\":\"https:\/\/www.imakeyousmile.se\/snabb-foundationgrund\/#webpage\"},\"author\":{\"@id\":\"https:\/\/www.imakeyousmile.se\/en\/#\/schema\/person\/b0fd43b1c6bb1c60cfd68bff9b4a10fb\"},\"headline\":\"Snabb foundationgrund\",\"datePublished\":\"2013-06-21T06:05:41+00:00\",\"dateModified\":\"2013-06-21T07:06:49+00:00\",\"mainEntityOfPage\":{\"@id\":\"https:\/\/www.imakeyousmile.se\/snabb-foundationgrund\/#webpage\"},\"commentCount\":0,\"publisher\":{\"@id\":\"https:\/\/www.imakeyousmile.se\/en\/#organization\"},\"image\":{\"@id\":\"https:\/\/www.imakeyousmile.se\/snabb-foundationgrund\/#primaryimage\"},\"keywords\":\"foundation,min grund\",\"articleSection\":\"Bassmink\",\"inLanguage\":\"en-US\",\"potentialAction\":[{\"@type\":\"CommentAction\",\"name\":\"Comment\",\"target\":[\"https:\/\/www.imakeyousmile.se\/snabb-foundationgrund\/#respond\"]}]},{\"@type\":\"Person\",\"@id\":\"https:\/\/www.imakeyousmile.se\/en\/#\/schema\/person\/b0fd43b1c6bb1c60cfd68bff9b4a10fb\",\"name\":\"Helena Amiley\",\"image\":{\"@type\":\"ImageObject\",\"@id\":\"https:\/\/www.imakeyousmile.se\/en\/#personlogo\",\"inLanguage\":\"en-US\",\"url\":\"https:\/\/secure.gravatar.com\/avatar\/5645558e1e355457a23368d7e1b4c904?s=96&d=mm&r=g\",\"caption\":\"Helena Amiley\"},\"description\":\"Jag skriver mest om sk\\u00f6nhet men bjuder \\u00e4ven p\\u00e5 glimtar fr\\u00e5n entrepren\\u00f6rlivet och bygget av v\\u00e5r egen camper van. Vanlife here we come!\",\"sameAs\":[\"https:\/\/www.facebook.com\/imakeyousmile.se\",\"https:\/\/www.instagram.com\/helenaamiley\",\"https:\/\/www.youtube.com\/channel\/UCR5iB6rvpV6Yr8ZjpQfr5mg?view_as=subscriber\"]}]}<\/script>\n<!-- \/ Yoast SEO Premium plugin. -->","_links":{"self":[{"href":"https:\/\/www.imakeyousmile.se\/en\/wp-json\/wp\/v2\/posts\/6358"}],"collection":[{"href":"https:\/\/www.imakeyousmile.se\/en\/wp-json\/wp\/v2\/posts"}],"about":[{"href":"https:\/\/www.imakeyousmile.se\/en\/wp-json\/wp\/v2\/types\/post"}],"author":[{"embeddable":true,"href":"https:\/\/www.imakeyousmile.se\/en\/wp-json\/wp\/v2\/users\/30"}],"replies":[{"embeddable":true,"href":"https:\/\/www.imakeyousmile.se\/en\/wp-json\/wp\/v2\/comments?post=6358"}],"version-history":[{"count":0,"href":"https:\/\/www.imakeyousmile.se\/en\/wp-json\/wp\/v2\/posts\/6358\/revisions"}],"wp:attachment":[{"href":"https:\/\/www.imakeyousmile.se\/en\/wp-json\/wp\/v2\/media?parent=6358"}],"wp:term":[{"taxonomy":"category","embeddable":true,"href":"https:\/\/www.imakeyousmile.se\/en\/wp-json\/wp\/v2\/categories?post=6358"},{"taxonomy":"post_tag","embeddable":true,"href":"https:\/\/www.imakeyousmile.se\/en\/wp-json\/wp\/v2\/tags?post=6358"}],"curies":[{"name":"wp","href":"https:\/\/api.w.org\/{rel}","templated":true}]}}