{"id":6537,"date":"2013-07-02T10:25:25","date_gmt":"2013-07-02T08:25:25","guid":{"rendered":"http:\/\/www.imakeyousmile.se\/?p=6537"},"modified":"2015-04-19T10:22:34","modified_gmt":"2015-04-19T08:22:34","slug":"kall-naturlig-sminkning","status":"publish","type":"post","link":"https:\/\/www.imakeyousmile.se\/en\/cold-natural-makeup\/","title":{"rendered":"Cold, natural make-up"},"content":{"rendered":"<p>Here is a fairly natural and cold make-up, which suits all occasions.<\/p>\n<p>In addition, it is a good look if you want to emphasize your brown eyes, as cold shades emphasize a warm, brown eye color.<\/p>\n<p><a href=\"http:\/\/www.imakeyousmile.se\/en\/kall-naturlig-sminkning\/img_3360\/\" rel=\"attachment wp-att-6538\"><img loading=\"lazy\" decoding=\"async\" class=\"alignnone size-large wp-image-6538\" title=\"IMG_3360\" src=\"http:\/\/www.imakeyousmile.se\/wp-content\/uploads\/2013\/07\/IMG_3360-1024x638.jpg\" alt=\"\" width=\"980\" height=\"610\" srcset=\"https:\/\/www.imakeyousmile.se\/wp-content\/uploads\/2013\/07\/IMG_3360-1024x638.jpg 1024w, https:\/\/www.imakeyousmile.se\/wp-content\/uploads\/2013\/07\/IMG_3360-300x187.jpg 300w, https:\/\/www.imakeyousmile.se\/wp-content\/uploads\/2013\/07\/IMG_3360-940x586.jpg 940w, https:\/\/www.imakeyousmile.se\/wp-content\/uploads\/2013\/07\/IMG_3360-620x386.jpg 620w\" sizes=\"(max-width: 980px) 100vw, 980px\" \/><\/a><\/p>\n<p>&nbsp;<\/p>\n<p><a href=\"http:\/\/www.imakeyousmile.se\/en\/kall-naturlig-sminkning\/kall-naturlig-sminkning\/\" rel=\"attachment wp-att-6540\"><img loading=\"lazy\" decoding=\"async\" class=\"alignnone size-full wp-image-6540\" title=\"cold natural makeup\" src=\"http:\/\/www.imakeyousmile.se\/wp-content\/uploads\/2013\/07\/kall-naturlig-sminkning.jpg\" alt=\"\" width=\"730\" height=\"1054\" srcset=\"https:\/\/www.imakeyousmile.se\/wp-content\/uploads\/2013\/07\/kall-naturlig-sminkning.jpg 730w, https:\/\/www.imakeyousmile.se\/wp-content\/uploads\/2013\/07\/kall-naturlig-sminkning-207x300.jpg 207w, https:\/\/www.imakeyousmile.se\/wp-content\/uploads\/2013\/07\/kall-naturlig-sminkning-709x1024.jpg 709w, https:\/\/www.imakeyousmile.se\/wp-content\/uploads\/2013\/07\/kall-naturlig-sminkning-620x895.jpg 620w\" sizes=\"(max-width: 730px) 100vw, 730px\" \/><\/a><\/p>\n<p>All eye shadows are from <a href=\"https:\/\/ion.lyko.com\/t\/t?a=1117786221&#038;as=1548102449&#038;t=2&#038;tk=1&#038;epi=search-replace-paletter&#038;url=https:\/\/lyko.com\/sv\/smink\/paletter\" target=\"_blank\">iMys 252 Palette<\/a>.<\/p>\n<p>1. <strong><span style=\"color: #c0c0c0;\">Light gray eye shadow<\/span><\/strong> on the eyelid, in the corner of the eye and at the bottom of the lower lash line.<br \/>\n2. <strong><span style=\"color: #808080;\">Gray eye shadow<\/span><\/strong> at the end of the eyelid and the lower lash line.<br \/>\n3. Blur the edges.<br \/>\n4. <strong><span style=\"color: #c0c0c0;\">White eyeliner<\/span><\/strong> along the waterline, <a href=\"https:\/\/ion.lyko.com\/t\/t?a=1117786221&#038;as=1548102449&#038;t=2&#038;tk=1&#038;epi=search-replace-isadorainliner&#038;url=https:\/\/lyko.com\/sv\/isadora\/isadora-inliner-kajal-56-blonde\" target=\"_blank\">IsaDora Inliner Kajal (50 Satin White)<br \/>\n<\/a>Gray eyeliner along the upper and lower lash line, <a href=\"https:\/\/ion.lyko.com\/t\/t?a=1117786221&#038;as=1548102449&#038;t=2&#038;tk=1&#038;epi=search-replace-kajaleyeliner&#038;url=https:\/\/lyko.com\/sv\/sok?q=kajal+eyeliner\" target=\"_blank\">Pure Minerals Eye Pencil (Deep Graphite)<\/a><br \/>\n5. <strong><span style=\"color: #000080;\">Navy blue mascara<\/span><\/strong> on all lashes, <a href=\"https:\/\/ion.lyko.com\/t\/t?a=1117786221&#038;as=1548102449&#038;t=2&#038;tk=1&#038;epi=search-replace-mascara&#038;url=https:\/\/lyko.com\/sv\/smink\/ogon\/mascaraml-Midnight-Blue-s7691\/\" target=\"_blank\">Elizabeth Arden Mascara (Midnight Blue)<\/a><\/p>\n<p><a href=\"http:\/\/www.imakeyousmile.se\/en\/kall-naturlig-sminkning\/img_3363\/\" rel=\"attachment wp-att-6539\"><img loading=\"lazy\" decoding=\"async\" class=\"alignnone size-large wp-image-6539\" title=\"IMG_3363\" src=\"http:\/\/www.imakeyousmile.se\/wp-content\/uploads\/2013\/07\/IMG_3363-848x1024.jpg\" alt=\"\" width=\"848\" height=\"1024\" srcset=\"https:\/\/www.imakeyousmile.se\/wp-content\/uploads\/2013\/07\/IMG_3363-848x1024.jpg 848w, https:\/\/www.imakeyousmile.se\/wp-content\/uploads\/2013\/07\/IMG_3363-248x300.jpg 248w, https:\/\/www.imakeyousmile.se\/wp-content\/uploads\/2013\/07\/IMG_3363-940x1135.jpg 940w, https:\/\/www.imakeyousmile.se\/wp-content\/uploads\/2013\/07\/IMG_3363-620x748.jpg 620w\" sizes=\"(max-width: 848px) 100vw, 848px\" \/><\/a><\/p>\n<p>Lip-gloss, <a href=\"https:\/\/ion.lyko.com\/t\/t?a=1117786221&#038;as=1548102449&#038;t=2&#038;tk=1&#038;epi=search-replace-lumene&#038;url=https:\/\/lyko.com\/sv\/lumene\" target=\"_blank\">Lumene Raspberry Miracle Lip Sorbet (13 Blooming Meadow)<\/a><\/p>\n<p>&nbsp;<\/p>\n<p><strong>\u00a0Have a nice Tuesday!<\/strong><\/p>","protected":false},"excerpt":{"rendered":"<p>H\u00e4r kommer en ganska naturlig och kall sminkning, som passar alla tillf\u00e4llen. Dessutom \u00e4r det en bra look om man vill framh\u00e4va sina bruna \u00f6gon, d\u00e5 kalla nyanser framh\u00e4ver en varm, brun \u00f6gonf\u00e4rg. &nbsp; Alla \u00f6gonskuggor \u00e4r fr\u00e5n iMys 252 Palett. 1. Ljusgr\u00e5 \u00f6gonskugga p\u00e5 \u00f6gonlocket, i \u00f6gonvr\u00e5n och innerst p\u00e5 undre fransraden. 2. Gr\u00e5 [&hellip;]<\/p>\n","protected":false},"author":30,"featured_media":6538,"comment_status":"open","ping_status":"closed","sticky":false,"template":"","format":"standard","meta":{"footnotes":""},"categories":[2623],"tags":[378,829,828],"class_list":["post-6537","post","type-post","status-publish","format-standard","has-post-thumbnail","hentry","category-sminkningar","tag-kall-sminkning","tag-naturlig-kall-sminkning","tag-naturlig-sminkning-bruna-ogon"],"yoast_head":"<!-- This site is optimized with the Yoast SEO Premium plugin v14.9 - https:\/\/yoast.com\/wordpress\/plugins\/seo\/ -->\n<meta name=\"description\" content=\"Kall, naturlig sminkning | Helena Amiley - H\u00e4r hittar du senaste infromation om sk\u00f6nhet, livsstil, entrepren\u00f6rskap, makeup &amp; tips.\" \/>\n<meta name=\"robots\" content=\"index, follow, max-snippet:-1, max-image-preview:large, max-video-preview:-1\" \/>\n<link rel=\"canonical\" href=\"https:\/\/www.imakeyousmile.se\/en\/kall-naturlig-sminkning\/\" \/>\n<meta property=\"og:locale\" content=\"en_US\" \/>\n<meta property=\"og:type\" content=\"article\" \/>\n<meta property=\"og:title\" content=\"Kall, naturlig sminkning | Imakeyousmile.se\" \/>\n<meta property=\"og:description\" content=\"Kall, naturlig sminkning | Helena Amiley - H\u00e4r hittar du senaste infromation om sk\u00f6nhet, livsstil, entrepren\u00f6rskap, makeup &amp; tips.\" \/>\n<meta property=\"og:url\" content=\"https:\/\/www.imakeyousmile.se\/en\/kall-naturlig-sminkning\/\" \/>\n<meta property=\"og:site_name\" content=\"Imakeyousmile.se\" \/>\n<meta property=\"article:author\" content=\"https:\/\/www.facebook.com\/imakeyousmile.se\" \/>\n<meta property=\"article:published_time\" content=\"2013-07-02T08:25:25+00:00\" \/>\n<meta property=\"article:modified_time\" content=\"2015-04-19T08:22:34+00:00\" \/>\n<meta property=\"og:image\" content=\"https:\/\/www.imakeyousmile.se\/wp-content\/uploads\/2013\/07\/IMG_3360.jpg\" \/>\n\t<meta property=\"og:image:width\" content=\"3588\" \/>\n\t<meta property=\"og:image:height\" content=\"2238\" \/>\n<meta name=\"twitter:card\" content=\"summary_large_image\" \/>\n<script type=\"application\/ld+json\" class=\"yoast-schema-graph\">{\"@context\":\"https:\/\/schema.org\",\"@graph\":[{\"@type\":\"Organization\",\"@id\":\"https:\/\/www.imakeyousmile.se\/en\/#organization\",\"name\":\"Imakeyousmile\",\"url\":\"https:\/\/www.imakeyousmile.se\/en\/\",\"sameAs\":[],\"logo\":{\"@type\":\"ImageObject\",\"@id\":\"https:\/\/www.imakeyousmile.se\/en\/#logo\",\"inLanguage\":\"en-US\",\"url\":\"https:\/\/www.imakeyousmile.se\/wp-content\/uploads\/2020\/10\/HELENA-AMILEY_SVART-1-e1603367975324.png\",\"width\":280,\"height\":93,\"caption\":\"Imakeyousmile\"},\"image\":{\"@id\":\"https:\/\/www.imakeyousmile.se\/en\/#logo\"}},{\"@type\":\"WebSite\",\"@id\":\"https:\/\/www.imakeyousmile.se\/en\/#website\",\"url\":\"https:\/\/www.imakeyousmile.se\/en\/\",\"name\":\"Imakeyousmile.se\",\"description\":\"Helena Amiley - Beauty, Entrepreneur, Lifestyle\",\"publisher\":{\"@id\":\"https:\/\/www.imakeyousmile.se\/en\/#organization\"},\"potentialAction\":[{\"@type\":\"SearchAction\",\"target\":\"https:\/\/www.imakeyousmile.se\/en\/?s={search_term_string}\",\"query-input\":\"required name=search_term_string\"}],\"inLanguage\":\"en-US\"},{\"@type\":\"ImageObject\",\"@id\":\"https:\/\/www.imakeyousmile.se\/kall-naturlig-sminkning\/#primaryimage\",\"inLanguage\":\"en-US\",\"url\":\"https:\/\/www.imakeyousmile.se\/wp-content\/uploads\/2013\/07\/IMG_3360.jpg\",\"width\":\"3588\",\"height\":\"2238\"},{\"@type\":\"WebPage\",\"@id\":\"https:\/\/www.imakeyousmile.se\/kall-naturlig-sminkning\/#webpage\",\"url\":\"https:\/\/www.imakeyousmile.se\/kall-naturlig-sminkning\/\",\"name\":\"Kall, naturlig sminkning | Imakeyousmile.se\",\"isPartOf\":{\"@id\":\"https:\/\/www.imakeyousmile.se\/en\/#website\"},\"primaryImageOfPage\":{\"@id\":\"https:\/\/www.imakeyousmile.se\/kall-naturlig-sminkning\/#primaryimage\"},\"datePublished\":\"2013-07-02T08:25:25+00:00\",\"dateModified\":\"2015-04-19T08:22:34+00:00\",\"description\":\"Kall, naturlig sminkning | Helena Amiley - H\\u00e4r hittar du senaste infromation om sk\\u00f6nhet, livsstil, entrepren\\u00f6rskap, makeup & tips.\",\"inLanguage\":\"en-US\",\"potentialAction\":[{\"@type\":\"ReadAction\",\"target\":[\"https:\/\/www.imakeyousmile.se\/kall-naturlig-sminkning\/\"]}]},{\"@type\":\"Article\",\"@id\":\"https:\/\/www.imakeyousmile.se\/kall-naturlig-sminkning\/#article\",\"isPartOf\":{\"@id\":\"https:\/\/www.imakeyousmile.se\/kall-naturlig-sminkning\/#webpage\"},\"author\":{\"@id\":\"https:\/\/www.imakeyousmile.se\/en\/#\/schema\/person\/b0fd43b1c6bb1c60cfd68bff9b4a10fb\"},\"headline\":\"Kall, naturlig sminkning\",\"datePublished\":\"2013-07-02T08:25:25+00:00\",\"dateModified\":\"2015-04-19T08:22:34+00:00\",\"mainEntityOfPage\":{\"@id\":\"https:\/\/www.imakeyousmile.se\/kall-naturlig-sminkning\/#webpage\"},\"commentCount\":0,\"publisher\":{\"@id\":\"https:\/\/www.imakeyousmile.se\/en\/#organization\"},\"image\":{\"@id\":\"https:\/\/www.imakeyousmile.se\/kall-naturlig-sminkning\/#primaryimage\"},\"keywords\":\"Kall sminkning,naturlig kall sminkning,naturlig sminkning bruna \\u00f6gon\",\"articleSection\":\"Sminkningar\",\"inLanguage\":\"en-US\",\"potentialAction\":[{\"@type\":\"CommentAction\",\"name\":\"Comment\",\"target\":[\"https:\/\/www.imakeyousmile.se\/kall-naturlig-sminkning\/#respond\"]}]},{\"@type\":\"Person\",\"@id\":\"https:\/\/www.imakeyousmile.se\/en\/#\/schema\/person\/b0fd43b1c6bb1c60cfd68bff9b4a10fb\",\"name\":\"Helena Amiley\",\"image\":{\"@type\":\"ImageObject\",\"@id\":\"https:\/\/www.imakeyousmile.se\/en\/#personlogo\",\"inLanguage\":\"en-US\",\"url\":\"https:\/\/secure.gravatar.com\/avatar\/5645558e1e355457a23368d7e1b4c904?s=96&d=mm&r=g\",\"caption\":\"Helena Amiley\"},\"description\":\"Jag skriver mest om sk\\u00f6nhet men bjuder \\u00e4ven p\\u00e5 glimtar fr\\u00e5n entrepren\\u00f6rlivet och bygget av v\\u00e5r egen camper van. Vanlife here we come!\",\"sameAs\":[\"https:\/\/www.facebook.com\/imakeyousmile.se\",\"https:\/\/www.instagram.com\/helenaamiley\",\"https:\/\/www.youtube.com\/channel\/UCR5iB6rvpV6Yr8ZjpQfr5mg?view_as=subscriber\"]}]}<\/script>\n<!-- \/ Yoast SEO Premium plugin. -->","_links":{"self":[{"href":"https:\/\/www.imakeyousmile.se\/en\/wp-json\/wp\/v2\/posts\/6537"}],"collection":[{"href":"https:\/\/www.imakeyousmile.se\/en\/wp-json\/wp\/v2\/posts"}],"about":[{"href":"https:\/\/www.imakeyousmile.se\/en\/wp-json\/wp\/v2\/types\/post"}],"author":[{"embeddable":true,"href":"https:\/\/www.imakeyousmile.se\/en\/wp-json\/wp\/v2\/users\/30"}],"replies":[{"embeddable":true,"href":"https:\/\/www.imakeyousmile.se\/en\/wp-json\/wp\/v2\/comments?post=6537"}],"version-history":[{"count":1,"href":"https:\/\/www.imakeyousmile.se\/en\/wp-json\/wp\/v2\/posts\/6537\/revisions"}],"predecessor-version":[{"id":19300,"href":"https:\/\/www.imakeyousmile.se\/en\/wp-json\/wp\/v2\/posts\/6537\/revisions\/19300"}],"wp:featuredmedia":[{"embeddable":true,"href":"https:\/\/www.imakeyousmile.se\/en\/wp-json\/wp\/v2\/media\/6538"}],"wp:attachment":[{"href":"https:\/\/www.imakeyousmile.se\/en\/wp-json\/wp\/v2\/media?parent=6537"}],"wp:term":[{"taxonomy":"category","embeddable":true,"href":"https:\/\/www.imakeyousmile.se\/en\/wp-json\/wp\/v2\/categories?post=6537"},{"taxonomy":"post_tag","embeddable":true,"href":"https:\/\/www.imakeyousmile.se\/en\/wp-json\/wp\/v2\/tags?post=6537"}],"curies":[{"name":"wp","href":"https:\/\/api.w.org\/{rel}","templated":true}]}}