{"id":7006,"date":"2013-07-30T12:11:18","date_gmt":"2013-07-30T10:11:18","guid":{"rendered":"http:\/\/www.imakeyousmile.se\/?p=7006"},"modified":"2013-07-30T12:11:20","modified_gmt":"2013-07-30T10:11:20","slug":"lumene-cc-cream-2","status":"publish","type":"post","link":"https:\/\/www.imakeyousmile.se\/en\/lumene-cc-cream-2\/","title":{"rendered":"Lumene CC-Cream"},"content":{"rendered":"<p><a href=\"https:\/\/ion.lyko.com\/t\/t?a=1117786221&#038;as=1548102449&#038;t=2&#038;tk=1&#038;epi=search-replace-ccream&#038;url=https:\/\/lyko.com\/sv\/smink\/ansikte\/bbccdd-cream?fromsearch=cc%20cream#product-info-read-more\" target=\"_blank\">Lumenes CC-Cream<\/a> (<em>Color Correcting Cream<\/em>) is a wonderful product that I have written about before, but think it is worth mentioning again as I really like it!<\/p>\n<p>I, who am &quot;dependent&quot; on good coverage, actually think that this one covers perfectly while at the same time it is very light on the skin.<\/p>\n<p>In addition to good coverage, it contains a sun protection factor of 20, lasts well all day and gives a very nice glow to the skin.<\/p>\n<p>Now I have become so brown that I actually use the darkest shade!<\/p>\n<p><a href=\"http:\/\/www.imakeyousmile.se\/en\/lumene-cc-cream-2\/img_6146-2\/\" rel=\"attachment wp-att-7007\"><img loading=\"lazy\" decoding=\"async\" class=\"alignnone size-large wp-image-7007\" title=\"IMG_6146\" src=\"http:\/\/www.imakeyousmile.se\/wp-content\/uploads\/2013\/07\/IMG_6146-800x1024.jpg\" alt=\"\" width=\"800\" height=\"1024\" srcset=\"https:\/\/www.imakeyousmile.se\/wp-content\/uploads\/2013\/07\/IMG_6146-800x1024.jpg 800w, https:\/\/www.imakeyousmile.se\/wp-content\/uploads\/2013\/07\/IMG_6146-234x300.jpg 234w, https:\/\/www.imakeyousmile.se\/wp-content\/uploads\/2013\/07\/IMG_6146-940x1203.jpg 940w, https:\/\/www.imakeyousmile.se\/wp-content\/uploads\/2013\/07\/IMG_6146-620x793.jpg 620w, https:\/\/www.imakeyousmile.se\/wp-content\/uploads\/2013\/07\/IMG_6146.jpg 2000w\" sizes=\"(max-width: 800px) 100vw, 800px\" \/><\/a><\/p>\n<p><em>Have only CC-Creamen on the face, no concealer or similar.<\/em><br \/>\n<em>Then I applied transparent reading powder over, to get a more matte result!\u00a0<\/em><\/p>\n<p>&nbsp;<\/p>\n<p><strong>Really recommend this one, SEK 139 at Kicks!<\/strong><\/p>","protected":false},"excerpt":{"rendered":"<p>Lumenes CC-Cream (Color Correcting Cream) \u00e4r en underbar produkt som jag har skrivit om tidigare, men tycker att den \u00e4r v\u00e4rd att n\u00e4mna igen d\u00e5 jag verkligen gillar den! Jag som \u00e4r &#8221;beroende&#8221; av bra t\u00e4ckning, tycker faktiskt att den h\u00e4r t\u00e4cker alldeles perfekt samtidigt som den \u00e4r v\u00e4ldigt l\u00e4tt p\u00e5 huden. F\u00f6rutom bra t\u00e4ckning [&hellip;]<\/p>\n","protected":false},"author":30,"featured_media":0,"comment_status":"open","ping_status":"closed","sticky":false,"template":"","format":"standard","meta":{"footnotes":""},"categories":[24,59],"tags":[516,907,906,905],"class_list":["post-7006","post","type-post","status-publish","format-standard","hentry","category-grundsmink","category-recensioner-produkttips","tag-cc-cream","tag-foundation-med-solskyddsfaktor","tag-latt-foundation","tag-lumene-volor-correcting-cream"],"yoast_head":"<!-- This site is optimized with the Yoast SEO Premium plugin v14.9 - https:\/\/yoast.com\/wordpress\/plugins\/seo\/ -->\n<meta name=\"description\" content=\"Lumene CC-Cream | Helena Amiley - H\u00e4r hittar du senaste infromation om sk\u00f6nhet, livsstil, entrepren\u00f6rskap, makeup &amp; tips.\" \/>\n<meta name=\"robots\" content=\"index, follow, max-snippet:-1, max-image-preview:large, max-video-preview:-1\" \/>\n<link rel=\"canonical\" href=\"https:\/\/www.imakeyousmile.se\/en\/lumene-cc-cream-2\/\" \/>\n<meta property=\"og:locale\" content=\"en_US\" \/>\n<meta property=\"og:type\" content=\"article\" \/>\n<meta property=\"og:title\" content=\"Lumene CC-Cream | Imakeyousmile.se\" \/>\n<meta property=\"og:description\" content=\"Lumene CC-Cream | Helena Amiley - H\u00e4r hittar du senaste infromation om sk\u00f6nhet, livsstil, entrepren\u00f6rskap, makeup &amp; tips.\" \/>\n<meta property=\"og:url\" content=\"https:\/\/www.imakeyousmile.se\/en\/lumene-cc-cream-2\/\" \/>\n<meta property=\"og:site_name\" content=\"Imakeyousmile.se\" \/>\n<meta property=\"article:author\" content=\"https:\/\/www.facebook.com\/imakeyousmile.se\" \/>\n<meta property=\"article:published_time\" content=\"2013-07-30T10:11:18+00:00\" \/>\n<meta property=\"article:modified_time\" content=\"2013-07-30T10:11:20+00:00\" \/>\n<meta property=\"og:image\" content=\"http:\/\/www.imakeyousmile.se\/wp-content\/uploads\/2013\/07\/IMG_6146-800x1024.jpg\" \/>\n<meta name=\"twitter:card\" content=\"summary_large_image\" \/>\n<script type=\"application\/ld+json\" class=\"yoast-schema-graph\">{\"@context\":\"https:\/\/schema.org\",\"@graph\":[{\"@type\":\"Organization\",\"@id\":\"https:\/\/www.imakeyousmile.se\/en\/#organization\",\"name\":\"Imakeyousmile\",\"url\":\"https:\/\/www.imakeyousmile.se\/en\/\",\"sameAs\":[],\"logo\":{\"@type\":\"ImageObject\",\"@id\":\"https:\/\/www.imakeyousmile.se\/en\/#logo\",\"inLanguage\":\"en-US\",\"url\":\"https:\/\/www.imakeyousmile.se\/wp-content\/uploads\/2020\/10\/HELENA-AMILEY_SVART-1-e1603367975324.png\",\"width\":280,\"height\":93,\"caption\":\"Imakeyousmile\"},\"image\":{\"@id\":\"https:\/\/www.imakeyousmile.se\/en\/#logo\"}},{\"@type\":\"WebSite\",\"@id\":\"https:\/\/www.imakeyousmile.se\/en\/#website\",\"url\":\"https:\/\/www.imakeyousmile.se\/en\/\",\"name\":\"Imakeyousmile.se\",\"description\":\"Helena Amiley - Beauty, Entrepreneur, Lifestyle\",\"publisher\":{\"@id\":\"https:\/\/www.imakeyousmile.se\/en\/#organization\"},\"potentialAction\":[{\"@type\":\"SearchAction\",\"target\":\"https:\/\/www.imakeyousmile.se\/en\/?s={search_term_string}\",\"query-input\":\"required name=search_term_string\"}],\"inLanguage\":\"en-US\"},{\"@type\":\"ImageObject\",\"@id\":\"https:\/\/www.imakeyousmile.se\/lumene-cc-cream-2\/#primaryimage\",\"inLanguage\":\"en-US\",\"url\":\"http:\/\/www.imakeyousmile.se\/wp-content\/uploads\/2013\/07\/IMG_6146-800x1024.jpg\"},{\"@type\":\"WebPage\",\"@id\":\"https:\/\/www.imakeyousmile.se\/lumene-cc-cream-2\/#webpage\",\"url\":\"https:\/\/www.imakeyousmile.se\/lumene-cc-cream-2\/\",\"name\":\"Lumene CC-Cream | Imakeyousmile.se\",\"isPartOf\":{\"@id\":\"https:\/\/www.imakeyousmile.se\/en\/#website\"},\"primaryImageOfPage\":{\"@id\":\"https:\/\/www.imakeyousmile.se\/lumene-cc-cream-2\/#primaryimage\"},\"datePublished\":\"2013-07-30T10:11:18+00:00\",\"dateModified\":\"2013-07-30T10:11:20+00:00\",\"description\":\"Lumene CC-Cream | Helena Amiley - H\\u00e4r hittar du senaste infromation om sk\\u00f6nhet, livsstil, entrepren\\u00f6rskap, makeup & tips.\",\"inLanguage\":\"en-US\",\"potentialAction\":[{\"@type\":\"ReadAction\",\"target\":[\"https:\/\/www.imakeyousmile.se\/lumene-cc-cream-2\/\"]}]},{\"@type\":\"Article\",\"@id\":\"https:\/\/www.imakeyousmile.se\/lumene-cc-cream-2\/#article\",\"isPartOf\":{\"@id\":\"https:\/\/www.imakeyousmile.se\/lumene-cc-cream-2\/#webpage\"},\"author\":{\"@id\":\"https:\/\/www.imakeyousmile.se\/en\/#\/schema\/person\/b0fd43b1c6bb1c60cfd68bff9b4a10fb\"},\"headline\":\"Lumene CC-Cream\",\"datePublished\":\"2013-07-30T10:11:18+00:00\",\"dateModified\":\"2013-07-30T10:11:20+00:00\",\"mainEntityOfPage\":{\"@id\":\"https:\/\/www.imakeyousmile.se\/lumene-cc-cream-2\/#webpage\"},\"commentCount\":0,\"publisher\":{\"@id\":\"https:\/\/www.imakeyousmile.se\/en\/#organization\"},\"image\":{\"@id\":\"https:\/\/www.imakeyousmile.se\/lumene-cc-cream-2\/#primaryimage\"},\"keywords\":\"cc cream,foundation med solskyddsfaktor,l\\u00e4tt foundation,lumene volor correcting cream\",\"articleSection\":\"Bassmink,Recensioner &amp; Produkttips\",\"inLanguage\":\"en-US\",\"potentialAction\":[{\"@type\":\"CommentAction\",\"name\":\"Comment\",\"target\":[\"https:\/\/www.imakeyousmile.se\/lumene-cc-cream-2\/#respond\"]}]},{\"@type\":\"Person\",\"@id\":\"https:\/\/www.imakeyousmile.se\/en\/#\/schema\/person\/b0fd43b1c6bb1c60cfd68bff9b4a10fb\",\"name\":\"Helena Amiley\",\"image\":{\"@type\":\"ImageObject\",\"@id\":\"https:\/\/www.imakeyousmile.se\/en\/#personlogo\",\"inLanguage\":\"en-US\",\"url\":\"https:\/\/secure.gravatar.com\/avatar\/5645558e1e355457a23368d7e1b4c904?s=96&d=mm&r=g\",\"caption\":\"Helena Amiley\"},\"description\":\"Jag skriver mest om sk\\u00f6nhet men bjuder \\u00e4ven p\\u00e5 glimtar fr\\u00e5n entrepren\\u00f6rlivet och bygget av v\\u00e5r egen camper van. Vanlife here we come!\",\"sameAs\":[\"https:\/\/www.facebook.com\/imakeyousmile.se\",\"https:\/\/www.instagram.com\/helenaamiley\",\"https:\/\/www.youtube.com\/channel\/UCR5iB6rvpV6Yr8ZjpQfr5mg?view_as=subscriber\"]}]}<\/script>\n<!-- \/ Yoast SEO Premium plugin. -->","_links":{"self":[{"href":"https:\/\/www.imakeyousmile.se\/en\/wp-json\/wp\/v2\/posts\/7006"}],"collection":[{"href":"https:\/\/www.imakeyousmile.se\/en\/wp-json\/wp\/v2\/posts"}],"about":[{"href":"https:\/\/www.imakeyousmile.se\/en\/wp-json\/wp\/v2\/types\/post"}],"author":[{"embeddable":true,"href":"https:\/\/www.imakeyousmile.se\/en\/wp-json\/wp\/v2\/users\/30"}],"replies":[{"embeddable":true,"href":"https:\/\/www.imakeyousmile.se\/en\/wp-json\/wp\/v2\/comments?post=7006"}],"version-history":[{"count":0,"href":"https:\/\/www.imakeyousmile.se\/en\/wp-json\/wp\/v2\/posts\/7006\/revisions"}],"wp:attachment":[{"href":"https:\/\/www.imakeyousmile.se\/en\/wp-json\/wp\/v2\/media?parent=7006"}],"wp:term":[{"taxonomy":"category","embeddable":true,"href":"https:\/\/www.imakeyousmile.se\/en\/wp-json\/wp\/v2\/categories?post=7006"},{"taxonomy":"post_tag","embeddable":true,"href":"https:\/\/www.imakeyousmile.se\/en\/wp-json\/wp\/v2\/tags?post=7006"}],"curies":[{"name":"wp","href":"https:\/\/api.w.org\/{rel}","templated":true}]}}