{"id":7063,"date":"2013-08-03T10:45:04","date_gmt":"2013-08-03T08:45:04","guid":{"rendered":"http:\/\/www.imakeyousmile.se\/?p=7063"},"modified":"2014-08-11T21:19:52","modified_gmt":"2014-08-11T19:19:52","slug":"smokey-eyes-som-framhaver-din-ogonfarg","status":"publish","type":"post","link":"https:\/\/www.imakeyousmile.se\/en\/smokey-eyes-that-highlight-your-eye-color\/","title":{"rendered":"Smokey Eyes - which emphasizes your eye color"},"content":{"rendered":"<p>Yesterday I made up Frida before it was time for party night.<\/p>\n<p>She wanted a black sweep, and so I also put in a little purple to highlight her green eyes. It was shitty!<\/p>\n<p>Applying such a color click with a complementary color is very effective on a party make-up, and also easy to do.<\/p>\n<p>Have you <strong><span style=\"color: #33cccc;\">blue eyes<\/span><\/strong>, mix in a little golden.<br \/>\nHave you <strong><span style=\"color: #339966;\">green eyes<\/span><\/strong>, mix in a little purple \/ lilac pink.<br \/>\nAnd have you <strong><span style=\"color: #993300;\">Brown eyes<\/span><\/strong> so mix in a little blue!<\/p>\n<p>&nbsp;<\/p>\n<p><a style=\"font-size: 13px; line-height: 19px;\" href=\"http:\/\/www.imakeyousmile.se\/en\/smokey-eyes-som-framhaver-din-ogonfarg\/img_6775-kopia\/\" rel=\"attachment wp-att-7064\"><img loading=\"lazy\" decoding=\"async\" class=\"alignnone size-large wp-image-7064\" title=\"IMG_6775 - copy\" src=\"http:\/\/www.imakeyousmile.se\/wp-content\/uploads\/2013\/08\/IMG_6775-kopia-1024x1002.jpg\" alt=\"\" width=\"980\" height=\"958\" srcset=\"https:\/\/www.imakeyousmile.se\/wp-content\/uploads\/2013\/08\/IMG_6775-kopia-1024x1002.jpg 1024w, https:\/\/www.imakeyousmile.se\/wp-content\/uploads\/2013\/08\/IMG_6775-kopia-300x293.jpg 300w, https:\/\/www.imakeyousmile.se\/wp-content\/uploads\/2013\/08\/IMG_6775-kopia-940x920.jpg 940w, https:\/\/www.imakeyousmile.se\/wp-content\/uploads\/2013\/08\/IMG_6775-kopia-620x607.jpg 620w\" sizes=\"(max-width: 980px) 100vw, 980px\" \/><\/a><\/p>\n<p><a style=\"font-size: 13px; line-height: 19px;\" href=\"http:\/\/www.imakeyousmile.se\/en\/smokey-eyes-som-framhaver-din-ogonfarg\/img_6807\/\" rel=\"attachment wp-att-7065\"><img loading=\"lazy\" decoding=\"async\" class=\"alignnone size-large wp-image-7065\" title=\"smokey eyes green eyes\" src=\"http:\/\/www.imakeyousmile.se\/wp-content\/uploads\/2013\/08\/IMG_6807-673x1024.jpg\" alt=\"\" width=\"673\" height=\"1024\" srcset=\"https:\/\/www.imakeyousmile.se\/wp-content\/uploads\/2013\/08\/IMG_6807-673x1024.jpg 673w, https:\/\/www.imakeyousmile.se\/wp-content\/uploads\/2013\/08\/IMG_6807-197x300.jpg 197w, https:\/\/www.imakeyousmile.se\/wp-content\/uploads\/2013\/08\/IMG_6807-940x1430.jpg 940w, https:\/\/www.imakeyousmile.se\/wp-content\/uploads\/2013\/08\/IMG_6807-620x943.jpg 620w, https:\/\/www.imakeyousmile.se\/wp-content\/uploads\/2013\/08\/IMG_6807.jpg 1683w\" sizes=\"(max-width: 673px) 100vw, 673px\" \/><\/a><\/p>\n<p>Surely her beautiful green eyes are very visible in this make-up? :)<\/p>","protected":false},"excerpt":{"rendered":"<p>Ig\u00e5r sminkade jag Frida innan det var dags f\u00f6r partykv\u00e4ll. Hon ville ha en svart sotning, och s\u00e5 la jag \u00e4ven i lite lila f\u00f6r att framh\u00e4va hennes gr\u00f6na \u00f6gon. Det blev skitsnyggt! Att l\u00e4gga en s\u00e5dan f\u00e4rgklick med en komplementf\u00e4rg \u00e4r v\u00e4ldigt effektfullt p\u00e5 en festsminkning, och \u00e4ven l\u00e4tt att g\u00f6ra. Har du bl\u00e5 [&hellip;]<\/p>\n","protected":false},"author":30,"featured_media":7064,"comment_status":"open","ping_status":"closed","sticky":false,"template":"","format":"standard","meta":{"footnotes":""},"categories":[9],"tags":[341,498,430,912],"class_list":["post-7063","post","type-post","status-publish","format-standard","has-post-thumbnail","hentry","category-partysminkningar","tag-framhav-grona-ogon","tag-smokey-eyes","tag-sotning","tag-sotning-som-framhaver-ogonfargen"],"yoast_head":"<!-- This site is optimized with the Yoast SEO Premium plugin v14.9 - https:\/\/yoast.com\/wordpress\/plugins\/seo\/ -->\n<meta name=\"description\" content=\"Smokey Eyes - som framh\u00e4ver din \u00f6gonf\u00e4rg | Helena Amiley - H\u00e4r hittar du senaste infromation om sk\u00f6nhet, livsstil, entrepren\u00f6rskap, makeup &amp; tips.\" \/>\n<meta name=\"robots\" content=\"index, follow, max-snippet:-1, max-image-preview:large, max-video-preview:-1\" \/>\n<link rel=\"canonical\" href=\"https:\/\/www.imakeyousmile.se\/en\/smokey-eyes-som-framhaver-din-ogonfarg\/\" \/>\n<meta property=\"og:locale\" content=\"en_US\" \/>\n<meta property=\"og:type\" content=\"article\" \/>\n<meta property=\"og:title\" content=\"Smokey Eyes - som framh\u00e4ver din \u00f6gonf\u00e4rg | Imakeyousmile.se\" \/>\n<meta property=\"og:description\" content=\"Smokey Eyes - som framh\u00e4ver din \u00f6gonf\u00e4rg | Helena Amiley - H\u00e4r hittar du senaste infromation om sk\u00f6nhet, livsstil, entrepren\u00f6rskap, makeup &amp; tips.\" \/>\n<meta property=\"og:url\" content=\"https:\/\/www.imakeyousmile.se\/en\/smokey-eyes-som-framhaver-din-ogonfarg\/\" \/>\n<meta property=\"og:site_name\" content=\"Imakeyousmile.se\" \/>\n<meta property=\"article:author\" content=\"https:\/\/www.facebook.com\/imakeyousmile.se\" \/>\n<meta property=\"article:published_time\" content=\"2013-08-03T08:45:04+00:00\" \/>\n<meta property=\"article:modified_time\" content=\"2014-08-11T19:19:52+00:00\" \/>\n<meta property=\"og:image\" content=\"https:\/\/www.imakeyousmile.se\/wp-content\/uploads\/2013\/08\/IMG_6775-kopia.jpg\" \/>\n\t<meta property=\"og:image:width\" content=\"2070\" \/>\n\t<meta property=\"og:image:height\" content=\"2027\" \/>\n<meta name=\"twitter:card\" content=\"summary_large_image\" \/>\n<script type=\"application\/ld+json\" class=\"yoast-schema-graph\">{\"@context\":\"https:\/\/schema.org\",\"@graph\":[{\"@type\":\"Organization\",\"@id\":\"https:\/\/www.imakeyousmile.se\/en\/#organization\",\"name\":\"Imakeyousmile\",\"url\":\"https:\/\/www.imakeyousmile.se\/en\/\",\"sameAs\":[],\"logo\":{\"@type\":\"ImageObject\",\"@id\":\"https:\/\/www.imakeyousmile.se\/en\/#logo\",\"inLanguage\":\"en-US\",\"url\":\"https:\/\/www.imakeyousmile.se\/wp-content\/uploads\/2020\/10\/HELENA-AMILEY_SVART-1-e1603367975324.png\",\"width\":280,\"height\":93,\"caption\":\"Imakeyousmile\"},\"image\":{\"@id\":\"https:\/\/www.imakeyousmile.se\/en\/#logo\"}},{\"@type\":\"WebSite\",\"@id\":\"https:\/\/www.imakeyousmile.se\/en\/#website\",\"url\":\"https:\/\/www.imakeyousmile.se\/en\/\",\"name\":\"Imakeyousmile.se\",\"description\":\"Helena Amiley - Beauty, Entrepreneur, Lifestyle\",\"publisher\":{\"@id\":\"https:\/\/www.imakeyousmile.se\/en\/#organization\"},\"potentialAction\":[{\"@type\":\"SearchAction\",\"target\":\"https:\/\/www.imakeyousmile.se\/en\/?s={search_term_string}\",\"query-input\":\"required name=search_term_string\"}],\"inLanguage\":\"en-US\"},{\"@type\":\"ImageObject\",\"@id\":\"https:\/\/www.imakeyousmile.se\/smokey-eyes-som-framhaver-din-ogonfarg\/#primaryimage\",\"inLanguage\":\"en-US\",\"url\":\"https:\/\/www.imakeyousmile.se\/wp-content\/uploads\/2013\/08\/IMG_6775-kopia.jpg\",\"width\":\"2070\",\"height\":\"2027\"},{\"@type\":\"WebPage\",\"@id\":\"https:\/\/www.imakeyousmile.se\/smokey-eyes-som-framhaver-din-ogonfarg\/#webpage\",\"url\":\"https:\/\/www.imakeyousmile.se\/smokey-eyes-som-framhaver-din-ogonfarg\/\",\"name\":\"Smokey Eyes - som framh\\u00e4ver din \\u00f6gonf\\u00e4rg | Imakeyousmile.se\",\"isPartOf\":{\"@id\":\"https:\/\/www.imakeyousmile.se\/en\/#website\"},\"primaryImageOfPage\":{\"@id\":\"https:\/\/www.imakeyousmile.se\/smokey-eyes-som-framhaver-din-ogonfarg\/#primaryimage\"},\"datePublished\":\"2013-08-03T08:45:04+00:00\",\"dateModified\":\"2014-08-11T19:19:52+00:00\",\"description\":\"Smokey Eyes - som framh\\u00e4ver din \\u00f6gonf\\u00e4rg | Helena Amiley - H\\u00e4r hittar du senaste infromation om sk\\u00f6nhet, livsstil, entrepren\\u00f6rskap, makeup & tips.\",\"inLanguage\":\"en-US\",\"potentialAction\":[{\"@type\":\"ReadAction\",\"target\":[\"https:\/\/www.imakeyousmile.se\/smokey-eyes-som-framhaver-din-ogonfarg\/\"]}]},{\"@type\":\"Article\",\"@id\":\"https:\/\/www.imakeyousmile.se\/smokey-eyes-som-framhaver-din-ogonfarg\/#article\",\"isPartOf\":{\"@id\":\"https:\/\/www.imakeyousmile.se\/smokey-eyes-som-framhaver-din-ogonfarg\/#webpage\"},\"author\":{\"@id\":\"https:\/\/www.imakeyousmile.se\/en\/#\/schema\/person\/b0fd43b1c6bb1c60cfd68bff9b4a10fb\"},\"headline\":\"Smokey Eyes &#8211; som framh\\u00e4ver din \\u00f6gonf\\u00e4rg\",\"datePublished\":\"2013-08-03T08:45:04+00:00\",\"dateModified\":\"2014-08-11T19:19:52+00:00\",\"mainEntityOfPage\":{\"@id\":\"https:\/\/www.imakeyousmile.se\/smokey-eyes-som-framhaver-din-ogonfarg\/#webpage\"},\"commentCount\":0,\"publisher\":{\"@id\":\"https:\/\/www.imakeyousmile.se\/en\/#organization\"},\"image\":{\"@id\":\"https:\/\/www.imakeyousmile.se\/smokey-eyes-som-framhaver-din-ogonfarg\/#primaryimage\"},\"keywords\":\"Framh\\u00e4v gr\\u00f6na \\u00f6gon,smokey eyes,Sotning,sotning som framh\\u00e4ver \\u00f6gonf\\u00e4rgen\",\"articleSection\":\"M\\u00f6rka \/ festliga sminkningar\",\"inLanguage\":\"en-US\",\"potentialAction\":[{\"@type\":\"CommentAction\",\"name\":\"Comment\",\"target\":[\"https:\/\/www.imakeyousmile.se\/smokey-eyes-som-framhaver-din-ogonfarg\/#respond\"]}]},{\"@type\":\"Person\",\"@id\":\"https:\/\/www.imakeyousmile.se\/en\/#\/schema\/person\/b0fd43b1c6bb1c60cfd68bff9b4a10fb\",\"name\":\"Helena Amiley\",\"image\":{\"@type\":\"ImageObject\",\"@id\":\"https:\/\/www.imakeyousmile.se\/en\/#personlogo\",\"inLanguage\":\"en-US\",\"url\":\"https:\/\/secure.gravatar.com\/avatar\/5645558e1e355457a23368d7e1b4c904?s=96&d=mm&r=g\",\"caption\":\"Helena Amiley\"},\"description\":\"Jag skriver mest om sk\\u00f6nhet men bjuder \\u00e4ven p\\u00e5 glimtar fr\\u00e5n entrepren\\u00f6rlivet och bygget av v\\u00e5r egen camper van. Vanlife here we come!\",\"sameAs\":[\"https:\/\/www.facebook.com\/imakeyousmile.se\",\"https:\/\/www.instagram.com\/helenaamiley\",\"https:\/\/www.youtube.com\/channel\/UCR5iB6rvpV6Yr8ZjpQfr5mg?view_as=subscriber\"]}]}<\/script>\n<!-- \/ Yoast SEO Premium plugin. -->","_links":{"self":[{"href":"https:\/\/www.imakeyousmile.se\/en\/wp-json\/wp\/v2\/posts\/7063"}],"collection":[{"href":"https:\/\/www.imakeyousmile.se\/en\/wp-json\/wp\/v2\/posts"}],"about":[{"href":"https:\/\/www.imakeyousmile.se\/en\/wp-json\/wp\/v2\/types\/post"}],"author":[{"embeddable":true,"href":"https:\/\/www.imakeyousmile.se\/en\/wp-json\/wp\/v2\/users\/30"}],"replies":[{"embeddable":true,"href":"https:\/\/www.imakeyousmile.se\/en\/wp-json\/wp\/v2\/comments?post=7063"}],"version-history":[{"count":0,"href":"https:\/\/www.imakeyousmile.se\/en\/wp-json\/wp\/v2\/posts\/7063\/revisions"}],"wp:featuredmedia":[{"embeddable":true,"href":"https:\/\/www.imakeyousmile.se\/en\/wp-json\/wp\/v2\/media\/7064"}],"wp:attachment":[{"href":"https:\/\/www.imakeyousmile.se\/en\/wp-json\/wp\/v2\/media?parent=7063"}],"wp:term":[{"taxonomy":"category","embeddable":true,"href":"https:\/\/www.imakeyousmile.se\/en\/wp-json\/wp\/v2\/categories?post=7063"},{"taxonomy":"post_tag","embeddable":true,"href":"https:\/\/www.imakeyousmile.se\/en\/wp-json\/wp\/v2\/tags?post=7063"}],"curies":[{"name":"wp","href":"https:\/\/api.w.org\/{rel}","templated":true}]}}