{"id":7323,"date":"2013-08-20T21:27:55","date_gmt":"2013-08-20T19:27:55","guid":{"rendered":"http:\/\/www.imakeyousmile.se\/?p=7323"},"modified":"2013-08-20T21:27:55","modified_gmt":"2013-08-20T19:27:55","slug":"storre-ogonbryn","status":"publish","type":"post","link":"https:\/\/www.imakeyousmile.se\/en\/larger-eyebrows\/","title":{"rendered":"Bigger eyebrows?"},"content":{"rendered":"<p>My eyebrows have become quite pale during the summer.<\/p>\n<p>Partly because it was almost a year since I tattooed them, and blonde eyebrows fade faster than dark ones. In addition, my straws have been sun-bleached, which of course also makes the whole eyebrows lighter.<\/p>\n<p>Anyway, it&#039;s soon time for a filling, and I&#039;m actually wondering if I should tattoo them a little wider!<\/p>\n<p>I think the eyebrows will be so much nicer if they get a little bigger, but I&#039;m not sure if I myself fit in it for my rather &quot;pretty&quot; face.<\/p>\n<p>It&#039;s so easy to see what others fit in well, I think, but when it comes to yourself, you easily become so heavenly self - blind.<\/p>\n<p>&nbsp;<\/p>\n<p>In the first two pictures I have filled in the eyebrows bigger, and in the last one only my eyebrow tattoo is visible.<\/p>\n<p><span style=\"color: #ffffff;\">&#8211;<\/span><br \/>\n<a href=\"http:\/\/www.imakeyousmile.se\/en\/storre-ogonbryn\/img_7426\/\" rel=\"attachment wp-att-7325\"><img loading=\"lazy\" decoding=\"async\" class=\"alignnone size-large wp-image-7325\" title=\"IMG_7426\" src=\"http:\/\/www.imakeyousmile.se\/wp-content\/uploads\/2013\/08\/IMG_7426-801x1024.jpg\" alt=\"\" width=\"801\" height=\"1024\" srcset=\"https:\/\/www.imakeyousmile.se\/wp-content\/uploads\/2013\/08\/IMG_7426-801x1024.jpg 801w, https:\/\/www.imakeyousmile.se\/wp-content\/uploads\/2013\/08\/IMG_7426-234x300.jpg 234w, https:\/\/www.imakeyousmile.se\/wp-content\/uploads\/2013\/08\/IMG_7426-940x1200.jpg 940w\" sizes=\"(max-width: 801px) 100vw, 801px\" \/><\/a><\/p>\n<p>Widely filled.<\/p>\n<p><a href=\"http:\/\/www.imakeyousmile.se\/en\/storre-ogonbryn\/img_7819-2\/\" rel=\"attachment wp-att-7330\"><img loading=\"lazy\" decoding=\"async\" class=\"alignnone size-large wp-image-7330\" title=\"IMG_7819\" src=\"http:\/\/www.imakeyousmile.se\/wp-content\/uploads\/2013\/08\/IMG_78191-736x1024.jpg\" alt=\"\" width=\"736\" height=\"1024\" srcset=\"https:\/\/www.imakeyousmile.se\/wp-content\/uploads\/2013\/08\/IMG_78191-736x1024.jpg 736w, https:\/\/www.imakeyousmile.se\/wp-content\/uploads\/2013\/08\/IMG_78191-215x300.jpg 215w, https:\/\/www.imakeyousmile.se\/wp-content\/uploads\/2013\/08\/IMG_78191-940x1306.jpg 940w\" sizes=\"(max-width: 736px) 100vw, 736px\" \/><\/a><\/p>\n<p>Widely filled.<\/p>\n<p><a href=\"http:\/\/www.imakeyousmile.se\/en\/storre-ogonbryn\/img_4557-2\/\" rel=\"attachment wp-att-7331\"><img loading=\"lazy\" decoding=\"async\" class=\"alignnone size-large wp-image-7331\" title=\"IMG_4557\" src=\"http:\/\/www.imakeyousmile.se\/wp-content\/uploads\/2013\/08\/IMG_4557-844x1024.jpg\" alt=\"\" width=\"844\" height=\"1024\" srcset=\"https:\/\/www.imakeyousmile.se\/wp-content\/uploads\/2013\/08\/IMG_4557-844x1024.jpg 844w, https:\/\/www.imakeyousmile.se\/wp-content\/uploads\/2013\/08\/IMG_4557-247x300.jpg 247w, https:\/\/www.imakeyousmile.se\/wp-content\/uploads\/2013\/08\/IMG_4557-940x1139.jpg 940w, https:\/\/www.imakeyousmile.se\/wp-content\/uploads\/2013\/08\/IMG_4557-620x751.jpg 620w\" sizes=\"(max-width: 844px) 100vw, 844px\" \/><\/a><\/p>\n<p>Natural, which I have now.<\/p>\n<p>&nbsp;<\/p>\n<p><strong>What do you think? :)<\/strong><\/p>","protected":false},"excerpt":{"rendered":"<p>Mina bryn har blivit ganska bleka under sommaren. Dels f\u00f6r att det n\u00e4stan var\u00a0ett \u00e5r sedan jag tatuerade dom, och blonda bryn bleks snabbare \u00e4n m\u00f6rka. Dessutom har mina str\u00e5n blivit solblekta, vilket s\u00e5klart ocks\u00e5 g\u00f6r s\u00e5 att hela brynen blir ljusare. Hur som helst s\u00e5 \u00e4r det \u00e4nd\u00e5 snart dags f\u00f6r en ifyllning, och [&hellip;]<\/p>\n","protected":false},"author":30,"featured_media":0,"comment_status":"open","ping_status":"closed","sticky":false,"template":"","format":"standard","meta":{"footnotes":""},"categories":[12],"tags":[],"class_list":["post-7323","post","type-post","status-publish","format-standard","hentry","category-ogonbryn"],"yoast_head":"<!-- This site is optimized with the Yoast SEO Premium plugin v14.9 - https:\/\/yoast.com\/wordpress\/plugins\/seo\/ -->\n<meta name=\"description\" content=\"St\u00f6rre \u00f6gonbryn? | Helena Amiley - H\u00e4r hittar du senaste infromation om sk\u00f6nhet, livsstil, entrepren\u00f6rskap, makeup &amp; tips.\" \/>\n<meta name=\"robots\" content=\"index, follow, max-snippet:-1, max-image-preview:large, max-video-preview:-1\" \/>\n<link rel=\"canonical\" href=\"https:\/\/www.imakeyousmile.se\/en\/storre-ogonbryn\/\" \/>\n<meta property=\"og:locale\" content=\"en_US\" \/>\n<meta property=\"og:type\" content=\"article\" \/>\n<meta property=\"og:title\" content=\"St\u00f6rre \u00f6gonbryn? | Imakeyousmile.se\" \/>\n<meta property=\"og:description\" content=\"St\u00f6rre \u00f6gonbryn? | Helena Amiley - H\u00e4r hittar du senaste infromation om sk\u00f6nhet, livsstil, entrepren\u00f6rskap, makeup &amp; tips.\" \/>\n<meta property=\"og:url\" content=\"https:\/\/www.imakeyousmile.se\/en\/storre-ogonbryn\/\" \/>\n<meta property=\"og:site_name\" content=\"Imakeyousmile.se\" \/>\n<meta property=\"article:author\" content=\"https:\/\/www.facebook.com\/imakeyousmile.se\" \/>\n<meta property=\"article:published_time\" content=\"2013-08-20T19:27:55+00:00\" \/>\n<meta property=\"og:image\" content=\"http:\/\/www.imakeyousmile.se\/wp-content\/uploads\/2013\/08\/IMG_7426-801x1024.jpg\" \/>\n<meta name=\"twitter:card\" content=\"summary_large_image\" \/>\n<script type=\"application\/ld+json\" class=\"yoast-schema-graph\">{\"@context\":\"https:\/\/schema.org\",\"@graph\":[{\"@type\":\"Organization\",\"@id\":\"https:\/\/www.imakeyousmile.se\/en\/#organization\",\"name\":\"Imakeyousmile\",\"url\":\"https:\/\/www.imakeyousmile.se\/en\/\",\"sameAs\":[],\"logo\":{\"@type\":\"ImageObject\",\"@id\":\"https:\/\/www.imakeyousmile.se\/en\/#logo\",\"inLanguage\":\"en-US\",\"url\":\"https:\/\/www.imakeyousmile.se\/wp-content\/uploads\/2020\/10\/HELENA-AMILEY_SVART-1-e1603367975324.png\",\"width\":280,\"height\":93,\"caption\":\"Imakeyousmile\"},\"image\":{\"@id\":\"https:\/\/www.imakeyousmile.se\/en\/#logo\"}},{\"@type\":\"WebSite\",\"@id\":\"https:\/\/www.imakeyousmile.se\/en\/#website\",\"url\":\"https:\/\/www.imakeyousmile.se\/en\/\",\"name\":\"Imakeyousmile.se\",\"description\":\"Helena Amiley - Beauty, Entrepreneur, Lifestyle\",\"publisher\":{\"@id\":\"https:\/\/www.imakeyousmile.se\/en\/#organization\"},\"potentialAction\":[{\"@type\":\"SearchAction\",\"target\":\"https:\/\/www.imakeyousmile.se\/en\/?s={search_term_string}\",\"query-input\":\"required name=search_term_string\"}],\"inLanguage\":\"en-US\"},{\"@type\":\"ImageObject\",\"@id\":\"https:\/\/www.imakeyousmile.se\/storre-ogonbryn\/#primaryimage\",\"inLanguage\":\"en-US\",\"url\":\"http:\/\/www.imakeyousmile.se\/wp-content\/uploads\/2013\/08\/IMG_7426-801x1024.jpg\"},{\"@type\":\"WebPage\",\"@id\":\"https:\/\/www.imakeyousmile.se\/storre-ogonbryn\/#webpage\",\"url\":\"https:\/\/www.imakeyousmile.se\/storre-ogonbryn\/\",\"name\":\"St\\u00f6rre \\u00f6gonbryn? | Imakeyousmile.se\",\"isPartOf\":{\"@id\":\"https:\/\/www.imakeyousmile.se\/en\/#website\"},\"primaryImageOfPage\":{\"@id\":\"https:\/\/www.imakeyousmile.se\/storre-ogonbryn\/#primaryimage\"},\"datePublished\":\"2013-08-20T19:27:55+00:00\",\"dateModified\":\"2013-08-20T19:27:55+00:00\",\"description\":\"St\\u00f6rre \\u00f6gonbryn? | Helena Amiley - H\\u00e4r hittar du senaste infromation om sk\\u00f6nhet, livsstil, entrepren\\u00f6rskap, makeup & tips.\",\"inLanguage\":\"en-US\",\"potentialAction\":[{\"@type\":\"ReadAction\",\"target\":[\"https:\/\/www.imakeyousmile.se\/storre-ogonbryn\/\"]}]},{\"@type\":\"Article\",\"@id\":\"https:\/\/www.imakeyousmile.se\/storre-ogonbryn\/#article\",\"isPartOf\":{\"@id\":\"https:\/\/www.imakeyousmile.se\/storre-ogonbryn\/#webpage\"},\"author\":{\"@id\":\"https:\/\/www.imakeyousmile.se\/en\/#\/schema\/person\/b0fd43b1c6bb1c60cfd68bff9b4a10fb\"},\"headline\":\"St\\u00f6rre \\u00f6gonbryn?\",\"datePublished\":\"2013-08-20T19:27:55+00:00\",\"dateModified\":\"2013-08-20T19:27:55+00:00\",\"mainEntityOfPage\":{\"@id\":\"https:\/\/www.imakeyousmile.se\/storre-ogonbryn\/#webpage\"},\"commentCount\":0,\"publisher\":{\"@id\":\"https:\/\/www.imakeyousmile.se\/en\/#organization\"},\"image\":{\"@id\":\"https:\/\/www.imakeyousmile.se\/storre-ogonbryn\/#primaryimage\"},\"articleSection\":\"\\u00d6gonbryn\",\"inLanguage\":\"en-US\",\"potentialAction\":[{\"@type\":\"CommentAction\",\"name\":\"Comment\",\"target\":[\"https:\/\/www.imakeyousmile.se\/storre-ogonbryn\/#respond\"]}]},{\"@type\":\"Person\",\"@id\":\"https:\/\/www.imakeyousmile.se\/en\/#\/schema\/person\/b0fd43b1c6bb1c60cfd68bff9b4a10fb\",\"name\":\"Helena Amiley\",\"image\":{\"@type\":\"ImageObject\",\"@id\":\"https:\/\/www.imakeyousmile.se\/en\/#personlogo\",\"inLanguage\":\"en-US\",\"url\":\"https:\/\/secure.gravatar.com\/avatar\/5645558e1e355457a23368d7e1b4c904?s=96&d=mm&r=g\",\"caption\":\"Helena Amiley\"},\"description\":\"Jag skriver mest om sk\\u00f6nhet men bjuder \\u00e4ven p\\u00e5 glimtar fr\\u00e5n entrepren\\u00f6rlivet och bygget av v\\u00e5r egen camper van. Vanlife here we come!\",\"sameAs\":[\"https:\/\/www.facebook.com\/imakeyousmile.se\",\"https:\/\/www.instagram.com\/helenaamiley\",\"https:\/\/www.youtube.com\/channel\/UCR5iB6rvpV6Yr8ZjpQfr5mg?view_as=subscriber\"]}]}<\/script>\n<!-- \/ Yoast SEO Premium plugin. -->","_links":{"self":[{"href":"https:\/\/www.imakeyousmile.se\/en\/wp-json\/wp\/v2\/posts\/7323"}],"collection":[{"href":"https:\/\/www.imakeyousmile.se\/en\/wp-json\/wp\/v2\/posts"}],"about":[{"href":"https:\/\/www.imakeyousmile.se\/en\/wp-json\/wp\/v2\/types\/post"}],"author":[{"embeddable":true,"href":"https:\/\/www.imakeyousmile.se\/en\/wp-json\/wp\/v2\/users\/30"}],"replies":[{"embeddable":true,"href":"https:\/\/www.imakeyousmile.se\/en\/wp-json\/wp\/v2\/comments?post=7323"}],"version-history":[{"count":0,"href":"https:\/\/www.imakeyousmile.se\/en\/wp-json\/wp\/v2\/posts\/7323\/revisions"}],"wp:attachment":[{"href":"https:\/\/www.imakeyousmile.se\/en\/wp-json\/wp\/v2\/media?parent=7323"}],"wp:term":[{"taxonomy":"category","embeddable":true,"href":"https:\/\/www.imakeyousmile.se\/en\/wp-json\/wp\/v2\/categories?post=7323"},{"taxonomy":"post_tag","embeddable":true,"href":"https:\/\/www.imakeyousmile.se\/en\/wp-json\/wp\/v2\/tags?post=7323"}],"curies":[{"name":"wp","href":"https:\/\/api.w.org\/{rel}","templated":true}]}}