{"id":7429,"date":"2013-08-26T20:14:38","date_gmt":"2013-08-26T18:14:38","guid":{"rendered":"http:\/\/www.imakeyousmile.se\/?p=7429"},"modified":"2013-08-26T20:29:00","modified_gmt":"2013-08-26T18:29:00","slug":"galasminkning-a-la-sania-claus-demina","status":"publish","type":"post","link":"https:\/\/www.imakeyousmile.se\/en\/gala-makeup-a-la-sania-claus-demina-2\/","title":{"rendered":"Gala make-up at Sania Claus Demina"},"content":{"rendered":"<p>The Gold Button last Saturday was a wonderful evening packed with inspiration!<\/p>\n<p>One person I fell in love with a lot is the good-looking fashion blogger <a href=\"http:\/\/saniaclaus.damernasvarld.se\/\" target=\"_blank\">Sania Claus Demina<\/a>, who wore a simple, classic make-up that suited both her outfit and this particular evening.<\/p>\n<p>Black, distinctive and discreet eyeliner (<em>just in time!)<\/em> and to that a nice appropriate burgundy lipstick that matches perfectly with her handbag.<\/p>\n<p><strong>This is how you look without being made up!<\/strong><\/p>\n<p><a href=\"http:\/\/www.imakeyousmile.se\/en\/galasminkning-a-la-sania-claus-demina\/20130824_233000-2\/\" rel=\"attachment wp-att-7436\"><img loading=\"lazy\" decoding=\"async\" class=\"alignnone size-large wp-image-7436\" title=\"20130824_233000\" src=\"http:\/\/www.imakeyousmile.se\/wp-content\/uploads\/2013\/08\/20130824_2330001-641x1024.jpg\" alt=\"\" width=\"641\" height=\"1024\" srcset=\"https:\/\/www.imakeyousmile.se\/wp-content\/uploads\/2013\/08\/20130824_2330001-641x1024.jpg 641w, https:\/\/www.imakeyousmile.se\/wp-content\/uploads\/2013\/08\/20130824_2330001-187x300.jpg 187w, https:\/\/www.imakeyousmile.se\/wp-content\/uploads\/2013\/08\/20130824_2330001-940x1501.jpg 940w, https:\/\/www.imakeyousmile.se\/wp-content\/uploads\/2013\/08\/20130824_2330001-620x990.jpg 620w, https:\/\/www.imakeyousmile.se\/wp-content\/uploads\/2013\/08\/20130824_2330001.jpg 1758w\" sizes=\"(max-width: 641px) 100vw, 641px\" \/><\/a><\/p>\n<p>A mobile photo I took during the evening.<\/p>\n<p><a href=\"http:\/\/www.imakeyousmile.se\/en\/galasminkning-a-la-sania-claus-demina\/sania-claus-demina\/\" rel=\"attachment wp-att-7431\"><img loading=\"lazy\" decoding=\"async\" class=\"alignnone size-large wp-image-7431\" title=\"Sania Claus Demina\" src=\"http:\/\/www.imakeyousmile.se\/wp-content\/uploads\/2013\/08\/Sania-Claus-Demina-681x1024.jpg\" alt=\"\" width=\"681\" height=\"1024\" srcset=\"https:\/\/www.imakeyousmile.se\/wp-content\/uploads\/2013\/08\/Sania-Claus-Demina-681x1024.jpg 681w, https:\/\/www.imakeyousmile.se\/wp-content\/uploads\/2013\/08\/Sania-Claus-Demina-199x300.jpg 199w, https:\/\/www.imakeyousmile.se\/wp-content\/uploads\/2013\/08\/Sania-Claus-Demina-620x931.jpg 620w, https:\/\/www.imakeyousmile.se\/wp-content\/uploads\/2013\/08\/Sania-Claus-Demina.jpg 713w\" sizes=\"(max-width: 681px) 100vw, 681px\" \/><\/a><\/p>\n<p>This one I stole from <a href=\"http:\/\/stureplan.se\/bilder\/event\/2013\/08\/25\/guldknappen-2013\" target=\"_blank\">Stureplan.se<\/a>, a little better quality than the one I took;)<\/p>\n<p>&nbsp;<\/p>\n<h3>Two thumbs up!<\/h3>","protected":false},"excerpt":{"rendered":"<p>Guldknappen i l\u00f6rdags var en underbar kv\u00e4ll fullsp\u00e4ckad med inspiration! En person som jag fastnade mycket f\u00f6r \u00e4r snygga modebloggerskan Sania Claus Demina, som hade en enkel, klassisk sminkning som passade b\u00e5de till hennes outfit och till just denna speciella kv\u00e4ll. Svart, markant och odiskret eyeliner (helt r\u00e4tt i tiden!) och till det ett snyggt [&hellip;]<\/p>\n","protected":false},"author":30,"featured_media":0,"comment_status":"open","ping_status":"closed","sticky":false,"template":"","format":"standard","meta":{"footnotes":""},"categories":[3],"tags":[976,975,973,974],"class_list":["post-7429","post","type-post","status-publish","format-standard","hentry","category-allmant","tag-guldknappen-2013","tag-outfit-guldknappen","tag-sania-claus-demina","tag-sania-claus-demina-sminkning"],"yoast_head":"<!-- This site is optimized with the Yoast SEO Premium plugin v14.9 - https:\/\/yoast.com\/wordpress\/plugins\/seo\/ -->\n<meta name=\"description\" content=\"Galasminkning \u00e1 la Sania Claus Demina | Helena Amiley - H\u00e4r hittar du senaste infromation om sk\u00f6nhet, livsstil, entrepren\u00f6rskap, makeup &amp; tips.\" \/>\n<meta name=\"robots\" content=\"index, follow, max-snippet:-1, max-image-preview:large, max-video-preview:-1\" \/>\n<link rel=\"canonical\" href=\"https:\/\/www.imakeyousmile.se\/en\/galasminkning-a-la-sania-claus-demina\/\" \/>\n<meta property=\"og:locale\" content=\"en_US\" \/>\n<meta property=\"og:type\" content=\"article\" \/>\n<meta property=\"og:title\" content=\"Galasminkning \u00e1 la Sania Claus Demina | Imakeyousmile.se\" \/>\n<meta property=\"og:description\" content=\"Galasminkning \u00e1 la Sania Claus Demina | Helena Amiley - H\u00e4r hittar du senaste infromation om sk\u00f6nhet, livsstil, entrepren\u00f6rskap, makeup &amp; tips.\" \/>\n<meta property=\"og:url\" content=\"https:\/\/www.imakeyousmile.se\/en\/galasminkning-a-la-sania-claus-demina\/\" \/>\n<meta property=\"og:site_name\" content=\"Imakeyousmile.se\" \/>\n<meta property=\"article:author\" content=\"https:\/\/www.facebook.com\/imakeyousmile.se\" \/>\n<meta property=\"article:published_time\" content=\"2013-08-26T18:14:38+00:00\" \/>\n<meta property=\"article:modified_time\" content=\"2013-08-26T18:29:00+00:00\" \/>\n<meta property=\"og:image\" content=\"http:\/\/www.imakeyousmile.se\/wp-content\/uploads\/2013\/08\/20130824_2330001-641x1024.jpg\" \/>\n<meta name=\"twitter:card\" content=\"summary_large_image\" \/>\n<script type=\"application\/ld+json\" class=\"yoast-schema-graph\">{\"@context\":\"https:\/\/schema.org\",\"@graph\":[{\"@type\":\"Organization\",\"@id\":\"https:\/\/www.imakeyousmile.se\/en\/#organization\",\"name\":\"Imakeyousmile\",\"url\":\"https:\/\/www.imakeyousmile.se\/en\/\",\"sameAs\":[],\"logo\":{\"@type\":\"ImageObject\",\"@id\":\"https:\/\/www.imakeyousmile.se\/en\/#logo\",\"inLanguage\":\"en-US\",\"url\":\"https:\/\/www.imakeyousmile.se\/wp-content\/uploads\/2020\/10\/HELENA-AMILEY_SVART-1-e1603367975324.png\",\"width\":280,\"height\":93,\"caption\":\"Imakeyousmile\"},\"image\":{\"@id\":\"https:\/\/www.imakeyousmile.se\/en\/#logo\"}},{\"@type\":\"WebSite\",\"@id\":\"https:\/\/www.imakeyousmile.se\/en\/#website\",\"url\":\"https:\/\/www.imakeyousmile.se\/en\/\",\"name\":\"Imakeyousmile.se\",\"description\":\"Helena Amiley - Beauty, Entrepreneur, Lifestyle\",\"publisher\":{\"@id\":\"https:\/\/www.imakeyousmile.se\/en\/#organization\"},\"potentialAction\":[{\"@type\":\"SearchAction\",\"target\":\"https:\/\/www.imakeyousmile.se\/en\/?s={search_term_string}\",\"query-input\":\"required name=search_term_string\"}],\"inLanguage\":\"en-US\"},{\"@type\":\"ImageObject\",\"@id\":\"https:\/\/www.imakeyousmile.se\/galasminkning-a-la-sania-claus-demina\/#primaryimage\",\"inLanguage\":\"en-US\",\"url\":\"http:\/\/www.imakeyousmile.se\/wp-content\/uploads\/2013\/08\/20130824_2330001-641x1024.jpg\"},{\"@type\":\"WebPage\",\"@id\":\"https:\/\/www.imakeyousmile.se\/galasminkning-a-la-sania-claus-demina\/#webpage\",\"url\":\"https:\/\/www.imakeyousmile.se\/galasminkning-a-la-sania-claus-demina\/\",\"name\":\"Galasminkning \\u00e1 la Sania Claus Demina | Imakeyousmile.se\",\"isPartOf\":{\"@id\":\"https:\/\/www.imakeyousmile.se\/en\/#website\"},\"primaryImageOfPage\":{\"@id\":\"https:\/\/www.imakeyousmile.se\/galasminkning-a-la-sania-claus-demina\/#primaryimage\"},\"datePublished\":\"2013-08-26T18:14:38+00:00\",\"dateModified\":\"2013-08-26T18:29:00+00:00\",\"description\":\"Galasminkning \\u00e1 la Sania Claus Demina | Helena Amiley - H\\u00e4r hittar du senaste infromation om sk\\u00f6nhet, livsstil, entrepren\\u00f6rskap, makeup & tips.\",\"inLanguage\":\"en-US\",\"potentialAction\":[{\"@type\":\"ReadAction\",\"target\":[\"https:\/\/www.imakeyousmile.se\/galasminkning-a-la-sania-claus-demina\/\"]}]},{\"@type\":\"Article\",\"@id\":\"https:\/\/www.imakeyousmile.se\/galasminkning-a-la-sania-claus-demina\/#article\",\"isPartOf\":{\"@id\":\"https:\/\/www.imakeyousmile.se\/galasminkning-a-la-sania-claus-demina\/#webpage\"},\"author\":{\"@id\":\"https:\/\/www.imakeyousmile.se\/en\/#\/schema\/person\/b0fd43b1c6bb1c60cfd68bff9b4a10fb\"},\"headline\":\"Galasminkning \\u00e1 la Sania Claus Demina\",\"datePublished\":\"2013-08-26T18:14:38+00:00\",\"dateModified\":\"2013-08-26T18:29:00+00:00\",\"mainEntityOfPage\":{\"@id\":\"https:\/\/www.imakeyousmile.se\/galasminkning-a-la-sania-claus-demina\/#webpage\"},\"commentCount\":0,\"publisher\":{\"@id\":\"https:\/\/www.imakeyousmile.se\/en\/#organization\"},\"image\":{\"@id\":\"https:\/\/www.imakeyousmile.se\/galasminkning-a-la-sania-claus-demina\/#primaryimage\"},\"keywords\":\"guldknappen 2013,outfit guldknappen,Sania Claus Demina,Sania Claus Demina sminkning\",\"articleSection\":\"\\u00d6vrigt\",\"inLanguage\":\"en-US\",\"potentialAction\":[{\"@type\":\"CommentAction\",\"name\":\"Comment\",\"target\":[\"https:\/\/www.imakeyousmile.se\/galasminkning-a-la-sania-claus-demina\/#respond\"]}]},{\"@type\":\"Person\",\"@id\":\"https:\/\/www.imakeyousmile.se\/en\/#\/schema\/person\/b0fd43b1c6bb1c60cfd68bff9b4a10fb\",\"name\":\"Helena Amiley\",\"image\":{\"@type\":\"ImageObject\",\"@id\":\"https:\/\/www.imakeyousmile.se\/en\/#personlogo\",\"inLanguage\":\"en-US\",\"url\":\"https:\/\/secure.gravatar.com\/avatar\/5645558e1e355457a23368d7e1b4c904?s=96&d=mm&r=g\",\"caption\":\"Helena Amiley\"},\"description\":\"Jag skriver mest om sk\\u00f6nhet men bjuder \\u00e4ven p\\u00e5 glimtar fr\\u00e5n entrepren\\u00f6rlivet och bygget av v\\u00e5r egen camper van. Vanlife here we come!\",\"sameAs\":[\"https:\/\/www.facebook.com\/imakeyousmile.se\",\"https:\/\/www.instagram.com\/helenaamiley\",\"https:\/\/www.youtube.com\/channel\/UCR5iB6rvpV6Yr8ZjpQfr5mg?view_as=subscriber\"]}]}<\/script>\n<!-- \/ Yoast SEO Premium plugin. -->","_links":{"self":[{"href":"https:\/\/www.imakeyousmile.se\/en\/wp-json\/wp\/v2\/posts\/7429"}],"collection":[{"href":"https:\/\/www.imakeyousmile.se\/en\/wp-json\/wp\/v2\/posts"}],"about":[{"href":"https:\/\/www.imakeyousmile.se\/en\/wp-json\/wp\/v2\/types\/post"}],"author":[{"embeddable":true,"href":"https:\/\/www.imakeyousmile.se\/en\/wp-json\/wp\/v2\/users\/30"}],"replies":[{"embeddable":true,"href":"https:\/\/www.imakeyousmile.se\/en\/wp-json\/wp\/v2\/comments?post=7429"}],"version-history":[{"count":0,"href":"https:\/\/www.imakeyousmile.se\/en\/wp-json\/wp\/v2\/posts\/7429\/revisions"}],"wp:attachment":[{"href":"https:\/\/www.imakeyousmile.se\/en\/wp-json\/wp\/v2\/media?parent=7429"}],"wp:term":[{"taxonomy":"category","embeddable":true,"href":"https:\/\/www.imakeyousmile.se\/en\/wp-json\/wp\/v2\/categories?post=7429"},{"taxonomy":"post_tag","embeddable":true,"href":"https:\/\/www.imakeyousmile.se\/en\/wp-json\/wp\/v2\/tags?post=7429"}],"curies":[{"name":"wp","href":"https:\/\/api.w.org\/{rel}","templated":true}]}}