{"id":752,"date":"2012-09-20T12:47:00","date_gmt":"2012-09-20T10:47:00","guid":{"rendered":"http:\/\/www.imakeyousmile.se\/jordnara-farglatt-och-party\/"},"modified":"2014-08-16T09:27:01","modified_gmt":"2014-08-16T07:27:01","slug":"jordnara-farglatt-och-party","status":"publish","type":"post","link":"https:\/\/www.imakeyousmile.se\/en\/jordnara-farglatt-och-party\/","title":{"rendered":"Down to earth, colorful AND party!"},"content":{"rendered":"<div style=\"clear: both; text-align: left;\">Can&#039;t really choose the label for today&#039;s make-up, it feels both colorful, down-to-earth (mossy green) and party in my opinion!<\/div>\n<div style=\"clear: both; text-align: left;\"><\/div>\n<div style=\"clear: both; text-align: left;\"><em>Hope you like it :)<\/em><\/div>\n<div style=\"clear: both; text-align: left;\"><\/div>\n<div style=\"clear: both; text-align: center;\"><\/div>\n<div style=\"clear: both; text-align: center;\"><a style=\"margin-left: 1em; margin-right: 1em;\" href=\"http:\/\/i1092.photobucket.com\/albums\/i412\/isoniemi\/IMG_8762-Copy_zpsccc0a2bc.jpg\"><img loading=\"lazy\" decoding=\"async\" src=\"http:\/\/i1092.photobucket.com\/albums\/i412\/isoniemi\/IMG_8762-Copy_zpsccc0a2bc.jpg\" alt=\"\" width=\"400\" height=\"213\" border=\"0\" \/><\/a><\/div>\n<div style=\"clear: both; text-align: center;\"><\/div>\n<div style=\"clear: both; text-align: center;\"><em>Tomorrow&#039;s party make - up for you who are going out maybe?<\/em><\/div>\n<div style=\"clear: both; text-align: center;\"><\/div>\n<div style=\"clear: both; text-align: center;\"><a style=\"margin-left: 1em; margin-right: 1em;\" href=\"http:\/\/i1092.photobucket.com\/albums\/i412\/isoniemi\/IMG_8762_zps250ad68f.jpg\"><img loading=\"lazy\" decoding=\"async\" src=\"http:\/\/i1092.photobucket.com\/albums\/i412\/isoniemi\/IMG_8762_zps250ad68f.jpg\" alt=\"\" width=\"320\" height=\"313\" border=\"0\" \/><\/a><\/div>\n<div style=\"clear: both; text-align: center;\"><em>(All eyeshadows are from Eleven 180 Palette)<\/em><\/div>\n<div style=\"clear: both; text-align: center;\"><\/div>\n<div style=\"clear: both; text-align: center;\"><span style=\"color: #ffd966; font-size: large;\"><strong>Yellow<\/strong><\/span> eye shadow on the inside of the eyelid.<\/div>\n<div style=\"clear: both; text-align: center;\"><span style=\"color: #93c47d; font-size: large;\"><strong>Light green<\/strong><\/span> eye shadow in the middle of the eyelid.<\/div>\n<div style=\"clear: both; text-align: center;\"><span style=\"color: #38761d; font-size: large;\"><strong>Moss green<\/strong><\/span> eye shadow at the end of the eyelid and along the globe line.<\/div>\n<div style=\"clear: both; text-align: center;\"><span style=\"color: #444444; font-size: large;\"><strong>Dark gray<\/strong><\/span> eye shadow a little along the globe line, for a more smoky impression.<\/div>\n<div style=\"clear: both; text-align: center;\"><span style=\"color: #3d85c6; font-size: large;\"><strong>Blue<\/strong><\/span> eye shadow on the lower lash line.<\/div>\n<div style=\"clear: both; text-align: center;\"><strong><span style=\"color: #f9cb9c; font-size: large;\">Light yellow-white (matte)<\/span><\/strong> eye shadow under the brow.<\/div>\n<div style=\"clear: both; text-align: center;\"><span style=\"color: #f9cb9c; font-size: large;\"><strong>Light yellow-white (shimmery)<\/strong><\/span> eye shadow at the bottom of the lower lash line and in the corner of the eye,<em><strong><a href=\"https:\/\/ion.lyko.com\/t\/t?a=1117786221&#038;as=1548102449&#038;t=2&#038;tk=1&#038;epi=search-replace-eyeshadow&#038;url=https:\/\/lyko.com\/sv\/sok?q=singelskugga\"> Kryolan Eyedust (No.1 Annika&#039;s favorite shadow)<\/a><\/strong><\/em><\/div>\n<div style=\"clear: both; text-align: center;\"><\/div>\n<div style=\"clear: both; text-align: center;\"><span style=\"color: #999999; font-size: large;\">White eyeliner<\/span> on the inner lash line, <em>H&amp;M.<\/em><\/div>\n<div style=\"clear: both; text-align: center;\"><strong><span style=\"font-size: large;\">Black eyeliner<\/span><\/strong> along the upper lash line, <em><strong><a href=\"https:\/\/ion.lyko.com\/t\/t?a=1117786221&#038;as=1548102449&#038;t=2&#038;tk=1&#038;epi=search-replace-gloeyepencil&#038;url=https:\/\/lyko.com\/sv\/glo-skin-beauty\/glominerals-precision-eye-pencil-peach\">gloPrecisio Eye Pencil (Black)<\/a><\/strong><\/em><\/div>\n<div style=\"clear: both; text-align: center;\"><span style=\"color: blue; font-size: large;\"><strong>Blue eyeliner<\/strong><\/span> at the bottom of the lower lash line, <em>IsaDora twist-up metallic eye pen (49 blue hawaii)<\/em><\/div>\n<div style=\"clear: both; text-align: center;\"><\/div>\n<div style=\"clear: both; text-align: center;\"><span style=\"color: #0b5394; font-size: medium;\"><strong>Navy blue mascara<\/strong><\/span> on all lashes, <em>Max Factor False Lash Effect (Deep Blue)<\/em><\/div>\n<div style=\"clear: both; text-align: center;\"><\/div>\n<div style=\"clear: both; text-align: center;\"><a style=\"margin-left: 1em; margin-right: 1em;\" href=\"http:\/\/i1092.photobucket.com\/albums\/i412\/isoniemi\/IMG_8725_zps98b72d99.jpg\"><img loading=\"lazy\" decoding=\"async\" src=\"http:\/\/i1092.photobucket.com\/albums\/i412\/isoniemi\/IMG_8725_zps98b72d99.jpg\" alt=\"\" width=\"370\" height=\"640\" border=\"0\" \/><\/a><\/div>\n<div style=\"clear: both; text-align: center;\"><span style=\"color: #e06666;\"><strong>Coral pink lip gloss, <\/strong><\/span><em><strong><a href=\"https:\/\/ion.lyko.com\/t\/t?a=1117786221&#038;as=1548102449&#038;t=2&#038;tk=1&#038;epi=search-replace-isadoralipgloss&#038;url=https:\/\/lyko.com\/sv\/sok?q=isadora+l%C3%A4ppglans\"><span style=\"color: #715c4b;\">IsaDora Moisturizing Lip Gloss (14 Coral Glow)<\/span><\/a><\/strong><\/em><\/div>\n<p>Now it&#039;s finally Thursday again (!) And I&#039;ll be going to the capital for mine very soon <span style=\"font-size: x-large;\">second lesson<\/span> at Helene Falk&#039;s Stylist Training.<\/p>\n<p>Would really need to invest in a mobile one can blog from, is not home until 12 tonight! Anyone have a recliner? :)<\/p>\n<div style=\"text-align: center;\"><span style=\"font-size: x-large;\">Kiss on is!<\/span><\/div>","protected":false},"excerpt":{"rendered":"<p>Kan inte riktigt\u00a0v\u00e4lja etikett p\u00e5 dagens sminkning, den\u00a0k\u00e4nns b\u00e5de f\u00e4rgglad, jordn\u00e4ra (mossigt gr\u00f6n) och party enligt mig! Hope you like it :) Morgondagens partysminkning f\u00f6r er som ska ut kanske? (Alla \u00f6gonskuggor \u00e4r fr\u00e5n Eleven 180 Palette) Gul \u00f6gonskugga innerst p\u00e5 \u00f6gonlocket. Ljusgr\u00f6n \u00f6gonskugga i mitten av \u00f6gonlocket. Mossgr\u00f6n \u00f6gonskugga ytterst p\u00e5 \u00f6gonlocket och l\u00e4ngs [&hellip;]<\/p>\n","protected":false},"author":30,"featured_media":0,"comment_status":"open","ping_status":"open","sticky":false,"template":"","format":"standard","meta":{"footnotes":""},"categories":[3],"tags":[],"class_list":["post-752","post","type-post","status-publish","format-standard","hentry","category-allmant"],"yoast_head":"<!-- This site is optimized with the Yoast SEO Premium plugin v14.9 - https:\/\/yoast.com\/wordpress\/plugins\/seo\/ -->\n<meta name=\"description\" content=\"Jordn\u00e4ra, f\u00e4rglatt OCH party! | Helena Amiley - H\u00e4r hittar du senaste infromation om sk\u00f6nhet, livsstil, entrepren\u00f6rskap, makeup &amp; tips.\" \/>\n<meta name=\"robots\" content=\"index, follow, max-snippet:-1, max-image-preview:large, max-video-preview:-1\" \/>\n<link rel=\"canonical\" href=\"https:\/\/www.imakeyousmile.se\/en\/jordnara-farglatt-och-party\/\" \/>\n<meta property=\"og:locale\" content=\"en_US\" \/>\n<meta property=\"og:type\" content=\"article\" \/>\n<meta property=\"og:title\" content=\"Jordn\u00e4ra, f\u00e4rglatt OCH party! | Imakeyousmile.se\" \/>\n<meta property=\"og:description\" content=\"Jordn\u00e4ra, f\u00e4rglatt OCH party! | Helena Amiley - H\u00e4r hittar du senaste infromation om sk\u00f6nhet, livsstil, entrepren\u00f6rskap, makeup &amp; tips.\" \/>\n<meta property=\"og:url\" content=\"https:\/\/www.imakeyousmile.se\/en\/jordnara-farglatt-och-party\/\" \/>\n<meta property=\"og:site_name\" content=\"Imakeyousmile.se\" \/>\n<meta property=\"article:author\" content=\"https:\/\/www.facebook.com\/imakeyousmile.se\" \/>\n<meta property=\"article:published_time\" content=\"2012-09-20T10:47:00+00:00\" \/>\n<meta property=\"article:modified_time\" content=\"2014-08-16T07:27:01+00:00\" \/>\n<meta property=\"og:image\" content=\"http:\/\/i1092.photobucket.com\/albums\/i412\/isoniemi\/IMG_8762-Copy_zpsccc0a2bc.jpg\" \/>\n<meta name=\"twitter:card\" content=\"summary_large_image\" \/>\n<script type=\"application\/ld+json\" class=\"yoast-schema-graph\">{\"@context\":\"https:\/\/schema.org\",\"@graph\":[{\"@type\":\"Organization\",\"@id\":\"https:\/\/www.imakeyousmile.se\/en\/#organization\",\"name\":\"Imakeyousmile\",\"url\":\"https:\/\/www.imakeyousmile.se\/en\/\",\"sameAs\":[],\"logo\":{\"@type\":\"ImageObject\",\"@id\":\"https:\/\/www.imakeyousmile.se\/en\/#logo\",\"inLanguage\":\"en-US\",\"url\":\"https:\/\/www.imakeyousmile.se\/wp-content\/uploads\/2020\/10\/HELENA-AMILEY_SVART-1-e1603367975324.png\",\"width\":280,\"height\":93,\"caption\":\"Imakeyousmile\"},\"image\":{\"@id\":\"https:\/\/www.imakeyousmile.se\/en\/#logo\"}},{\"@type\":\"WebSite\",\"@id\":\"https:\/\/www.imakeyousmile.se\/en\/#website\",\"url\":\"https:\/\/www.imakeyousmile.se\/en\/\",\"name\":\"Imakeyousmile.se\",\"description\":\"Helena Amiley - Beauty, Entrepreneur, Lifestyle\",\"publisher\":{\"@id\":\"https:\/\/www.imakeyousmile.se\/en\/#organization\"},\"potentialAction\":[{\"@type\":\"SearchAction\",\"target\":\"https:\/\/www.imakeyousmile.se\/en\/?s={search_term_string}\",\"query-input\":\"required name=search_term_string\"}],\"inLanguage\":\"en-US\"},{\"@type\":\"ImageObject\",\"@id\":\"https:\/\/www.imakeyousmile.se\/jordnara-farglatt-och-party\/#primaryimage\",\"inLanguage\":\"en-US\",\"url\":\"http:\/\/i1092.photobucket.com\/albums\/i412\/isoniemi\/IMG_8762-Copy_zpsccc0a2bc.jpg\"},{\"@type\":\"WebPage\",\"@id\":\"https:\/\/www.imakeyousmile.se\/jordnara-farglatt-och-party\/#webpage\",\"url\":\"https:\/\/www.imakeyousmile.se\/jordnara-farglatt-och-party\/\",\"name\":\"Jordn\\u00e4ra, f\\u00e4rglatt OCH party! | Imakeyousmile.se\",\"isPartOf\":{\"@id\":\"https:\/\/www.imakeyousmile.se\/en\/#website\"},\"primaryImageOfPage\":{\"@id\":\"https:\/\/www.imakeyousmile.se\/jordnara-farglatt-och-party\/#primaryimage\"},\"datePublished\":\"2012-09-20T10:47:00+00:00\",\"dateModified\":\"2014-08-16T07:27:01+00:00\",\"description\":\"Jordn\\u00e4ra, f\\u00e4rglatt OCH party! | Helena Amiley - H\\u00e4r hittar du senaste infromation om sk\\u00f6nhet, livsstil, entrepren\\u00f6rskap, makeup & tips.\",\"inLanguage\":\"en-US\",\"potentialAction\":[{\"@type\":\"ReadAction\",\"target\":[\"https:\/\/www.imakeyousmile.se\/jordnara-farglatt-och-party\/\"]}]},{\"@type\":\"Article\",\"@id\":\"https:\/\/www.imakeyousmile.se\/jordnara-farglatt-och-party\/#article\",\"isPartOf\":{\"@id\":\"https:\/\/www.imakeyousmile.se\/jordnara-farglatt-och-party\/#webpage\"},\"author\":{\"@id\":\"https:\/\/www.imakeyousmile.se\/en\/#\/schema\/person\/b0fd43b1c6bb1c60cfd68bff9b4a10fb\"},\"headline\":\"Jordn\\u00e4ra, f\\u00e4rglatt OCH party!\",\"datePublished\":\"2012-09-20T10:47:00+00:00\",\"dateModified\":\"2014-08-16T07:27:01+00:00\",\"mainEntityOfPage\":{\"@id\":\"https:\/\/www.imakeyousmile.se\/jordnara-farglatt-och-party\/#webpage\"},\"commentCount\":0,\"publisher\":{\"@id\":\"https:\/\/www.imakeyousmile.se\/en\/#organization\"},\"image\":{\"@id\":\"https:\/\/www.imakeyousmile.se\/jordnara-farglatt-och-party\/#primaryimage\"},\"articleSection\":\"\\u00d6vrigt\",\"inLanguage\":\"en-US\",\"potentialAction\":[{\"@type\":\"CommentAction\",\"name\":\"Comment\",\"target\":[\"https:\/\/www.imakeyousmile.se\/jordnara-farglatt-och-party\/#respond\"]}]},{\"@type\":\"Person\",\"@id\":\"https:\/\/www.imakeyousmile.se\/en\/#\/schema\/person\/b0fd43b1c6bb1c60cfd68bff9b4a10fb\",\"name\":\"Helena Amiley\",\"image\":{\"@type\":\"ImageObject\",\"@id\":\"https:\/\/www.imakeyousmile.se\/en\/#personlogo\",\"inLanguage\":\"en-US\",\"url\":\"https:\/\/secure.gravatar.com\/avatar\/5645558e1e355457a23368d7e1b4c904?s=96&d=mm&r=g\",\"caption\":\"Helena Amiley\"},\"description\":\"Jag skriver mest om sk\\u00f6nhet men bjuder \\u00e4ven p\\u00e5 glimtar fr\\u00e5n entrepren\\u00f6rlivet och bygget av v\\u00e5r egen camper van. Vanlife here we come!\",\"sameAs\":[\"https:\/\/www.facebook.com\/imakeyousmile.se\",\"https:\/\/www.instagram.com\/helenaamiley\",\"https:\/\/www.youtube.com\/channel\/UCR5iB6rvpV6Yr8ZjpQfr5mg?view_as=subscriber\"]}]}<\/script>\n<!-- \/ Yoast SEO Premium plugin. -->","_links":{"self":[{"href":"https:\/\/www.imakeyousmile.se\/en\/wp-json\/wp\/v2\/posts\/752"}],"collection":[{"href":"https:\/\/www.imakeyousmile.se\/en\/wp-json\/wp\/v2\/posts"}],"about":[{"href":"https:\/\/www.imakeyousmile.se\/en\/wp-json\/wp\/v2\/types\/post"}],"author":[{"embeddable":true,"href":"https:\/\/www.imakeyousmile.se\/en\/wp-json\/wp\/v2\/users\/30"}],"replies":[{"embeddable":true,"href":"https:\/\/www.imakeyousmile.se\/en\/wp-json\/wp\/v2\/comments?post=752"}],"version-history":[{"count":0,"href":"https:\/\/www.imakeyousmile.se\/en\/wp-json\/wp\/v2\/posts\/752\/revisions"}],"wp:attachment":[{"href":"https:\/\/www.imakeyousmile.se\/en\/wp-json\/wp\/v2\/media?parent=752"}],"wp:term":[{"taxonomy":"category","embeddable":true,"href":"https:\/\/www.imakeyousmile.se\/en\/wp-json\/wp\/v2\/categories?post=752"},{"taxonomy":"post_tag","embeddable":true,"href":"https:\/\/www.imakeyousmile.se\/en\/wp-json\/wp\/v2\/tags?post=752"}],"curies":[{"name":"wp","href":"https:\/\/api.w.org\/{rel}","templated":true}]}}