{"id":7949,"date":"2013-09-16T19:34:28","date_gmt":"2013-09-16T17:34:28","guid":{"rendered":"http:\/\/www.imakeyousmile.se\/?p=7949"},"modified":"2015-04-19T10:20:56","modified_gmt":"2015-04-19T08:20:56","slug":"naturligt-med-en-fargklick","status":"publish","type":"post","link":"https:\/\/www.imakeyousmile.se\/en\/natural-with-a-color-click\/","title":{"rendered":"Natural with a click of color"},"content":{"rendered":"<p>Received many requests for natural make-up in the wish form, and among color choices, purple is a clear favorite as well.<\/p>\n<p>Therefore, I have now done a simple and natural make-up with a purple color click :)<\/p>\n<p>Hope you like it!<\/p>\n<p><a href=\"http:\/\/www.imakeyousmile.se\/en\/naturligt-med-en-fargklick\/img_0710-2\/\" rel=\"attachment wp-att-7958\"><img loading=\"lazy\" decoding=\"async\" class=\"alignnone size-large wp-image-7958\" title=\"IMG_0710\" src=\"http:\/\/www.imakeyousmile.se\/wp-content\/uploads\/2013\/09\/IMG_07101-1024x570.jpg\" alt=\"\" width=\"980\" height=\"545\" srcset=\"https:\/\/www.imakeyousmile.se\/wp-content\/uploads\/2013\/09\/IMG_07101-1024x570.jpg 1024w, https:\/\/www.imakeyousmile.se\/wp-content\/uploads\/2013\/09\/IMG_07101-300x167.jpg 300w, https:\/\/www.imakeyousmile.se\/wp-content\/uploads\/2013\/09\/IMG_07101-940x523.jpg 940w, https:\/\/www.imakeyousmile.se\/wp-content\/uploads\/2013\/09\/IMG_07101-620x345.jpg 620w\" sizes=\"(max-width: 980px) 100vw, 980px\" \/><\/a><\/p>\n<p>Suitable for both everyday and finer events!<\/p>\n<p><a href=\"http:\/\/www.imakeyousmile.se\/en\/naturligt-med-en-fargklick\/img_0710-kopia-2-2\/\" rel=\"attachment wp-att-7959\"><img loading=\"lazy\" decoding=\"async\" class=\"alignnone size-large wp-image-7959\" title=\"IMG_0710 - copy (2)\" src=\"http:\/\/www.imakeyousmile.se\/wp-content\/uploads\/2013\/09\/IMG_0710-kopia-21-1024x1012.jpg\" alt=\"\" width=\"980\" height=\"968\" srcset=\"https:\/\/www.imakeyousmile.se\/wp-content\/uploads\/2013\/09\/IMG_0710-kopia-21-1024x1012.jpg 1024w, https:\/\/www.imakeyousmile.se\/wp-content\/uploads\/2013\/09\/IMG_0710-kopia-21-300x296.jpg 300w, https:\/\/www.imakeyousmile.se\/wp-content\/uploads\/2013\/09\/IMG_0710-kopia-21-940x929.jpg 940w, https:\/\/www.imakeyousmile.se\/wp-content\/uploads\/2013\/09\/IMG_0710-kopia-21-620x613.jpg 620w, https:\/\/www.imakeyousmile.se\/wp-content\/uploads\/2013\/09\/IMG_0710-kopia-21.jpg 1338w\" sizes=\"(max-width: 980px) 100vw, 980px\" \/><\/a><\/p>\n<p><span style=\"font-size: 13px; line-height: 19px;\">The eye shadows come from<\/span><a href=\"https:\/\/ion.lyko.com\/t\/t?a=1117786221&#038;as=1548102449&#038;t=2&#038;tk=1&#038;epi=search-replace-isadorapalette&#038;url=https:\/\/lyko.com\/sv\/sok?q=isadora+palette\" target=\"_blank\"><span style=\"font-size: 13px; line-height: 19px;\">\u00a0<\/span><span style=\"font-size: 13px; line-height: 19px;\">IsaDora&#039;s 4-palette Golden Sunset.<\/span><\/a><\/p>\n<p><span style=\"color: #d8a28a;\"><strong>Champagne eyeshadow<\/strong><\/span>\u00a0on the entire eyelid.<br \/>\n<strong><span style=\"color: #ffcc99;\">The brightest eye shadow<\/span>\u00a0<\/strong>under the brow and in the corner of the eye.<br \/>\n<strong><span style=\"color: #993300;\">Brown eye shadow<\/span> <\/strong>at the end of the eyelid and along the globe line.<br \/>\n<strong><span style=\"color: #800080;\">Purple eyeliner<\/span><\/strong> along the lower lash line,<a href=\"https:\/\/ion.lyko.com\/t\/t?a=1117786221&#038;as=1548102449&#038;t=2&#038;tk=1&#038;epi=search-replace-isadorainliner&#038;url=https:\/\/lyko.com\/sv\/isadora\/isadora-inliner-kajal-50-satin-white\" target=\"_blank\"> IsaDora Contour Kajal (69 Amethyst)<\/a><br \/>\n<span style=\"color: #999999;\"><strong>White eyeliner<\/strong><\/span>\u00a0along the waterline,\u00a0<a href=\"https:\/\/ion.lyko.com\/t\/t?a=1117786221&#038;as=1548102449&#038;t=2&#038;tk=1&#038;epi=search-replace-isadorainliner&#038;url=https:\/\/lyko.com\/sv\/isadora\/isadora-inliner-kajal-56-blonde\" target=\"_blank\">IsaDora Inliner Kajal (50 Satin White)<\/a><br \/>\n<span style=\"color: #000000;\"><strong>Black eyeliner\u00a0<\/strong><\/span>along the upper lash line and at the end of the lower lash line,\u00a0<a href=\"https:\/\/ion.lyko.com\/t\/t?a=1117786221&#038;as=1548102449&#038;t=2&#038;tk=1&#038;epi=search-replace-kajaleyeliner&#038;url=https:\/\/lyko.com\/sv\/sok?q=kajal+eyeliner\" target=\"_blank\">Peggy Sage (Black)<\/a><br \/>\nEnd with<span style=\"color: #000000;\">\u00a0<strong>mascara<\/strong>\u00a0<\/span>on all the upper lashes and the outer lower lashes.<br \/>\nI applied false eyelashes from\u00a0<a href=\"https:\/\/ion.lyko.com\/t\/t?a=1117786221&#038;as=1548102449&#038;t=2&#038;tk=1&#038;epi=search-replace-fransar&#038;url=https:\/\/lyko.com\/sv\/sok?q=l%C3%B6sfransar\/\" target=\"_blank\">Peggy Sage.<\/a><\/p>\n<p><a href=\"http:\/\/www.imakeyousmile.se\/en\/naturligt-med-en-fargklick\/img_0729\/\" rel=\"attachment wp-att-7953\"><img loading=\"lazy\" decoding=\"async\" class=\"alignnone size-large wp-image-7953\" title=\"IMG_0729\" src=\"http:\/\/www.imakeyousmile.se\/wp-content\/uploads\/2013\/09\/IMG_0729-783x1024.jpg\" alt=\"\" width=\"783\" height=\"1024\" srcset=\"https:\/\/www.imakeyousmile.se\/wp-content\/uploads\/2013\/09\/IMG_0729-783x1024.jpg 783w, https:\/\/www.imakeyousmile.se\/wp-content\/uploads\/2013\/09\/IMG_0729-229x300.jpg 229w, https:\/\/www.imakeyousmile.se\/wp-content\/uploads\/2013\/09\/IMG_0729-940x1228.jpg 940w, https:\/\/www.imakeyousmile.se\/wp-content\/uploads\/2013\/09\/IMG_0729-620x810.jpg 620w, https:\/\/www.imakeyousmile.se\/wp-content\/uploads\/2013\/09\/IMG_0729.jpg 1958w\" sizes=\"(max-width: 783px) 100vw, 783px\" \/><\/a><\/p>\n<p>Lip-gloss, <a href=\"https:\/\/ion.lyko.com\/t\/t?a=1117786221&#038;as=1548102449&#038;t=2&#038;tk=1&#038;epi=search-replace-lumene&#038;url=https:\/\/lyko.com\/sv\/lumene\" target=\"_blank\">Lumene Raspberry Miracle Lip Sorbet (16 Wild Raspberries)<\/a><\/p>\n<p>&nbsp;<\/p>\n<p>Now I&#039;m going to take a shower, make a cup of tea and hope that Miska comes home before 9 pm so I dare to watch my favorite program The Unknown! :)<\/p>\n<p>Hugs are!<\/p>","protected":false},"excerpt":{"rendered":"<p>Fick m\u00e5nga \u00f6nskem\u00e5l om naturliga sminkningar i \u00f6nskeformul\u00e4ret, och bland f\u00e4rgval \u00e4r lila en klar favorit ocks\u00e5. D\u00e4rf\u00f6r har jag nu gjort en enkel och naturlig sminkning med en lila f\u00e4rgklick :) Hope you like it! Passar b\u00e5de till vardags och finare tillst\u00e4llningar! \u00d6gonskuggorna kommer fr\u00e5n\u00a0IsaDoras 4-palett Golden Sunset. Champagne\u00f6gonskugga\u00a0p\u00e5 hela \u00f6gonlocket. Ljusaste \u00f6gonskuggan\u00a0under brynet [&hellip;]<\/p>\n","protected":false},"author":30,"featured_media":7958,"comment_status":"open","ping_status":"closed","sticky":false,"template":"","format":"standard","meta":{"footnotes":""},"categories":[2827],"tags":[1076],"class_list":["post-7949","post","type-post","status-publish","format-standard","has-post-thumbnail","hentry","category-vardagssminkningar","tag-naturlig-sminkning-med-fargklick"],"yoast_head":"<!-- This site is optimized with the Yoast SEO Premium plugin v14.9 - https:\/\/yoast.com\/wordpress\/plugins\/seo\/ -->\n<meta name=\"description\" content=\"Naturligt med en f\u00e4rgklick | Helena Amiley - H\u00e4r hittar du senaste infromation om sk\u00f6nhet, livsstil, entrepren\u00f6rskap, makeup &amp; tips.\" \/>\n<meta name=\"robots\" content=\"index, follow, max-snippet:-1, max-image-preview:large, max-video-preview:-1\" \/>\n<link rel=\"canonical\" href=\"https:\/\/www.imakeyousmile.se\/en\/naturligt-med-en-fargklick\/\" \/>\n<meta property=\"og:locale\" content=\"en_US\" \/>\n<meta property=\"og:type\" content=\"article\" \/>\n<meta property=\"og:title\" content=\"Naturligt med en f\u00e4rgklick | Imakeyousmile.se\" \/>\n<meta property=\"og:description\" content=\"Naturligt med en f\u00e4rgklick | Helena Amiley - H\u00e4r hittar du senaste infromation om sk\u00f6nhet, livsstil, entrepren\u00f6rskap, makeup &amp; tips.\" \/>\n<meta property=\"og:url\" content=\"https:\/\/www.imakeyousmile.se\/en\/naturligt-med-en-fargklick\/\" \/>\n<meta property=\"og:site_name\" content=\"Imakeyousmile.se\" \/>\n<meta property=\"article:author\" content=\"https:\/\/www.facebook.com\/imakeyousmile.se\" \/>\n<meta property=\"article:published_time\" content=\"2013-09-16T17:34:28+00:00\" \/>\n<meta property=\"article:modified_time\" content=\"2015-04-19T08:20:56+00:00\" \/>\n<meta property=\"og:image\" content=\"https:\/\/www.imakeyousmile.se\/wp-content\/uploads\/2013\/09\/IMG_07101.jpg\" \/>\n\t<meta property=\"og:image:width\" content=\"2560\" \/>\n\t<meta property=\"og:image:height\" content=\"1426\" \/>\n<meta name=\"twitter:card\" content=\"summary_large_image\" \/>\n<script type=\"application\/ld+json\" class=\"yoast-schema-graph\">{\"@context\":\"https:\/\/schema.org\",\"@graph\":[{\"@type\":\"Organization\",\"@id\":\"https:\/\/www.imakeyousmile.se\/en\/#organization\",\"name\":\"Imakeyousmile\",\"url\":\"https:\/\/www.imakeyousmile.se\/en\/\",\"sameAs\":[],\"logo\":{\"@type\":\"ImageObject\",\"@id\":\"https:\/\/www.imakeyousmile.se\/en\/#logo\",\"inLanguage\":\"en-US\",\"url\":\"https:\/\/www.imakeyousmile.se\/wp-content\/uploads\/2020\/10\/HELENA-AMILEY_SVART-1-e1603367975324.png\",\"width\":280,\"height\":93,\"caption\":\"Imakeyousmile\"},\"image\":{\"@id\":\"https:\/\/www.imakeyousmile.se\/en\/#logo\"}},{\"@type\":\"WebSite\",\"@id\":\"https:\/\/www.imakeyousmile.se\/en\/#website\",\"url\":\"https:\/\/www.imakeyousmile.se\/en\/\",\"name\":\"Imakeyousmile.se\",\"description\":\"Helena Amiley - Beauty, Entrepreneur, Lifestyle\",\"publisher\":{\"@id\":\"https:\/\/www.imakeyousmile.se\/en\/#organization\"},\"potentialAction\":[{\"@type\":\"SearchAction\",\"target\":\"https:\/\/www.imakeyousmile.se\/en\/?s={search_term_string}\",\"query-input\":\"required name=search_term_string\"}],\"inLanguage\":\"en-US\"},{\"@type\":\"ImageObject\",\"@id\":\"https:\/\/www.imakeyousmile.se\/naturligt-med-en-fargklick\/#primaryimage\",\"inLanguage\":\"en-US\",\"url\":\"https:\/\/www.imakeyousmile.se\/wp-content\/uploads\/2013\/09\/IMG_07101.jpg\",\"width\":2560,\"height\":1426},{\"@type\":\"WebPage\",\"@id\":\"https:\/\/www.imakeyousmile.se\/naturligt-med-en-fargklick\/#webpage\",\"url\":\"https:\/\/www.imakeyousmile.se\/naturligt-med-en-fargklick\/\",\"name\":\"Naturligt med en f\\u00e4rgklick | Imakeyousmile.se\",\"isPartOf\":{\"@id\":\"https:\/\/www.imakeyousmile.se\/en\/#website\"},\"primaryImageOfPage\":{\"@id\":\"https:\/\/www.imakeyousmile.se\/naturligt-med-en-fargklick\/#primaryimage\"},\"datePublished\":\"2013-09-16T17:34:28+00:00\",\"dateModified\":\"2015-04-19T08:20:56+00:00\",\"description\":\"Naturligt med en f\\u00e4rgklick | Helena Amiley - H\\u00e4r hittar du senaste infromation om sk\\u00f6nhet, livsstil, entrepren\\u00f6rskap, makeup & tips.\",\"inLanguage\":\"en-US\",\"potentialAction\":[{\"@type\":\"ReadAction\",\"target\":[\"https:\/\/www.imakeyousmile.se\/naturligt-med-en-fargklick\/\"]}]},{\"@type\":\"Article\",\"@id\":\"https:\/\/www.imakeyousmile.se\/naturligt-med-en-fargklick\/#article\",\"isPartOf\":{\"@id\":\"https:\/\/www.imakeyousmile.se\/naturligt-med-en-fargklick\/#webpage\"},\"author\":{\"@id\":\"https:\/\/www.imakeyousmile.se\/en\/#\/schema\/person\/b0fd43b1c6bb1c60cfd68bff9b4a10fb\"},\"headline\":\"Naturligt med en f\\u00e4rgklick\",\"datePublished\":\"2013-09-16T17:34:28+00:00\",\"dateModified\":\"2015-04-19T08:20:56+00:00\",\"mainEntityOfPage\":{\"@id\":\"https:\/\/www.imakeyousmile.se\/naturligt-med-en-fargklick\/#webpage\"},\"commentCount\":0,\"publisher\":{\"@id\":\"https:\/\/www.imakeyousmile.se\/en\/#organization\"},\"image\":{\"@id\":\"https:\/\/www.imakeyousmile.se\/naturligt-med-en-fargklick\/#primaryimage\"},\"keywords\":\"naturlig sminkning med f\\u00e4rgklick\",\"articleSection\":\"Neutrala \/ milda sminkningar\",\"inLanguage\":\"en-US\",\"potentialAction\":[{\"@type\":\"CommentAction\",\"name\":\"Comment\",\"target\":[\"https:\/\/www.imakeyousmile.se\/naturligt-med-en-fargklick\/#respond\"]}]},{\"@type\":\"Person\",\"@id\":\"https:\/\/www.imakeyousmile.se\/en\/#\/schema\/person\/b0fd43b1c6bb1c60cfd68bff9b4a10fb\",\"name\":\"Helena Amiley\",\"image\":{\"@type\":\"ImageObject\",\"@id\":\"https:\/\/www.imakeyousmile.se\/en\/#personlogo\",\"inLanguage\":\"en-US\",\"url\":\"https:\/\/secure.gravatar.com\/avatar\/5645558e1e355457a23368d7e1b4c904?s=96&d=mm&r=g\",\"caption\":\"Helena Amiley\"},\"description\":\"Jag skriver mest om sk\\u00f6nhet men bjuder \\u00e4ven p\\u00e5 glimtar fr\\u00e5n entrepren\\u00f6rlivet och bygget av v\\u00e5r egen camper van. Vanlife here we come!\",\"sameAs\":[\"https:\/\/www.facebook.com\/imakeyousmile.se\",\"https:\/\/www.instagram.com\/helenaamiley\",\"https:\/\/www.youtube.com\/channel\/UCR5iB6rvpV6Yr8ZjpQfr5mg?view_as=subscriber\"]}]}<\/script>\n<!-- \/ Yoast SEO Premium plugin. -->","_links":{"self":[{"href":"https:\/\/www.imakeyousmile.se\/en\/wp-json\/wp\/v2\/posts\/7949"}],"collection":[{"href":"https:\/\/www.imakeyousmile.se\/en\/wp-json\/wp\/v2\/posts"}],"about":[{"href":"https:\/\/www.imakeyousmile.se\/en\/wp-json\/wp\/v2\/types\/post"}],"author":[{"embeddable":true,"href":"https:\/\/www.imakeyousmile.se\/en\/wp-json\/wp\/v2\/users\/30"}],"replies":[{"embeddable":true,"href":"https:\/\/www.imakeyousmile.se\/en\/wp-json\/wp\/v2\/comments?post=7949"}],"version-history":[{"count":1,"href":"https:\/\/www.imakeyousmile.se\/en\/wp-json\/wp\/v2\/posts\/7949\/revisions"}],"predecessor-version":[{"id":19108,"href":"https:\/\/www.imakeyousmile.se\/en\/wp-json\/wp\/v2\/posts\/7949\/revisions\/19108"}],"wp:featuredmedia":[{"embeddable":true,"href":"https:\/\/www.imakeyousmile.se\/en\/wp-json\/wp\/v2\/media\/7958"}],"wp:attachment":[{"href":"https:\/\/www.imakeyousmile.se\/en\/wp-json\/wp\/v2\/media?parent=7949"}],"wp:term":[{"taxonomy":"category","embeddable":true,"href":"https:\/\/www.imakeyousmile.se\/en\/wp-json\/wp\/v2\/categories?post=7949"},{"taxonomy":"post_tag","embeddable":true,"href":"https:\/\/www.imakeyousmile.se\/en\/wp-json\/wp\/v2\/tags?post=7949"}],"curies":[{"name":"wp","href":"https:\/\/api.w.org\/{rel}","templated":true}]}}