{"id":8161,"date":"2013-09-24T12:42:04","date_gmt":"2013-09-24T10:42:04","guid":{"rendered":"http:\/\/www.imakeyousmile.se\/?p=8161"},"modified":"2015-04-19T10:22:32","modified_gmt":"2015-04-19T08:22:32","slug":"onskesminkning-fargglatt-med-fokus-pa-undre-fransraden","status":"publish","type":"post","link":"https:\/\/www.imakeyousmile.se\/en\/wish-make-up-colorful-with-focus-on-the-lower-lash-line\/","title":{"rendered":"Wish make-up - Colorful with a focus on the lower lash line"},"content":{"rendered":"<p>The wish make-up just rolls in, super fun :) But I think it got a little boring to collect several pieces similar, and make a make-up that suits all of them at once, as I did for a while. Even though it is a good way to catch up with as many people as possible!<\/p>\n<p>Especially when I got a wish make-up where it said <em>&quot;I want a new one, I was not happy with the other&quot;<\/em>, then I realized that it was not appreciated to do so and that is what is important. I want to make you happy :)<\/p>\n<p>So now I take one wish make-up at a time instead, but then it&#039;s an impossibility to do it all I hope you understand it. I do not have time to do 10 step-by-step make-ups in one day;)<\/p>\n<p>Well, here comes today&#039;s chosen ones!<\/p>\n<p><strong>Keywords:<\/strong> I like all kinds of make-up. Everyday. Colorful. Eyeliner without wing. Sotad. Intensive.<\/p>\n<p><span style=\"text-decoration: underline;\"><strong>Description:<\/strong><\/span><br \/>\n<em><strong>\u201cI&#039;m 40\u2026 and like colors. I have blue-gray eyes.<\/strong><\/em><\/p>\n<p><em><strong>I like your idea of focusing on the lower fringe, but I also like to mix colors. For example. yellow and green\u2026 or maybe take out the turns even more with green? What colors go well with green?\u00a0<\/strong><\/em><\/p>\n<p><span style=\"font-size: medium;\"><em><strong>No date, I can put on make-up like this for everyday (a little color click on life) as I call it.\u00a0<span style=\"line-height: 19px;\">But completely without wing, black mascara, any color on the lower lash?\u00a0<\/span><span style=\"line-height: 19px;\">TAAAACK! \u201d<\/span><\/strong><\/em><\/span><\/p>\n<p>Glad you dare to use a lot of color in everyday life, it is liked! :)<\/p>\n<p>Green is super nice and the easiest way is to combine it with yellow and \/ or blue, as those colors are next to each other in the color circle.<\/p>\n<p>I have applied two natural eye shadows on the eyelid <em>(but there you can do as you like, darker, lighter, one or more shadows)<\/em> and then I have applied yellow, green and blue on the lower lash line, mostly green, and in addition I have also applied a dark green mascara under the eye!<\/p>\n<p><a href=\"http:\/\/www.imakeyousmile.se\/en\/onskesminkning-fargglatt-med-fokus-pa-undre-fransraden\/img_2048\/\" rel=\"attachment wp-att-8162\"><img loading=\"lazy\" decoding=\"async\" class=\"alignnone size-large wp-image-8162\" title=\"IMG_2048\" src=\"http:\/\/www.imakeyousmile.se\/wp-content\/uploads\/2013\/09\/IMG_2048-1024x567.jpg\" alt=\"\" width=\"980\" height=\"542\" srcset=\"https:\/\/www.imakeyousmile.se\/wp-content\/uploads\/2013\/09\/IMG_2048-1024x567.jpg 1024w, https:\/\/www.imakeyousmile.se\/wp-content\/uploads\/2013\/09\/IMG_2048-300x166.jpg 300w, https:\/\/www.imakeyousmile.se\/wp-content\/uploads\/2013\/09\/IMG_2048-940x520.jpg 940w, https:\/\/www.imakeyousmile.se\/wp-content\/uploads\/2013\/09\/IMG_2048-620x343.jpg 620w\" sizes=\"(max-width: 980px) 100vw, 980px\" \/><\/a><\/p>\n<p>With flash.<\/p>\n<p><a href=\"http:\/\/www.imakeyousmile.se\/en\/onskesminkning-fargglatt-med-fokus-pa-undre-fransraden\/img_2067\/\" rel=\"attachment wp-att-8165\"><img loading=\"lazy\" decoding=\"async\" class=\"alignnone size-large wp-image-8165\" title=\"IMG_2067\" src=\"http:\/\/www.imakeyousmile.se\/wp-content\/uploads\/2013\/09\/IMG_2067-1024x576.jpg\" alt=\"\" width=\"980\" height=\"551\" srcset=\"https:\/\/www.imakeyousmile.se\/wp-content\/uploads\/2013\/09\/IMG_2067-1024x576.jpg 1024w, https:\/\/www.imakeyousmile.se\/wp-content\/uploads\/2013\/09\/IMG_2067-300x169.jpg 300w, https:\/\/www.imakeyousmile.se\/wp-content\/uploads\/2013\/09\/IMG_2067-940x529.jpg 940w, https:\/\/www.imakeyousmile.se\/wp-content\/uploads\/2013\/09\/IMG_2067-640x360.jpg 640w, https:\/\/www.imakeyousmile.se\/wp-content\/uploads\/2013\/09\/IMG_2067-460x259.jpg 460w, https:\/\/www.imakeyousmile.se\/wp-content\/uploads\/2013\/09\/IMG_2067-220x124.jpg 220w, https:\/\/www.imakeyousmile.se\/wp-content\/uploads\/2013\/09\/IMG_2067-620x349.jpg 620w\" sizes=\"(max-width: 980px) 100vw, 980px\" \/><\/a><\/p>\n<p>Without flash.<\/p>\n<p><a href=\"http:\/\/www.imakeyousmile.se\/en\/onskesminkning-fargglatt-med-fokus-pa-undre-fransraden\/voodoo-fever-make-up-store\/\" rel=\"attachment wp-att-8168\"><img loading=\"lazy\" decoding=\"async\" class=\"alignnone size-full wp-image-8168\" title=\"voodoo fever make up store\" src=\"http:\/\/www.imakeyousmile.se\/wp-content\/uploads\/2013\/09\/voodoo-fever-make-up-store.jpg\" alt=\"\" width=\"493\" height=\"473\" srcset=\"https:\/\/www.imakeyousmile.se\/wp-content\/uploads\/2013\/09\/voodoo-fever-make-up-store.jpg 493w, https:\/\/www.imakeyousmile.se\/wp-content\/uploads\/2013\/09\/voodoo-fever-make-up-store-300x287.jpg 300w\" sizes=\"(max-width: 493px) 100vw, 493px\" \/><\/a><\/p>\n<p>This eyeshadow from Make Up Store was linked, the shade <a href=\"https:\/\/ion.lyko.com\/t\/t?a=1117786221&#038;as=1548102449&#038;t=2&#038;tk=1&#038;epi=search-replace-MUSeyedust&#038;url=https:\/\/lyko.com\/sv\/sok?q=make+up+store+eyedust\" target=\"_blank\">Voodo Fever<\/a>.<\/p>\n<p>Great, so I know about what shade to use as there are so many different! :)<\/p>\n<p><a href=\"http:\/\/www.imakeyousmile.se\/en\/onskesminkning-fargglatt-med-fokus-pa-undre-fransraden\/onskesminkning-fargglatt-pa-undre-fransraden\/\" rel=\"attachment wp-att-8167\"><img loading=\"lazy\" decoding=\"async\" class=\"alignnone size-full wp-image-8167\" title=\"wish make-up colorful on the lower lash line\" src=\"http:\/\/www.imakeyousmile.se\/wp-content\/uploads\/2013\/09\/\u00f6nskesminkning-f\u00e4rgglatt-p\u00e5-undre-fransraden.jpg\" alt=\"\" width=\"656\" height=\"1612\" srcset=\"https:\/\/www.imakeyousmile.se\/wp-content\/uploads\/2013\/09\/\u00f6nskesminkning-f\u00e4rgglatt-p\u00e5-undre-fransraden.jpg 656w, https:\/\/www.imakeyousmile.se\/wp-content\/uploads\/2013\/09\/\u00f6nskesminkning-f\u00e4rgglatt-p\u00e5-undre-fransraden-122x300.jpg 122w, https:\/\/www.imakeyousmile.se\/wp-content\/uploads\/2013\/09\/\u00f6nskesminkning-f\u00e4rgglatt-p\u00e5-undre-fransraden-620x1523.jpg 620w\" sizes=\"(max-width: 656px) 100vw, 656px\" \/><\/a><\/p>\n<p>1. <strong><span style=\"color: #b1633d;\">Light brown eye shadow<\/span><\/strong> on the entire eyelid, <a href=\"https:\/\/ion.lyko.com\/t\/t?a=1117786221&#038;as=1548102449&#038;t=2&#038;tk=1&#038;epi=search-replace-isadorapalette&#038;url=https:\/\/lyko.com\/sv\/sok?q=isadora+palette\" target=\"_blank\">IsaDora Eye Shadow Quartet (20 Classic Brown)<\/a><br \/>\n2. <strong><span style=\"color: #993300;\">Brown eye shadow<\/span><\/strong> along the globe line,\u00a0<a href=\"https:\/\/ion.lyko.com\/t\/t?a=1117786221&#038;as=1548102449&#038;t=2&#038;tk=1&#038;epi=search-replace-isadorapalette&#038;url=https:\/\/lyko.com\/sv\/sok?q=isadora+palette\" target=\"_blank\">IsaDora Eye Shadow Quartet (20 Classic Brown<\/a>)<br \/>\n3. <strong><span style=\"color: #ffcc00;\">Yellow eye shadow<\/span><\/strong> at the bottom of the lower lash line, <a href=\"https:\/\/ion.lyko.com\/t\/t?a=1117786221&#038;as=1548102449&#038;t=2&#038;tk=1&#038;epi=search-replace-paletter&#038;url=https:\/\/lyko.com\/sv\/smink\/paletter\" target=\"_blank\">iMys 40 Palette.<\/a><br \/>\n4. <strong><span style=\"color: #00c100;\">Green eye shadow<\/span><\/strong> in the middle of the lower lash line,\u00a0<a href=\"https:\/\/ion.lyko.com\/t\/t?a=1117786221&#038;as=1548102449&#038;t=2&#038;tk=1&#038;epi=search-replace-paletter&#038;url=https:\/\/lyko.com\/sv\/smink\/paletter\" target=\"_blank\">iMys 40 Palette.<\/a><br \/>\n5. <strong><span style=\"color: #3366ff;\">Blue eye shadow<\/span><\/strong> at the bottom of the lower lash line,\u00a0<a href=\"https:\/\/ion.lyko.com\/t\/t?a=1117786221&#038;as=1548102449&#038;t=2&#038;tk=1&#038;epi=search-replace-paletter&#038;url=https:\/\/lyko.com\/sv\/smink\/paletter\" target=\"_blank\">iMys 40 Palette.<\/a><br \/>\n6. <strong><span style=\"color: #625739;\">Brown-green eyeliner<\/span> <\/strong>along the upper lash line and the waterline, <a href=\"https:\/\/ion.lyko.com\/t\/t?a=1117786221&#038;as=1548102449&#038;t=2&#038;tk=1&#038;epi=search-replace-kajaleyeliner&#038;url=https:\/\/lyko.com\/sv\/sok?q=kajal+eyeliner\" target=\"_blank\">Pur Minerals Eye Pencil (Hidden Treasure)<\/a><br \/>\n7. <strong><span style=\"color: #339966;\">Green mascara<\/span> <\/strong>on the lower lashes, <a href=\"https:\/\/ion.lyko.com\/t\/t?a=1117786221&#038;as=1548102449&#038;t=2&#038;tk=1&#038;epi=search-replace-mascara&#038;url=https:\/\/lyko.com\/sv\/smink\/ogon\/mascara\" target=\"_blank\">Make Up Store Colored Mascara (Green)<\/a><br \/>\n<strong><span style=\"color: #000000;\">Black mascara<\/span> <\/strong>on the upper lashes, <a href=\"https:\/\/ion.lyko.com\/t\/t?a=1117786221&#038;as=1548102449&#038;t=2&#038;tk=1&#038;epi=search-replace-cloudberry&#038;url=https:\/\/lyko.com\/sv\/lumene\/lumene-cloudberry-volume-serum-masca-01\" target=\"_blank\">Lumene Cloudberry Volume Serum Mascara.<\/a><\/p>\n<p><a href=\"http:\/\/www.imakeyousmile.se\/en\/onskesminkning-fargglatt-med-fokus-pa-undre-fransraden\/img_2057\/\" rel=\"attachment wp-att-8163\"><img loading=\"lazy\" decoding=\"async\" class=\"alignnone size-large wp-image-8163\" title=\"IMG_2057\" src=\"http:\/\/www.imakeyousmile.se\/wp-content\/uploads\/2013\/09\/IMG_2057-731x1024.jpg\" alt=\"\" width=\"731\" height=\"1024\" srcset=\"https:\/\/www.imakeyousmile.se\/wp-content\/uploads\/2013\/09\/IMG_2057-731x1024.jpg 731w, https:\/\/www.imakeyousmile.se\/wp-content\/uploads\/2013\/09\/IMG_2057-214x300.jpg 214w, https:\/\/www.imakeyousmile.se\/wp-content\/uploads\/2013\/09\/IMG_2057-940x1315.jpg 940w, https:\/\/www.imakeyousmile.se\/wp-content\/uploads\/2013\/09\/IMG_2057.jpg 1829w\" sizes=\"(max-width: 731px) 100vw, 731px\" \/><\/a><\/p>\n<p>Lip-gloss, <a href=\"http:\/\/eleven.se\/purminerals-lip-gloss-stick-20908.html\" target=\"_blank\">Pure Minerals Gloss Stick (Beach Bum)<\/a><\/p>\n<p><a href=\"http:\/\/www.imakeyousmile.se\/en\/onskesminkning-fargglatt-med-fokus-pa-undre-fransraden\/img_2064\/\" rel=\"attachment wp-att-8164\"><img loading=\"lazy\" decoding=\"async\" class=\"alignnone size-large wp-image-8164\" title=\"IMG_2064\" src=\"http:\/\/www.imakeyousmile.se\/wp-content\/uploads\/2013\/09\/IMG_2064-910x1024.jpg\" alt=\"\" width=\"910\" height=\"1024\" srcset=\"https:\/\/www.imakeyousmile.se\/wp-content\/uploads\/2013\/09\/IMG_2064-910x1024.jpg 910w, https:\/\/www.imakeyousmile.se\/wp-content\/uploads\/2013\/09\/IMG_2064-266x300.jpg 266w, https:\/\/www.imakeyousmile.se\/wp-content\/uploads\/2013\/09\/IMG_2064-940x1057.jpg 940w, https:\/\/www.imakeyousmile.se\/wp-content\/uploads\/2013\/09\/IMG_2064-620x697.jpg 620w\" sizes=\"(max-width: 910px) 100vw, 910px\" \/><\/a><\/p>\n<p><a href=\"http:\/\/www.imakeyousmile.se\/en\/onskesminkning-fargglatt-med-fokus-pa-undre-fransraden\/img_2077\/\" rel=\"attachment wp-att-8166\"><img loading=\"lazy\" decoding=\"async\" class=\"alignnone size-large wp-image-8166\" title=\"IMG_2077\" src=\"http:\/\/www.imakeyousmile.se\/wp-content\/uploads\/2013\/09\/IMG_2077-671x1024.jpg\" alt=\"\" width=\"671\" height=\"1024\" srcset=\"https:\/\/www.imakeyousmile.se\/wp-content\/uploads\/2013\/09\/IMG_2077-671x1024.jpg 671w, https:\/\/www.imakeyousmile.se\/wp-content\/uploads\/2013\/09\/IMG_2077-196x300.jpg 196w\" sizes=\"(max-width: 671px) 100vw, 671px\" \/><\/a><\/p>\n<p>Without flash.<\/p>\n<p>&nbsp;<\/p>\n<p>Hope you are happy with the makeup and that you have received lots of inspiration!<\/p>\n<p>Hugs<\/p>","protected":false},"excerpt":{"rendered":"<p>\u00d6nskesminkningarna bara rullar in, superkul :) Men jag tycker det blev lite trist att samla ihop flera stycken liknande, och g\u00f6ra en sminkning som passar alla dom p\u00e5 en g\u00e5ng, som jag gjorde ett tag. \u00c4ven fast det \u00e4r ett bra s\u00e4tt att hinna med s\u00e5 m\u00e5nga som m\u00f6jligt! Speciellt n\u00e4r jag fick en \u00f6nskesminkning [&hellip;]<\/p>\n","protected":false},"author":30,"featured_media":8162,"comment_status":"open","ping_status":"closed","sticky":false,"template":"","format":"standard","meta":{"footnotes":""},"categories":[2623],"tags":[48,1106,1049,1105],"class_list":["post-8161","post","type-post","status-publish","format-standard","has-post-thumbnail","hentry","category-sminkningar","tag-fargglad-sminkning","tag-fokus-pa-undre-fransraden","tag-onskesminkning","tag-steg-for-steg-tutorial"],"yoast_head":"<!-- This site is optimized with the Yoast SEO Premium plugin v14.9 - https:\/\/yoast.com\/wordpress\/plugins\/seo\/ -->\n<meta name=\"description\" content=\"\u00d6nskesminkning - F\u00e4rgglatt med fokus p\u00e5 undre fransraden | Helena Amiley - H\u00e4r hittar du senaste infromation om sk\u00f6nhet, livsstil, entrepren\u00f6rskap, makeup &amp; tips.\" \/>\n<meta name=\"robots\" content=\"index, follow, max-snippet:-1, max-image-preview:large, max-video-preview:-1\" \/>\n<link rel=\"canonical\" href=\"https:\/\/www.imakeyousmile.se\/en\/onskesminkning-fargglatt-med-fokus-pa-undre-fransraden\/\" \/>\n<meta property=\"og:locale\" content=\"en_US\" \/>\n<meta property=\"og:type\" content=\"article\" \/>\n<meta property=\"og:title\" content=\"\u00d6nskesminkning - F\u00e4rgglatt med fokus p\u00e5 undre fransraden | Imakeyousmile.se\" \/>\n<meta property=\"og:description\" content=\"\u00d6nskesminkning - F\u00e4rgglatt med fokus p\u00e5 undre fransraden | Helena Amiley - H\u00e4r hittar du senaste infromation om sk\u00f6nhet, livsstil, entrepren\u00f6rskap, makeup &amp; tips.\" \/>\n<meta property=\"og:url\" content=\"https:\/\/www.imakeyousmile.se\/en\/onskesminkning-fargglatt-med-fokus-pa-undre-fransraden\/\" \/>\n<meta property=\"og:site_name\" content=\"Imakeyousmile.se\" \/>\n<meta property=\"article:author\" content=\"https:\/\/www.facebook.com\/imakeyousmile.se\" \/>\n<meta property=\"article:published_time\" content=\"2013-09-24T10:42:04+00:00\" \/>\n<meta property=\"article:modified_time\" content=\"2015-04-19T08:22:32+00:00\" \/>\n<meta property=\"og:image\" content=\"https:\/\/www.imakeyousmile.se\/wp-content\/uploads\/2013\/09\/IMG_2048.jpg\" \/>\n\t<meta property=\"og:image:width\" content=\"2560\" \/>\n\t<meta property=\"og:image:height\" content=\"1418\" \/>\n<meta name=\"twitter:card\" content=\"summary_large_image\" \/>\n<script type=\"application\/ld+json\" class=\"yoast-schema-graph\">{\"@context\":\"https:\/\/schema.org\",\"@graph\":[{\"@type\":\"Organization\",\"@id\":\"https:\/\/www.imakeyousmile.se\/en\/#organization\",\"name\":\"Imakeyousmile\",\"url\":\"https:\/\/www.imakeyousmile.se\/en\/\",\"sameAs\":[],\"logo\":{\"@type\":\"ImageObject\",\"@id\":\"https:\/\/www.imakeyousmile.se\/en\/#logo\",\"inLanguage\":\"en-US\",\"url\":\"https:\/\/www.imakeyousmile.se\/wp-content\/uploads\/2020\/10\/HELENA-AMILEY_SVART-1-e1603367975324.png\",\"width\":280,\"height\":93,\"caption\":\"Imakeyousmile\"},\"image\":{\"@id\":\"https:\/\/www.imakeyousmile.se\/en\/#logo\"}},{\"@type\":\"WebSite\",\"@id\":\"https:\/\/www.imakeyousmile.se\/en\/#website\",\"url\":\"https:\/\/www.imakeyousmile.se\/en\/\",\"name\":\"Imakeyousmile.se\",\"description\":\"Helena Amiley - Beauty, Entrepreneur, Lifestyle\",\"publisher\":{\"@id\":\"https:\/\/www.imakeyousmile.se\/en\/#organization\"},\"potentialAction\":[{\"@type\":\"SearchAction\",\"target\":\"https:\/\/www.imakeyousmile.se\/en\/?s={search_term_string}\",\"query-input\":\"required name=search_term_string\"}],\"inLanguage\":\"en-US\"},{\"@type\":\"ImageObject\",\"@id\":\"https:\/\/www.imakeyousmile.se\/onskesminkning-fargglatt-med-fokus-pa-undre-fransraden\/#primaryimage\",\"inLanguage\":\"en-US\",\"url\":\"https:\/\/www.imakeyousmile.se\/wp-content\/uploads\/2013\/09\/IMG_2048.jpg\",\"width\":2560,\"height\":1418},{\"@type\":\"WebPage\",\"@id\":\"https:\/\/www.imakeyousmile.se\/onskesminkning-fargglatt-med-fokus-pa-undre-fransraden\/#webpage\",\"url\":\"https:\/\/www.imakeyousmile.se\/onskesminkning-fargglatt-med-fokus-pa-undre-fransraden\/\",\"name\":\"\\u00d6nskesminkning - F\\u00e4rgglatt med fokus p\\u00e5 undre fransraden | Imakeyousmile.se\",\"isPartOf\":{\"@id\":\"https:\/\/www.imakeyousmile.se\/en\/#website\"},\"primaryImageOfPage\":{\"@id\":\"https:\/\/www.imakeyousmile.se\/onskesminkning-fargglatt-med-fokus-pa-undre-fransraden\/#primaryimage\"},\"datePublished\":\"2013-09-24T10:42:04+00:00\",\"dateModified\":\"2015-04-19T08:22:32+00:00\",\"description\":\"\\u00d6nskesminkning - F\\u00e4rgglatt med fokus p\\u00e5 undre fransraden | Helena Amiley - H\\u00e4r hittar du senaste infromation om sk\\u00f6nhet, livsstil, entrepren\\u00f6rskap, makeup & tips.\",\"inLanguage\":\"en-US\",\"potentialAction\":[{\"@type\":\"ReadAction\",\"target\":[\"https:\/\/www.imakeyousmile.se\/onskesminkning-fargglatt-med-fokus-pa-undre-fransraden\/\"]}]},{\"@type\":\"Article\",\"@id\":\"https:\/\/www.imakeyousmile.se\/onskesminkning-fargglatt-med-fokus-pa-undre-fransraden\/#article\",\"isPartOf\":{\"@id\":\"https:\/\/www.imakeyousmile.se\/onskesminkning-fargglatt-med-fokus-pa-undre-fransraden\/#webpage\"},\"author\":{\"@id\":\"https:\/\/www.imakeyousmile.se\/en\/#\/schema\/person\/b0fd43b1c6bb1c60cfd68bff9b4a10fb\"},\"headline\":\"\\u00d6nskesminkning &#8211; F\\u00e4rgglatt med fokus p\\u00e5 undre fransraden\",\"datePublished\":\"2013-09-24T10:42:04+00:00\",\"dateModified\":\"2015-04-19T08:22:32+00:00\",\"mainEntityOfPage\":{\"@id\":\"https:\/\/www.imakeyousmile.se\/onskesminkning-fargglatt-med-fokus-pa-undre-fransraden\/#webpage\"},\"commentCount\":0,\"publisher\":{\"@id\":\"https:\/\/www.imakeyousmile.se\/en\/#organization\"},\"image\":{\"@id\":\"https:\/\/www.imakeyousmile.se\/onskesminkning-fargglatt-med-fokus-pa-undre-fransraden\/#primaryimage\"},\"keywords\":\"F\\u00e4rgglad sminkning,fokus p\\u00e5 undre fransraden,\\u00f6nskesminkning,steg f\\u00f6r steg. tutorial\",\"articleSection\":\"Sminkningar\",\"inLanguage\":\"en-US\",\"potentialAction\":[{\"@type\":\"CommentAction\",\"name\":\"Comment\",\"target\":[\"https:\/\/www.imakeyousmile.se\/onskesminkning-fargglatt-med-fokus-pa-undre-fransraden\/#respond\"]}]},{\"@type\":\"Person\",\"@id\":\"https:\/\/www.imakeyousmile.se\/en\/#\/schema\/person\/b0fd43b1c6bb1c60cfd68bff9b4a10fb\",\"name\":\"Helena Amiley\",\"image\":{\"@type\":\"ImageObject\",\"@id\":\"https:\/\/www.imakeyousmile.se\/en\/#personlogo\",\"inLanguage\":\"en-US\",\"url\":\"https:\/\/secure.gravatar.com\/avatar\/5645558e1e355457a23368d7e1b4c904?s=96&d=mm&r=g\",\"caption\":\"Helena Amiley\"},\"description\":\"Jag skriver mest om sk\\u00f6nhet men bjuder \\u00e4ven p\\u00e5 glimtar fr\\u00e5n entrepren\\u00f6rlivet och bygget av v\\u00e5r egen camper van. Vanlife here we come!\",\"sameAs\":[\"https:\/\/www.facebook.com\/imakeyousmile.se\",\"https:\/\/www.instagram.com\/helenaamiley\",\"https:\/\/www.youtube.com\/channel\/UCR5iB6rvpV6Yr8ZjpQfr5mg?view_as=subscriber\"]}]}<\/script>\n<!-- \/ Yoast SEO Premium plugin. -->","_links":{"self":[{"href":"https:\/\/www.imakeyousmile.se\/en\/wp-json\/wp\/v2\/posts\/8161"}],"collection":[{"href":"https:\/\/www.imakeyousmile.se\/en\/wp-json\/wp\/v2\/posts"}],"about":[{"href":"https:\/\/www.imakeyousmile.se\/en\/wp-json\/wp\/v2\/types\/post"}],"author":[{"embeddable":true,"href":"https:\/\/www.imakeyousmile.se\/en\/wp-json\/wp\/v2\/users\/30"}],"replies":[{"embeddable":true,"href":"https:\/\/www.imakeyousmile.se\/en\/wp-json\/wp\/v2\/comments?post=8161"}],"version-history":[{"count":2,"href":"https:\/\/www.imakeyousmile.se\/en\/wp-json\/wp\/v2\/posts\/8161\/revisions"}],"predecessor-version":[{"id":42063,"href":"https:\/\/www.imakeyousmile.se\/en\/wp-json\/wp\/v2\/posts\/8161\/revisions\/42063"}],"wp:featuredmedia":[{"embeddable":true,"href":"https:\/\/www.imakeyousmile.se\/en\/wp-json\/wp\/v2\/media\/8162"}],"wp:attachment":[{"href":"https:\/\/www.imakeyousmile.se\/en\/wp-json\/wp\/v2\/media?parent=8161"}],"wp:term":[{"taxonomy":"category","embeddable":true,"href":"https:\/\/www.imakeyousmile.se\/en\/wp-json\/wp\/v2\/categories?post=8161"},{"taxonomy":"post_tag","embeddable":true,"href":"https:\/\/www.imakeyousmile.se\/en\/wp-json\/wp\/v2\/tags?post=8161"}],"curies":[{"name":"wp","href":"https:\/\/api.w.org\/{rel}","templated":true}]}}