{"id":8688,"date":"2013-10-17T13:02:39","date_gmt":"2013-10-17T11:02:39","guid":{"rendered":"http:\/\/www.imakeyousmile.se\/?p=8688"},"modified":"2013-10-16T11:20:36","modified_gmt":"2013-10-16T09:20:36","slug":"tacka-finnar","status":"publish","type":"post","link":"https:\/\/www.imakeyousmile.se\/en\/thank-pimples\/","title":{"rendered":"Cover pimples"},"content":{"rendered":"<p>I have previously shown when I cover my red nose with nudh minerals green concealer <a href=\"https:\/\/click.adrecord.com?c=5979&#038;p=1041&#038;url=https%3A\/\/kissedbyeco.se\/brand\/yag\/\" target=\"_blank\">Covers Red<\/a>.<\/p>\n<p>But now I really have the perfect opportunity to show how good it actually is, because I have a stooor red pimple on my cheek. So I can show how I neutralize both the pimple and the nose in the same picture!<\/p>\n<p>That a pimple sticks out is almost impossible to cover completely, then you have to build up the skin around with masquerade make-up, but it feels a bit overpriced;)<\/p>\n<p>I often see people covering their pimples by applying lots of foundation just there, or a very oily concealer. This means that the basic make-up differs in the areas compared to the rest of the face, and you will see that &quot;<em>there he has tried to cover something<\/em>Before you even see the fins themselves.<\/p>\n<p>If you instead neutralize the red with the help of a green concealer, you do not need to apply more foundation than you do in the rest of the face, and thus you also get a more natural coverage!<\/p>\n<p><a href=\"http:\/\/www.imakeyousmile.se\/en\/?attachment_id=8691\" rel=\"attachment wp-att-8691\"><img loading=\"lazy\" decoding=\"async\" class=\"alignnone size-large wp-image-8691\" title=\"nudh mineral covers red concealer before after\" src=\"http:\/\/www.imakeyousmile.se\/wp-content\/uploads\/2013\/10\/nudh-mineral-covers-red-concealer-f\u00f6re-efter-1024x465.jpg\" alt=\"\" width=\"980\" height=\"445\" srcset=\"https:\/\/www.imakeyousmile.se\/wp-content\/uploads\/2013\/10\/nudh-mineral-covers-red-concealer-f\u00f6re-efter-1024x465.jpg 1024w, https:\/\/www.imakeyousmile.se\/wp-content\/uploads\/2013\/10\/nudh-mineral-covers-red-concealer-f\u00f6re-efter-300x136.jpg 300w, https:\/\/www.imakeyousmile.se\/wp-content\/uploads\/2013\/10\/nudh-mineral-covers-red-concealer-f\u00f6re-efter-940x426.jpg 940w, https:\/\/www.imakeyousmile.se\/wp-content\/uploads\/2013\/10\/nudh-mineral-covers-red-concealer-f\u00f6re-efter-620x281.jpg 620w\" sizes=\"(max-width: 980px) 100vw, 980px\" \/><\/a><\/p>\n<p>Here I have put the concealer on my red blood vessels around the nasal wing, as well as on the fin.<\/p>\n<p>I forgot to take a picture of it, but with foundation left over, the Finn was enchanted!<\/p>\n<p><a href=\"http:\/\/www.imakeyousmile.se\/en\/?attachment_id=8689\" rel=\"attachment wp-att-8689\"><img loading=\"lazy\" decoding=\"async\" class=\"alignnone size-large wp-image-8689\" title=\"IMG_4747\" src=\"http:\/\/www.imakeyousmile.se\/wp-content\/uploads\/2013\/10\/IMG_4747-1024x916.jpg\" alt=\"\" width=\"980\" height=\"876\" srcset=\"https:\/\/www.imakeyousmile.se\/wp-content\/uploads\/2013\/10\/IMG_4747-1024x916.jpg 1024w, https:\/\/www.imakeyousmile.se\/wp-content\/uploads\/2013\/10\/IMG_4747-300x268.jpg 300w, https:\/\/www.imakeyousmile.se\/wp-content\/uploads\/2013\/10\/IMG_4747-940x841.jpg 940w, https:\/\/www.imakeyousmile.se\/wp-content\/uploads\/2013\/10\/IMG_4747-620x555.jpg 620w\" sizes=\"(max-width: 980px) 100vw, 980px\" \/><\/a><\/p>\n<p><em>Before<\/em><\/p>\n<p><a href=\"http:\/\/www.imakeyousmile.se\/en\/?attachment_id=8690\" rel=\"attachment wp-att-8690\"><img loading=\"lazy\" decoding=\"async\" class=\"alignnone size-large wp-image-8690\" title=\"IMG_4751\" src=\"http:\/\/www.imakeyousmile.se\/wp-content\/uploads\/2013\/10\/IMG_4751-1024x946.jpg\" alt=\"\" width=\"980\" height=\"905\" srcset=\"https:\/\/www.imakeyousmile.se\/wp-content\/uploads\/2013\/10\/IMG_4751-1024x946.jpg 1024w, https:\/\/www.imakeyousmile.se\/wp-content\/uploads\/2013\/10\/IMG_4751-300x277.jpg 300w, https:\/\/www.imakeyousmile.se\/wp-content\/uploads\/2013\/10\/IMG_4751-940x868.jpg 940w, https:\/\/www.imakeyousmile.se\/wp-content\/uploads\/2013\/10\/IMG_4751-620x573.jpg 620w, https:\/\/www.imakeyousmile.se\/wp-content\/uploads\/2013\/10\/IMG_4751.jpg 1732w\" sizes=\"(max-width: 980px) 100vw, 980px\" \/><\/a><\/p>\n<p><em>After<\/em><\/p>\n<p>You who have bought this concealer in the webshop (it&#039;s a lot!) You are more than happy to write reviews on the page so that more people can see what you think. <a href=\"https:\/\/click.adrecord.com?c=5979&#038;p=1041&#038;url=https%3A\/\/kissedbyeco.se\/brand\/yag\/\" target=\"_blank\">click here<\/a>, and then you can write your review under the heading &quot;Reviews&quot;. :)<\/p>\n<p>&nbsp;<\/p>\n<p><strong>Hugs are!<\/strong><\/p>","protected":false},"excerpt":{"rendered":"<p>Jag har tidigare visat n\u00e4r jag t\u00e4cker min r\u00f6da n\u00e4sa med nudh minerals gr\u00f6na concealer &#8221;Covers Red&#8221;. Men nu har jag verkligen det perfekta tillf\u00e4llet att visa hur bra den faktiskt \u00e4r, eftersom jag har en stooor r\u00f6d finne p\u00e5 kinden. S\u00e5 jag kan visa hur jag neutraliserar b\u00e5de finnen och n\u00e4san p\u00e5 samma bild! [&hellip;]<\/p>\n","protected":false},"author":30,"featured_media":0,"comment_status":"open","ping_status":"closed","sticky":false,"template":"","format":"standard","meta":{"footnotes":""},"categories":[24,59],"tags":[967,1220,1221,1222],"class_list":["post-8688","post","type-post","status-publish","format-standard","hentry","category-grundsmink","category-recensioner-produkttips","tag-gron-concealer","tag-gron-mineralconcealer","tag-nudh-mineral-covers-red","tag-tacka-finnar"],"yoast_head":"<!-- This site is optimized with the Yoast SEO Premium plugin v14.9 - https:\/\/yoast.com\/wordpress\/plugins\/seo\/ -->\n<meta name=\"description\" content=\"T\u00e4cka finnar | Helena Amiley - H\u00e4r hittar du senaste infromation om sk\u00f6nhet, livsstil, entrepren\u00f6rskap, makeup &amp; tips.\" \/>\n<meta name=\"robots\" content=\"index, follow, max-snippet:-1, max-image-preview:large, max-video-preview:-1\" \/>\n<link rel=\"canonical\" href=\"https:\/\/www.imakeyousmile.se\/en\/tacka-finnar\/\" \/>\n<meta property=\"og:locale\" content=\"en_US\" \/>\n<meta property=\"og:type\" content=\"article\" \/>\n<meta property=\"og:title\" content=\"T\u00e4cka finnar | Imakeyousmile.se\" \/>\n<meta property=\"og:description\" content=\"T\u00e4cka finnar | Helena Amiley - H\u00e4r hittar du senaste infromation om sk\u00f6nhet, livsstil, entrepren\u00f6rskap, makeup &amp; tips.\" \/>\n<meta property=\"og:url\" content=\"https:\/\/www.imakeyousmile.se\/en\/tacka-finnar\/\" \/>\n<meta property=\"og:site_name\" content=\"Imakeyousmile.se\" \/>\n<meta property=\"article:author\" content=\"https:\/\/www.facebook.com\/imakeyousmile.se\" \/>\n<meta property=\"article:published_time\" content=\"2013-10-17T11:02:39+00:00\" \/>\n<meta property=\"article:modified_time\" content=\"2013-10-16T09:20:36+00:00\" \/>\n<meta property=\"og:image\" content=\"http:\/\/www.imakeyousmile.se\/wp-content\/uploads\/2013\/10\/nudh-mineral-covers-red-concealer-f\u00f6re-efter-1024x465.jpg\" \/>\n<meta name=\"twitter:card\" content=\"summary_large_image\" \/>\n<script type=\"application\/ld+json\" class=\"yoast-schema-graph\">{\"@context\":\"https:\/\/schema.org\",\"@graph\":[{\"@type\":\"Organization\",\"@id\":\"https:\/\/www.imakeyousmile.se\/en\/#organization\",\"name\":\"Imakeyousmile\",\"url\":\"https:\/\/www.imakeyousmile.se\/en\/\",\"sameAs\":[],\"logo\":{\"@type\":\"ImageObject\",\"@id\":\"https:\/\/www.imakeyousmile.se\/en\/#logo\",\"inLanguage\":\"en-US\",\"url\":\"https:\/\/www.imakeyousmile.se\/wp-content\/uploads\/2020\/10\/HELENA-AMILEY_SVART-1-e1603367975324.png\",\"width\":280,\"height\":93,\"caption\":\"Imakeyousmile\"},\"image\":{\"@id\":\"https:\/\/www.imakeyousmile.se\/en\/#logo\"}},{\"@type\":\"WebSite\",\"@id\":\"https:\/\/www.imakeyousmile.se\/en\/#website\",\"url\":\"https:\/\/www.imakeyousmile.se\/en\/\",\"name\":\"Imakeyousmile.se\",\"description\":\"Helena Amiley - Beauty, Entrepreneur, Lifestyle\",\"publisher\":{\"@id\":\"https:\/\/www.imakeyousmile.se\/en\/#organization\"},\"potentialAction\":[{\"@type\":\"SearchAction\",\"target\":\"https:\/\/www.imakeyousmile.se\/en\/?s={search_term_string}\",\"query-input\":\"required name=search_term_string\"}],\"inLanguage\":\"en-US\"},{\"@type\":\"ImageObject\",\"@id\":\"https:\/\/www.imakeyousmile.se\/tacka-finnar\/#primaryimage\",\"inLanguage\":\"en-US\",\"url\":\"http:\/\/www.imakeyousmile.se\/wp-content\/uploads\/2013\/10\/nudh-mineral-covers-red-concealer-f\\u00f6re-efter-1024x465.jpg\"},{\"@type\":\"WebPage\",\"@id\":\"https:\/\/www.imakeyousmile.se\/tacka-finnar\/#webpage\",\"url\":\"https:\/\/www.imakeyousmile.se\/tacka-finnar\/\",\"name\":\"T\\u00e4cka finnar | Imakeyousmile.se\",\"isPartOf\":{\"@id\":\"https:\/\/www.imakeyousmile.se\/en\/#website\"},\"primaryImageOfPage\":{\"@id\":\"https:\/\/www.imakeyousmile.se\/tacka-finnar\/#primaryimage\"},\"datePublished\":\"2013-10-17T11:02:39+00:00\",\"dateModified\":\"2013-10-16T09:20:36+00:00\",\"description\":\"T\\u00e4cka finnar | Helena Amiley - H\\u00e4r hittar du senaste infromation om sk\\u00f6nhet, livsstil, entrepren\\u00f6rskap, makeup & tips.\",\"inLanguage\":\"en-US\",\"potentialAction\":[{\"@type\":\"ReadAction\",\"target\":[\"https:\/\/www.imakeyousmile.se\/tacka-finnar\/\"]}]},{\"@type\":\"Article\",\"@id\":\"https:\/\/www.imakeyousmile.se\/tacka-finnar\/#article\",\"isPartOf\":{\"@id\":\"https:\/\/www.imakeyousmile.se\/tacka-finnar\/#webpage\"},\"author\":{\"@id\":\"https:\/\/www.imakeyousmile.se\/en\/#\/schema\/person\/b0fd43b1c6bb1c60cfd68bff9b4a10fb\"},\"headline\":\"T\\u00e4cka finnar\",\"datePublished\":\"2013-10-17T11:02:39+00:00\",\"dateModified\":\"2013-10-16T09:20:36+00:00\",\"mainEntityOfPage\":{\"@id\":\"https:\/\/www.imakeyousmile.se\/tacka-finnar\/#webpage\"},\"commentCount\":0,\"publisher\":{\"@id\":\"https:\/\/www.imakeyousmile.se\/en\/#organization\"},\"image\":{\"@id\":\"https:\/\/www.imakeyousmile.se\/tacka-finnar\/#primaryimage\"},\"keywords\":\"gr\\u00f6n concealer,gr\\u00f6n mineralconcealer,nudh mineral covers red,t\\u00e4cka finnar\",\"articleSection\":\"Bassmink,Recensioner &amp; Produkttips\",\"inLanguage\":\"en-US\",\"potentialAction\":[{\"@type\":\"CommentAction\",\"name\":\"Comment\",\"target\":[\"https:\/\/www.imakeyousmile.se\/tacka-finnar\/#respond\"]}]},{\"@type\":\"Person\",\"@id\":\"https:\/\/www.imakeyousmile.se\/en\/#\/schema\/person\/b0fd43b1c6bb1c60cfd68bff9b4a10fb\",\"name\":\"Helena Amiley\",\"image\":{\"@type\":\"ImageObject\",\"@id\":\"https:\/\/www.imakeyousmile.se\/en\/#personlogo\",\"inLanguage\":\"en-US\",\"url\":\"https:\/\/secure.gravatar.com\/avatar\/5645558e1e355457a23368d7e1b4c904?s=96&d=mm&r=g\",\"caption\":\"Helena Amiley\"},\"description\":\"Jag skriver mest om sk\\u00f6nhet men bjuder \\u00e4ven p\\u00e5 glimtar fr\\u00e5n entrepren\\u00f6rlivet och bygget av v\\u00e5r egen camper van. Vanlife here we come!\",\"sameAs\":[\"https:\/\/www.facebook.com\/imakeyousmile.se\",\"https:\/\/www.instagram.com\/helenaamiley\",\"https:\/\/www.youtube.com\/channel\/UCR5iB6rvpV6Yr8ZjpQfr5mg?view_as=subscriber\"]}]}<\/script>\n<!-- \/ Yoast SEO Premium plugin. -->","_links":{"self":[{"href":"https:\/\/www.imakeyousmile.se\/en\/wp-json\/wp\/v2\/posts\/8688"}],"collection":[{"href":"https:\/\/www.imakeyousmile.se\/en\/wp-json\/wp\/v2\/posts"}],"about":[{"href":"https:\/\/www.imakeyousmile.se\/en\/wp-json\/wp\/v2\/types\/post"}],"author":[{"embeddable":true,"href":"https:\/\/www.imakeyousmile.se\/en\/wp-json\/wp\/v2\/users\/30"}],"replies":[{"embeddable":true,"href":"https:\/\/www.imakeyousmile.se\/en\/wp-json\/wp\/v2\/comments?post=8688"}],"version-history":[{"count":0,"href":"https:\/\/www.imakeyousmile.se\/en\/wp-json\/wp\/v2\/posts\/8688\/revisions"}],"wp:attachment":[{"href":"https:\/\/www.imakeyousmile.se\/en\/wp-json\/wp\/v2\/media?parent=8688"}],"wp:term":[{"taxonomy":"category","embeddable":true,"href":"https:\/\/www.imakeyousmile.se\/en\/wp-json\/wp\/v2\/categories?post=8688"},{"taxonomy":"post_tag","embeddable":true,"href":"https:\/\/www.imakeyousmile.se\/en\/wp-json\/wp\/v2\/tags?post=8688"}],"curies":[{"name":"wp","href":"https:\/\/api.w.org\/{rel}","templated":true}]}}