{"id":875,"date":"2012-07-25T16:48:00","date_gmt":"2012-07-25T14:48:00","guid":{"rendered":"http:\/\/www.imakeyousmile.se\/sommarsminkning-2\/"},"modified":"2012-07-25T16:48:00","modified_gmt":"2012-07-25T14:48:00","slug":"sommarsminkning-2","status":"publish","type":"post","link":"https:\/\/www.imakeyousmile.se\/en\/summer-make-up-2\/","title":{"rendered":"Summer make-up"},"content":{"rendered":"<div style=\"clear: both; text-align: left;\">Here comes a colorful blue make-up, with a green detail that attracts a little extra attention!<\/div>\n<div style=\"clear: both; text-align: center;\"><\/div>\n<div style=\"clear: both; text-align: center;\"><a href=\"http:\/\/i1092.photobucket.com\/albums\/i412\/isoniemi\/IMG_4623.jpg\" style=\"margin-left: 1em; margin-right: 1em;\"><img loading=\"lazy\" decoding=\"async\" border=\"0\" height=\"307\" src=\"http:\/\/i1092.photobucket.com\/albums\/i412\/isoniemi\/IMG_4623.jpg\" width=\"320\" \/><\/a><\/div>\n<div style=\"clear: both; text-align: center;\"><i>All eyeshadows are from Eleven 180 Palette.<\/i><\/div>\n<div style=\"clear: both; text-align: center;\"><\/div>\n<div style=\"clear: both; text-align: center;\"><span style=\"font-size: large;\"><b><span style=\"color: #9fc5e8;\">Light blue<\/span><\/b><\/span> eye shadow on the inside of the eyelid.<\/div>\n<div style=\"clear: both; text-align: center;\"><span style=\"font-size: large;\"><b><span style=\"color: #6fa8dc;\">Blue <\/span><\/b><\/span>eye shadow in the middle of the eyelid.<\/div>\n<div style=\"clear: both; text-align: center;\"><span style=\"color: #0b5394; font-size: large;\"><b>Dark blue <\/b><\/span>eye shadow outer on the eyelid and along the globe line.<\/div>\n<div style=\"clear: both; text-align: center;\"><span style=\"font-size: large;\"><b><span style=\"color: #b6d7a8;\">Ljusg\u00f6n<\/span><\/b><\/span> eye shadow at the bottom of the lower lash line.<\/div>\n<div style=\"clear: both; text-align: center;\"><b><span style=\"font-size: large;\"><span style=\"color: #6aa84f;\">Green<\/span><\/span><\/b> eye shadow at the end of the lower lash line.<\/div>\n<div style=\"clear: both; text-align: center;\"><span style=\"color: #f9cb9c; font-size: large;\">Gulvit skirmig <\/span>eye shadow in the corner of the eye and in the innermost part of the eyelid (to get a more shimmery look) <a href=\"https:\/\/ion.lyko.com\/t\/t?a=1117786221&#038;as=1548102449&#038;t=2&#038;tk=1&#038;epi=search-replace-eyeshadow&#038;url=https:\/\/lyko.com\/sv\/sok?q=singelskugga\"><b><i>Kryolan Eyedust (No.1 Annik&#039;s Favorite Shadow)<\/i><\/b><\/a><\/div>\n<div style=\"clear: both; text-align: center;\"><\/div>\n<div style=\"clear: both; text-align: center;\"><span style=\"font-size: large;\"><span style=\"color: #999999;\">White eyeliner <\/span><\/span>on the inner lash line,<i> H&amp;M<\/i>.<\/div>\n<div style=\"clear: both; text-align: center;\"><span style=\"font-size: large;\"><b><span style=\"color: #3d85c6;\">Blue eyeliner<\/span><\/b><\/span> on the upper lash line and at the end of the lower lash line, <a href=\"https:\/\/ion.lyko.com\/t\/t?a=1117786221&#038;as=1548102449&#038;t=2&#038;tk=1&#038;epi=search-replace-isadoraeyeliner&#038;url=https:\/\/lyko.com\/sv\/sok?q=isadora+eyeliner\"><b><i>IsaDora Twist-Up Metallic Eye Pen (Blue Hawaii)<\/i><\/b><\/a><\/div>\n<div style=\"clear: both; text-align: center;\"><\/div>\n<div style=\"clear: both; text-align: center;\"><span style=\"font-size: large;\"><b>Black mascara<\/b><\/span> on all lashes, <a href=\"https:\/\/ion.lyko.com\/t\/t?a=1117786221&#038;as=1548102449&#038;t=2&#038;tk=1&#038;epi=search-replace-fiberwig&#038;url=https:\/\/lyko.com\/sv\/sok?q=fiberwig+mascara\"><i><b>djv beautenizer Fiberwig LX Mascara<\/b><\/i><\/a>.<\/div>\n<div style=\"clear: both; text-align: center;\"><\/div>\n<div style=\"clear: both; text-align: center;\"><a href=\"http:\/\/i1092.photobucket.com\/albums\/i412\/isoniemi\/IMG_4643.jpg\" style=\"margin-left: 1em; margin-right: 1em;\"><img loading=\"lazy\" decoding=\"async\" border=\"0\" height=\"640\" src=\"http:\/\/i1092.photobucket.com\/albums\/i412\/isoniemi\/IMG_4643.jpg\" width=\"386\" \/><\/a><\/div>\n<p>Now I&#039;m going out in beauty <span style=\"font-size: x-large;\">the sun<\/span> again, Morsan&#039;s cohabitant Kent&#039;s birthday today, as soon as the sister comes and offers cake from the caf\u00e9!<\/p>\n<p><\/p>\n<div style=\"text-align: center;\"><span style=\"font-size: x-large;\">What a lovely day!<\/span><\/div>","protected":false},"excerpt":{"rendered":"<p>H\u00e4r kommer en f\u00e4rgglad bl\u00e5 sminkning, med en gr\u00f6n detalj som drar till sig lite extra uppm\u00e4rksamhet! Alla \u00f6gonskuggor \u00e4r fr\u00e5n Eleven 180 Palette. Ljusbl\u00e5 \u00f6gonskugga innerst p\u00e5 \u00f6gonlocket. Bl\u00e5 \u00f6gonskugga i mitten av \u00f6gonlocket. M\u00f6rkbl\u00e5 \u00f6gonskugga yttesrt p\u00e5 \u00f6gonlocket och l\u00e4ngs globlinjen. Ljusg\u00f6n \u00f6gonskugga innerst p\u00e5 undre fransraden. Gr\u00f6n \u00f6gonskugga ytterst p\u00e5 undre fransraden. [&hellip;]<\/p>\n","protected":false},"author":30,"featured_media":0,"comment_status":"open","ping_status":"open","sticky":false,"template":"","format":"standard","meta":{"footnotes":""},"categories":[3],"tags":[],"class_list":["post-875","post","type-post","status-publish","format-standard","hentry","category-allmant"],"yoast_head":"<!-- This site is optimized with the Yoast SEO Premium plugin v14.9 - https:\/\/yoast.com\/wordpress\/plugins\/seo\/ -->\n<meta name=\"description\" content=\"Sommarsminkning | Helena Amiley - H\u00e4r hittar du senaste infromation om sk\u00f6nhet, livsstil, entrepren\u00f6rskap, makeup &amp; tips.\" \/>\n<meta name=\"robots\" content=\"index, follow, max-snippet:-1, max-image-preview:large, max-video-preview:-1\" \/>\n<link rel=\"canonical\" href=\"https:\/\/www.imakeyousmile.se\/en\/sommarsminkning-2\/\" \/>\n<meta property=\"og:locale\" content=\"en_US\" \/>\n<meta property=\"og:type\" content=\"article\" \/>\n<meta property=\"og:title\" content=\"Sommarsminkning | Imakeyousmile.se\" \/>\n<meta property=\"og:description\" content=\"Sommarsminkning | Helena Amiley - H\u00e4r hittar du senaste infromation om sk\u00f6nhet, livsstil, entrepren\u00f6rskap, makeup &amp; tips.\" \/>\n<meta property=\"og:url\" content=\"https:\/\/www.imakeyousmile.se\/en\/sommarsminkning-2\/\" \/>\n<meta property=\"og:site_name\" content=\"Imakeyousmile.se\" \/>\n<meta property=\"article:author\" content=\"https:\/\/www.facebook.com\/imakeyousmile.se\" \/>\n<meta property=\"article:published_time\" content=\"2012-07-25T14:48:00+00:00\" \/>\n<meta property=\"og:image\" content=\"http:\/\/i1092.photobucket.com\/albums\/i412\/isoniemi\/IMG_4623.jpg\" \/>\n<meta name=\"twitter:card\" content=\"summary_large_image\" \/>\n<script type=\"application\/ld+json\" class=\"yoast-schema-graph\">{\"@context\":\"https:\/\/schema.org\",\"@graph\":[{\"@type\":\"Organization\",\"@id\":\"https:\/\/www.imakeyousmile.se\/en\/#organization\",\"name\":\"Imakeyousmile\",\"url\":\"https:\/\/www.imakeyousmile.se\/en\/\",\"sameAs\":[],\"logo\":{\"@type\":\"ImageObject\",\"@id\":\"https:\/\/www.imakeyousmile.se\/en\/#logo\",\"inLanguage\":\"en-US\",\"url\":\"https:\/\/www.imakeyousmile.se\/wp-content\/uploads\/2020\/10\/HELENA-AMILEY_SVART-1-e1603367975324.png\",\"width\":280,\"height\":93,\"caption\":\"Imakeyousmile\"},\"image\":{\"@id\":\"https:\/\/www.imakeyousmile.se\/en\/#logo\"}},{\"@type\":\"WebSite\",\"@id\":\"https:\/\/www.imakeyousmile.se\/en\/#website\",\"url\":\"https:\/\/www.imakeyousmile.se\/en\/\",\"name\":\"Imakeyousmile.se\",\"description\":\"Helena Amiley - Beauty, Entrepreneur, Lifestyle\",\"publisher\":{\"@id\":\"https:\/\/www.imakeyousmile.se\/en\/#organization\"},\"potentialAction\":[{\"@type\":\"SearchAction\",\"target\":\"https:\/\/www.imakeyousmile.se\/en\/?s={search_term_string}\",\"query-input\":\"required name=search_term_string\"}],\"inLanguage\":\"en-US\"},{\"@type\":\"ImageObject\",\"@id\":\"https:\/\/www.imakeyousmile.se\/sommarsminkning-2\/#primaryimage\",\"inLanguage\":\"en-US\",\"url\":\"http:\/\/i1092.photobucket.com\/albums\/i412\/isoniemi\/IMG_4623.jpg\"},{\"@type\":\"WebPage\",\"@id\":\"https:\/\/www.imakeyousmile.se\/sommarsminkning-2\/#webpage\",\"url\":\"https:\/\/www.imakeyousmile.se\/sommarsminkning-2\/\",\"name\":\"Sommarsminkning | Imakeyousmile.se\",\"isPartOf\":{\"@id\":\"https:\/\/www.imakeyousmile.se\/en\/#website\"},\"primaryImageOfPage\":{\"@id\":\"https:\/\/www.imakeyousmile.se\/sommarsminkning-2\/#primaryimage\"},\"datePublished\":\"2012-07-25T14:48:00+00:00\",\"dateModified\":\"2012-07-25T14:48:00+00:00\",\"description\":\"Sommarsminkning | Helena Amiley - H\\u00e4r hittar du senaste infromation om sk\\u00f6nhet, livsstil, entrepren\\u00f6rskap, makeup & tips.\",\"inLanguage\":\"en-US\",\"potentialAction\":[{\"@type\":\"ReadAction\",\"target\":[\"https:\/\/www.imakeyousmile.se\/sommarsminkning-2\/\"]}]},{\"@type\":\"Article\",\"@id\":\"https:\/\/www.imakeyousmile.se\/sommarsminkning-2\/#article\",\"isPartOf\":{\"@id\":\"https:\/\/www.imakeyousmile.se\/sommarsminkning-2\/#webpage\"},\"author\":{\"@id\":\"https:\/\/www.imakeyousmile.se\/en\/#\/schema\/person\/b0fd43b1c6bb1c60cfd68bff9b4a10fb\"},\"headline\":\"Sommarsminkning\",\"datePublished\":\"2012-07-25T14:48:00+00:00\",\"dateModified\":\"2012-07-25T14:48:00+00:00\",\"mainEntityOfPage\":{\"@id\":\"https:\/\/www.imakeyousmile.se\/sommarsminkning-2\/#webpage\"},\"commentCount\":0,\"publisher\":{\"@id\":\"https:\/\/www.imakeyousmile.se\/en\/#organization\"},\"image\":{\"@id\":\"https:\/\/www.imakeyousmile.se\/sommarsminkning-2\/#primaryimage\"},\"articleSection\":\"\\u00d6vrigt\",\"inLanguage\":\"en-US\",\"potentialAction\":[{\"@type\":\"CommentAction\",\"name\":\"Comment\",\"target\":[\"https:\/\/www.imakeyousmile.se\/sommarsminkning-2\/#respond\"]}]},{\"@type\":\"Person\",\"@id\":\"https:\/\/www.imakeyousmile.se\/en\/#\/schema\/person\/b0fd43b1c6bb1c60cfd68bff9b4a10fb\",\"name\":\"Helena Amiley\",\"image\":{\"@type\":\"ImageObject\",\"@id\":\"https:\/\/www.imakeyousmile.se\/en\/#personlogo\",\"inLanguage\":\"en-US\",\"url\":\"https:\/\/secure.gravatar.com\/avatar\/5645558e1e355457a23368d7e1b4c904?s=96&d=mm&r=g\",\"caption\":\"Helena Amiley\"},\"description\":\"Jag skriver mest om sk\\u00f6nhet men bjuder \\u00e4ven p\\u00e5 glimtar fr\\u00e5n entrepren\\u00f6rlivet och bygget av v\\u00e5r egen camper van. Vanlife here we come!\",\"sameAs\":[\"https:\/\/www.facebook.com\/imakeyousmile.se\",\"https:\/\/www.instagram.com\/helenaamiley\",\"https:\/\/www.youtube.com\/channel\/UCR5iB6rvpV6Yr8ZjpQfr5mg?view_as=subscriber\"]}]}<\/script>\n<!-- \/ Yoast SEO Premium plugin. -->","_links":{"self":[{"href":"https:\/\/www.imakeyousmile.se\/en\/wp-json\/wp\/v2\/posts\/875"}],"collection":[{"href":"https:\/\/www.imakeyousmile.se\/en\/wp-json\/wp\/v2\/posts"}],"about":[{"href":"https:\/\/www.imakeyousmile.se\/en\/wp-json\/wp\/v2\/types\/post"}],"author":[{"embeddable":true,"href":"https:\/\/www.imakeyousmile.se\/en\/wp-json\/wp\/v2\/users\/30"}],"replies":[{"embeddable":true,"href":"https:\/\/www.imakeyousmile.se\/en\/wp-json\/wp\/v2\/comments?post=875"}],"version-history":[{"count":0,"href":"https:\/\/www.imakeyousmile.se\/en\/wp-json\/wp\/v2\/posts\/875\/revisions"}],"wp:attachment":[{"href":"https:\/\/www.imakeyousmile.se\/en\/wp-json\/wp\/v2\/media?parent=875"}],"wp:term":[{"taxonomy":"category","embeddable":true,"href":"https:\/\/www.imakeyousmile.se\/en\/wp-json\/wp\/v2\/categories?post=875"},{"taxonomy":"post_tag","embeddable":true,"href":"https:\/\/www.imakeyousmile.se\/en\/wp-json\/wp\/v2\/tags?post=875"}],"curies":[{"name":"wp","href":"https:\/\/api.w.org\/{rel}","templated":true}]}}