{"id":907,"date":"2012-06-27T20:23:00","date_gmt":"2012-06-27T18:23:00","guid":{"rendered":"http:\/\/www.imakeyousmile.se\/50-tals-inspirerat\/"},"modified":"2014-08-16T12:07:51","modified_gmt":"2014-08-16T10:07:51","slug":"50-tals-inspirerat","status":"publish","type":"post","link":"https:\/\/www.imakeyousmile.se\/en\/50s-inspired\/","title":{"rendered":"50s inspired"},"content":{"rendered":"<div style=\"clear: both; text-align: left;\">Yesterday&#039;s make-up got a little\u00a0<span style=\"font-size: large;\">another form<\/span> than I usually do, today I ran the eyeshadow from the globe line only up to the beginning of the eyebrow. Fun to test a little extra sometimes to see what you fit in!<\/p>\n<\/div>\n<div style=\"clear: both; text-align: center;\"><\/div>\n<div style=\"clear: both; text-align: center;\"><\/div>\n<div style=\"clear: both; text-align: center;\"><a style=\"margin-left: 1em; margin-right: 1em;\" href=\"http:\/\/i1092.photobucket.com\/albums\/i412\/isoniemi\/IMG_3822.jpg\"><img loading=\"lazy\" decoding=\"async\" src=\"http:\/\/i1092.photobucket.com\/albums\/i412\/isoniemi\/IMG_3822.jpg\" alt=\"\" width=\"400\" height=\"222\" border=\"0\" \/><\/a><\/div>\n<div style=\"clear: both; text-align: center;\"><\/div>\n<div style=\"clear: both; text-align: center;\">A small 50&#039;s variant you could say!<\/div>\n<div style=\"clear: both; text-align: center;\"><\/div>\n<div style=\"clear: both; text-align: center;\"><a style=\"margin-left: 1em; margin-right: 1em;\" href=\"http:\/\/i1092.photobucket.com\/albums\/i412\/isoniemi\/IMG_3746.jpg\"><img loading=\"lazy\" decoding=\"async\" src=\"http:\/\/i1092.photobucket.com\/albums\/i412\/isoniemi\/IMG_3746.jpg\" alt=\"\" width=\"320\" height=\"312\" border=\"0\" \/><\/a><\/div>\n<div style=\"clear: both; text-align: center;\"><\/div>\n<div style=\"clear: both; text-align: center;\"><strong>Eyeliner without wing.<\/strong><\/div>\n<div style=\"clear: both; text-align: center;\"><\/div>\n<div style=\"clear: both; text-align: center;\"><a style=\"margin-left: 1em; margin-right: 1em;\" href=\"http:\/\/i1092.photobucket.com\/albums\/i412\/isoniemi\/IMG_3819.jpg\"><img loading=\"lazy\" decoding=\"async\" src=\"http:\/\/i1092.photobucket.com\/albums\/i412\/isoniemi\/IMG_3819.jpg\" alt=\"\" width=\"320\" height=\"314\" border=\"0\" \/><\/a><\/div>\n<div style=\"clear: both; text-align: center;\"><strong>Eyeliner with wing.<\/strong><\/div>\n<div style=\"clear: both; text-align: center;\"><\/div>\n<div style=\"clear: both; text-align: center;\"><span style=\"color: #f9cb9c; font-size: large;\"><strong>Light<\/strong><\/span> eye shadow on the eyelid, <em>Glo Minerals<strong><a href=\"https:\/\/ion.lyko.com\/t\/t?a=1117786221&#038;as=1548102449&#038;t=2&#038;tk=1&#038;epi=search-replace-gloeyeshadow&#038;url=https:\/\/lyko.com\/sv\/glo-skin-beauty\/glo-skin-beauty-eyeshadow-ribbon\"> gloEyeshadow (Diamond)<\/a><\/strong><\/em><\/div>\n<div style=\"clear: both; text-align: center;\"><span style=\"color: #b45f06; font-size: large;\"><strong>Brown<\/strong><\/span> eye shadow along the globe line up to the beginning of the brow <em>Glo Minerals <strong><a href=\"https:\/\/ion.lyko.com\/t\/t?a=1117786221&#038;as=1548102449&#038;t=2&#038;tk=1&#038;epi=search-replace-gloeyeshadow&#038;url=https:\/\/lyko.com\/sv\/glo-skin-beauty\/glo-skin-beauty-eyeshadow-ribbon\">gloEyeshadow (Twig)<\/a><\/strong><\/em><\/div>\n<div style=\"clear: both; text-align: center;\"><span style=\"color: #f9cb9c; font-size: large;\">Gulvit <\/span>eye shadow in the corner of the eye and under the brow, <em>Kryolan Eyedust <strong><a href=\"https:\/\/ion.lyko.com\/t\/t?a=1117786221&#038;as=1548102449&#038;t=2&#038;tk=1&#038;epi=search-replace-singleskugga&#038;url=https:\/\/lyko.com\/sv\/sok?q=singelskugga\">(No.1 Annika&#039;s favorite shade)<\/a><\/strong><\/em><\/div>\n<div style=\"clear: both; text-align: center;\"><span style=\"color: #783f04; font-size: x-large;\"><strong><span style=\"font-size: large;\">Brown<\/span> <\/strong><\/span>brow pencil on the lower and inner lash line, <em>Glo Minerals <strong><a href=\"http:\/\/www.inneonline.se\/creativemakeup\/Oegonbryn\/Precision-Brow-Pencil\/prod_1672.html\">Precision Brow Pencil (Brunette)<\/a><\/strong><\/em><\/div>\n<div style=\"clear: both; text-align: center;\"><strong><span style=\"font-size: large;\">Black mascara<\/span><\/strong> on all lashes, <em><strong><a href=\"https:\/\/ion.lyko.com\/t\/t?a=1117786221&#038;as=1548102449&#038;t=2&#038;tk=1&#038;epi=search-replace-fiberwig&#038;url=https:\/\/lyko.com\/sv\/sok?q=fiberwig+mascara\">Fiberwig LX Mascara<\/a><\/strong><\/em>.<\/div>\n<div style=\"clear: both; text-align: center;\"><\/div>\n<div style=\"clear: both; text-align: center;\"><\/div>\n<div style=\"clear: both; text-align: center;\"><a style=\"margin-left: 1em; margin-right: 1em;\" href=\"http:\/\/i1092.photobucket.com\/albums\/i412\/isoniemi\/IMG_3765.jpg\"><img loading=\"lazy\" decoding=\"async\" src=\"http:\/\/i1092.photobucket.com\/albums\/i412\/isoniemi\/IMG_3765.jpg\" alt=\"\" width=\"374\" height=\"640\" border=\"0\" \/><\/a><\/div>\n<p>Now I&#039;m going to cuddle a little with my darling on Wednesday who is impatiently waiting for me to finish blogging :)<\/p>\n<div style=\"text-align: center;\"><span style=\"font-size: x-large;\">Wish you a pleasent evening!<\/span><\/div>","protected":false},"excerpt":{"rendered":"<p>G\u00e5rdagens sminkning fick sig en lite\u00a0annan form \u00e4n vad jag brukar g\u00f6ra, idag k\u00f6rde jag \u00f6gonskuggan fr\u00e5n globlinjen enda upp till b\u00f6rjan av \u00f6gonbrynet.Kul att testa lite extra ibland f\u00f6r att se vad man passar i! En liten 50-talsvariant skulle man kunna s\u00e4ga! Eyeliner utan vinge. Eyeliner med vinge. Ljus \u00f6gonskugga p\u00e5 \u00f6gonlocket, Glo Minerals [&hellip;]<\/p>\n","protected":false},"author":30,"featured_media":0,"comment_status":"open","ping_status":"open","sticky":false,"template":"","format":"standard","meta":{"footnotes":""},"categories":[3],"tags":[],"class_list":["post-907","post","type-post","status-publish","format-standard","hentry","category-allmant"],"yoast_head":"<!-- This site is optimized with the Yoast SEO Premium plugin v14.9 - https:\/\/yoast.com\/wordpress\/plugins\/seo\/ -->\n<meta name=\"description\" content=\"50-tals inspirerat | Helena Amiley - H\u00e4r hittar du senaste infromation om sk\u00f6nhet, livsstil, entrepren\u00f6rskap, makeup &amp; tips.\" \/>\n<meta name=\"robots\" content=\"index, follow, max-snippet:-1, max-image-preview:large, max-video-preview:-1\" \/>\n<link rel=\"canonical\" href=\"https:\/\/www.imakeyousmile.se\/en\/50-tals-inspirerat\/\" \/>\n<meta property=\"og:locale\" content=\"en_US\" \/>\n<meta property=\"og:type\" content=\"article\" \/>\n<meta property=\"og:title\" content=\"50-tals inspirerat | Imakeyousmile.se\" \/>\n<meta property=\"og:description\" content=\"50-tals inspirerat | Helena Amiley - H\u00e4r hittar du senaste infromation om sk\u00f6nhet, livsstil, entrepren\u00f6rskap, makeup &amp; tips.\" \/>\n<meta property=\"og:url\" content=\"https:\/\/www.imakeyousmile.se\/en\/50-tals-inspirerat\/\" \/>\n<meta property=\"og:site_name\" content=\"Imakeyousmile.se\" \/>\n<meta property=\"article:author\" content=\"https:\/\/www.facebook.com\/imakeyousmile.se\" \/>\n<meta property=\"article:published_time\" content=\"2012-06-27T18:23:00+00:00\" \/>\n<meta property=\"article:modified_time\" content=\"2014-08-16T10:07:51+00:00\" \/>\n<meta property=\"og:image\" content=\"http:\/\/i1092.photobucket.com\/albums\/i412\/isoniemi\/IMG_3822.jpg\" \/>\n<meta name=\"twitter:card\" content=\"summary_large_image\" \/>\n<script type=\"application\/ld+json\" class=\"yoast-schema-graph\">{\"@context\":\"https:\/\/schema.org\",\"@graph\":[{\"@type\":\"Organization\",\"@id\":\"https:\/\/www.imakeyousmile.se\/en\/#organization\",\"name\":\"Imakeyousmile\",\"url\":\"https:\/\/www.imakeyousmile.se\/en\/\",\"sameAs\":[],\"logo\":{\"@type\":\"ImageObject\",\"@id\":\"https:\/\/www.imakeyousmile.se\/en\/#logo\",\"inLanguage\":\"en-US\",\"url\":\"https:\/\/www.imakeyousmile.se\/wp-content\/uploads\/2020\/10\/HELENA-AMILEY_SVART-1-e1603367975324.png\",\"width\":280,\"height\":93,\"caption\":\"Imakeyousmile\"},\"image\":{\"@id\":\"https:\/\/www.imakeyousmile.se\/en\/#logo\"}},{\"@type\":\"WebSite\",\"@id\":\"https:\/\/www.imakeyousmile.se\/en\/#website\",\"url\":\"https:\/\/www.imakeyousmile.se\/en\/\",\"name\":\"Imakeyousmile.se\",\"description\":\"Helena Amiley - Beauty, Entrepreneur, Lifestyle\",\"publisher\":{\"@id\":\"https:\/\/www.imakeyousmile.se\/en\/#organization\"},\"potentialAction\":[{\"@type\":\"SearchAction\",\"target\":\"https:\/\/www.imakeyousmile.se\/en\/?s={search_term_string}\",\"query-input\":\"required name=search_term_string\"}],\"inLanguage\":\"en-US\"},{\"@type\":\"ImageObject\",\"@id\":\"https:\/\/www.imakeyousmile.se\/50-tals-inspirerat\/#primaryimage\",\"inLanguage\":\"en-US\",\"url\":\"http:\/\/i1092.photobucket.com\/albums\/i412\/isoniemi\/IMG_3822.jpg\"},{\"@type\":\"WebPage\",\"@id\":\"https:\/\/www.imakeyousmile.se\/50-tals-inspirerat\/#webpage\",\"url\":\"https:\/\/www.imakeyousmile.se\/50-tals-inspirerat\/\",\"name\":\"50-tals inspirerat | Imakeyousmile.se\",\"isPartOf\":{\"@id\":\"https:\/\/www.imakeyousmile.se\/en\/#website\"},\"primaryImageOfPage\":{\"@id\":\"https:\/\/www.imakeyousmile.se\/50-tals-inspirerat\/#primaryimage\"},\"datePublished\":\"2012-06-27T18:23:00+00:00\",\"dateModified\":\"2014-08-16T10:07:51+00:00\",\"description\":\"50-tals inspirerat | Helena Amiley - H\\u00e4r hittar du senaste infromation om sk\\u00f6nhet, livsstil, entrepren\\u00f6rskap, makeup & tips.\",\"inLanguage\":\"en-US\",\"potentialAction\":[{\"@type\":\"ReadAction\",\"target\":[\"https:\/\/www.imakeyousmile.se\/50-tals-inspirerat\/\"]}]},{\"@type\":\"Article\",\"@id\":\"https:\/\/www.imakeyousmile.se\/50-tals-inspirerat\/#article\",\"isPartOf\":{\"@id\":\"https:\/\/www.imakeyousmile.se\/50-tals-inspirerat\/#webpage\"},\"author\":{\"@id\":\"https:\/\/www.imakeyousmile.se\/en\/#\/schema\/person\/b0fd43b1c6bb1c60cfd68bff9b4a10fb\"},\"headline\":\"50-tals inspirerat\",\"datePublished\":\"2012-06-27T18:23:00+00:00\",\"dateModified\":\"2014-08-16T10:07:51+00:00\",\"mainEntityOfPage\":{\"@id\":\"https:\/\/www.imakeyousmile.se\/50-tals-inspirerat\/#webpage\"},\"commentCount\":0,\"publisher\":{\"@id\":\"https:\/\/www.imakeyousmile.se\/en\/#organization\"},\"image\":{\"@id\":\"https:\/\/www.imakeyousmile.se\/50-tals-inspirerat\/#primaryimage\"},\"articleSection\":\"\\u00d6vrigt\",\"inLanguage\":\"en-US\",\"potentialAction\":[{\"@type\":\"CommentAction\",\"name\":\"Comment\",\"target\":[\"https:\/\/www.imakeyousmile.se\/50-tals-inspirerat\/#respond\"]}]},{\"@type\":\"Person\",\"@id\":\"https:\/\/www.imakeyousmile.se\/en\/#\/schema\/person\/b0fd43b1c6bb1c60cfd68bff9b4a10fb\",\"name\":\"Helena Amiley\",\"image\":{\"@type\":\"ImageObject\",\"@id\":\"https:\/\/www.imakeyousmile.se\/en\/#personlogo\",\"inLanguage\":\"en-US\",\"url\":\"https:\/\/secure.gravatar.com\/avatar\/5645558e1e355457a23368d7e1b4c904?s=96&d=mm&r=g\",\"caption\":\"Helena Amiley\"},\"description\":\"Jag skriver mest om sk\\u00f6nhet men bjuder \\u00e4ven p\\u00e5 glimtar fr\\u00e5n entrepren\\u00f6rlivet och bygget av v\\u00e5r egen camper van. Vanlife here we come!\",\"sameAs\":[\"https:\/\/www.facebook.com\/imakeyousmile.se\",\"https:\/\/www.instagram.com\/helenaamiley\",\"https:\/\/www.youtube.com\/channel\/UCR5iB6rvpV6Yr8ZjpQfr5mg?view_as=subscriber\"]}]}<\/script>\n<!-- \/ Yoast SEO Premium plugin. -->","_links":{"self":[{"href":"https:\/\/www.imakeyousmile.se\/en\/wp-json\/wp\/v2\/posts\/907"}],"collection":[{"href":"https:\/\/www.imakeyousmile.se\/en\/wp-json\/wp\/v2\/posts"}],"about":[{"href":"https:\/\/www.imakeyousmile.se\/en\/wp-json\/wp\/v2\/types\/post"}],"author":[{"embeddable":true,"href":"https:\/\/www.imakeyousmile.se\/en\/wp-json\/wp\/v2\/users\/30"}],"replies":[{"embeddable":true,"href":"https:\/\/www.imakeyousmile.se\/en\/wp-json\/wp\/v2\/comments?post=907"}],"version-history":[{"count":0,"href":"https:\/\/www.imakeyousmile.se\/en\/wp-json\/wp\/v2\/posts\/907\/revisions"}],"wp:attachment":[{"href":"https:\/\/www.imakeyousmile.se\/en\/wp-json\/wp\/v2\/media?parent=907"}],"wp:term":[{"taxonomy":"category","embeddable":true,"href":"https:\/\/www.imakeyousmile.se\/en\/wp-json\/wp\/v2\/categories?post=907"},{"taxonomy":"post_tag","embeddable":true,"href":"https:\/\/www.imakeyousmile.se\/en\/wp-json\/wp\/v2\/tags?post=907"}],"curies":[{"name":"wp","href":"https:\/\/api.w.org\/{rel}","templated":true}]}}