{"id":9070,"date":"2013-10-31T08:05:44","date_gmt":"2013-10-31T07:05:44","guid":{"rendered":"http:\/\/www.imakeyousmile.se\/?p=9070"},"modified":"2013-10-31T08:05:44","modified_gmt":"2013-10-31T07:05:44","slug":"instagram-2","status":"publish","type":"post","link":"https:\/\/www.imakeyousmile.se\/en\/instagram-2\/","title":{"rendered":"Instagram"},"content":{"rendered":"<p>I know some of you are already following me on Instagram, <em>@<strong>helenaronnblad<\/strong><\/em> my name is there!<\/p>\n<p>In short, mobile pictures end up on it when I&#039;m out and about, which can be both work and private. In principle, all the pictures end up in the blog as well.<\/p>\n<p>Now I was going to inform you that I have just done <em>one more<\/em> Instagram that is more makeup-oriented! There will be a lot that is taken directly from the blog, but there are also a few other plans. Kind of maybe &quot;old goodies&quot;, more makeup job pictures and news.<\/p>\n<p>As I said, it is 100% new so there is only one picture there so far, and the only one that follows is myself :) But if you are eager to start following it too, it is called <em>@<strong>imakeyousmile_se<\/strong><\/em><\/p>\n<p><a href=\"http:\/\/www.imakeyousmile.se\/en\/instagram-2\/instagram-helena-ronnblad\/\" rel=\"attachment wp-att-9071\"><img loading=\"lazy\" decoding=\"async\" class=\"alignnone size-large wp-image-9071\" title=\"instagram helena r\u00f6nnblad\" src=\"http:\/\/www.imakeyousmile.se\/wp-content\/uploads\/2013\/10\/instagram-helena-r\u00f6nnblad-1024x601.jpg\" alt=\"\" width=\"1024\" height=\"601\" srcset=\"https:\/\/www.imakeyousmile.se\/wp-content\/uploads\/2013\/10\/instagram-helena-r\u00f6nnblad-1024x601.jpg 1024w, https:\/\/www.imakeyousmile.se\/wp-content\/uploads\/2013\/10\/instagram-helena-r\u00f6nnblad-300x176.jpg 300w, https:\/\/www.imakeyousmile.se\/wp-content\/uploads\/2013\/10\/instagram-helena-r\u00f6nnblad.jpg 1026w\" sizes=\"(max-width: 1024px) 100vw, 1024px\" \/><\/a><\/p>\n<p>Since I redesigned my design (which still changes \/ updated every now and then, do you notice that?) :) I also added an Instagram icon at the top right. There you can look through my Instagram photos if you want!<\/p>\n<p>Now I&#039;m going to sit down in front of the make-up mirror and deal with a wish make-up that gets a little Halloween-inspired.<\/p>\n<p>Keep an eye out during the day :)<\/p>","protected":false},"excerpt":{"rendered":"<p>Jag vet att n\u00e5gra av er redan f\u00f6ljer mig p\u00e5 Instagram, @helenaronnblad heter jag d\u00e4r! P\u00e5 den hamnar kortfattat mobilbilder n\u00e4r jag \u00e4r ute och far och fl\u00e4nger, vilket kan vara b\u00e5de jobb och privat. I princip hamnar alla dom bilderna i bloggen ocks\u00e5. Nu t\u00e4nkte jag informera er om att jag precis nyss har [&hellip;]<\/p>\n","protected":false},"author":30,"featured_media":0,"comment_status":"open","ping_status":"closed","sticky":false,"template":"","format":"standard","meta":{"footnotes":""},"categories":[3],"tags":[1275,1276,1277],"class_list":["post-9070","post","type-post","status-publish","format-standard","hentry","category-allmant","tag-instagram","tag-instagram-helena-ronnblad","tag-smink-instagram"],"yoast_head":"<!-- This site is optimized with the Yoast SEO Premium plugin v14.9 - https:\/\/yoast.com\/wordpress\/plugins\/seo\/ -->\n<meta name=\"description\" content=\"Instagram | Helena Amiley - H\u00e4r hittar du senaste infromation om sk\u00f6nhet, livsstil, entrepren\u00f6rskap, makeup &amp; tips.\" \/>\n<meta name=\"robots\" content=\"index, follow, max-snippet:-1, max-image-preview:large, max-video-preview:-1\" \/>\n<link rel=\"canonical\" href=\"https:\/\/www.imakeyousmile.se\/en\/instagram-2\/\" \/>\n<meta property=\"og:locale\" content=\"en_US\" \/>\n<meta property=\"og:type\" content=\"article\" \/>\n<meta property=\"og:title\" content=\"Instagram | Imakeyousmile.se\" \/>\n<meta property=\"og:description\" content=\"Instagram | Helena Amiley - H\u00e4r hittar du senaste infromation om sk\u00f6nhet, livsstil, entrepren\u00f6rskap, makeup &amp; tips.\" \/>\n<meta property=\"og:url\" content=\"https:\/\/www.imakeyousmile.se\/en\/instagram-2\/\" \/>\n<meta property=\"og:site_name\" content=\"Imakeyousmile.se\" \/>\n<meta property=\"article:author\" content=\"https:\/\/www.facebook.com\/imakeyousmile.se\" \/>\n<meta property=\"article:published_time\" content=\"2013-10-31T07:05:44+00:00\" \/>\n<meta property=\"og:image\" content=\"http:\/\/www.imakeyousmile.se\/wp-content\/uploads\/2013\/10\/instagram-helena-r\u00f6nnblad-1024x601.jpg\" \/>\n<meta name=\"twitter:card\" content=\"summary_large_image\" \/>\n<script type=\"application\/ld+json\" class=\"yoast-schema-graph\">{\"@context\":\"https:\/\/schema.org\",\"@graph\":[{\"@type\":\"Organization\",\"@id\":\"https:\/\/www.imakeyousmile.se\/en\/#organization\",\"name\":\"Imakeyousmile\",\"url\":\"https:\/\/www.imakeyousmile.se\/en\/\",\"sameAs\":[],\"logo\":{\"@type\":\"ImageObject\",\"@id\":\"https:\/\/www.imakeyousmile.se\/en\/#logo\",\"inLanguage\":\"en-US\",\"url\":\"https:\/\/www.imakeyousmile.se\/wp-content\/uploads\/2020\/10\/HELENA-AMILEY_SVART-1-e1603367975324.png\",\"width\":280,\"height\":93,\"caption\":\"Imakeyousmile\"},\"image\":{\"@id\":\"https:\/\/www.imakeyousmile.se\/en\/#logo\"}},{\"@type\":\"WebSite\",\"@id\":\"https:\/\/www.imakeyousmile.se\/en\/#website\",\"url\":\"https:\/\/www.imakeyousmile.se\/en\/\",\"name\":\"Imakeyousmile.se\",\"description\":\"Helena Amiley - Beauty, Entrepreneur, Lifestyle\",\"publisher\":{\"@id\":\"https:\/\/www.imakeyousmile.se\/en\/#organization\"},\"potentialAction\":[{\"@type\":\"SearchAction\",\"target\":\"https:\/\/www.imakeyousmile.se\/en\/?s={search_term_string}\",\"query-input\":\"required name=search_term_string\"}],\"inLanguage\":\"en-US\"},{\"@type\":\"ImageObject\",\"@id\":\"https:\/\/www.imakeyousmile.se\/instagram-2\/#primaryimage\",\"inLanguage\":\"en-US\",\"url\":\"http:\/\/www.imakeyousmile.se\/wp-content\/uploads\/2013\/10\/instagram-helena-r\\u00f6nnblad-1024x601.jpg\"},{\"@type\":\"WebPage\",\"@id\":\"https:\/\/www.imakeyousmile.se\/instagram-2\/#webpage\",\"url\":\"https:\/\/www.imakeyousmile.se\/instagram-2\/\",\"name\":\"Instagram | Imakeyousmile.se\",\"isPartOf\":{\"@id\":\"https:\/\/www.imakeyousmile.se\/en\/#website\"},\"primaryImageOfPage\":{\"@id\":\"https:\/\/www.imakeyousmile.se\/instagram-2\/#primaryimage\"},\"datePublished\":\"2013-10-31T07:05:44+00:00\",\"dateModified\":\"2013-10-31T07:05:44+00:00\",\"description\":\"Instagram | Helena Amiley - H\\u00e4r hittar du senaste infromation om sk\\u00f6nhet, livsstil, entrepren\\u00f6rskap, makeup & tips.\",\"inLanguage\":\"en-US\",\"potentialAction\":[{\"@type\":\"ReadAction\",\"target\":[\"https:\/\/www.imakeyousmile.se\/instagram-2\/\"]}]},{\"@type\":\"Article\",\"@id\":\"https:\/\/www.imakeyousmile.se\/instagram-2\/#article\",\"isPartOf\":{\"@id\":\"https:\/\/www.imakeyousmile.se\/instagram-2\/#webpage\"},\"author\":{\"@id\":\"https:\/\/www.imakeyousmile.se\/en\/#\/schema\/person\/b0fd43b1c6bb1c60cfd68bff9b4a10fb\"},\"headline\":\"Instagram\",\"datePublished\":\"2013-10-31T07:05:44+00:00\",\"dateModified\":\"2013-10-31T07:05:44+00:00\",\"mainEntityOfPage\":{\"@id\":\"https:\/\/www.imakeyousmile.se\/instagram-2\/#webpage\"},\"commentCount\":0,\"publisher\":{\"@id\":\"https:\/\/www.imakeyousmile.se\/en\/#organization\"},\"image\":{\"@id\":\"https:\/\/www.imakeyousmile.se\/instagram-2\/#primaryimage\"},\"keywords\":\"instagram,instagram helena r\\u00f6nnblad,smink instagram\",\"articleSection\":\"\\u00d6vrigt\",\"inLanguage\":\"en-US\",\"potentialAction\":[{\"@type\":\"CommentAction\",\"name\":\"Comment\",\"target\":[\"https:\/\/www.imakeyousmile.se\/instagram-2\/#respond\"]}]},{\"@type\":\"Person\",\"@id\":\"https:\/\/www.imakeyousmile.se\/en\/#\/schema\/person\/b0fd43b1c6bb1c60cfd68bff9b4a10fb\",\"name\":\"Helena Amiley\",\"image\":{\"@type\":\"ImageObject\",\"@id\":\"https:\/\/www.imakeyousmile.se\/en\/#personlogo\",\"inLanguage\":\"en-US\",\"url\":\"https:\/\/secure.gravatar.com\/avatar\/5645558e1e355457a23368d7e1b4c904?s=96&d=mm&r=g\",\"caption\":\"Helena Amiley\"},\"description\":\"Jag skriver mest om sk\\u00f6nhet men bjuder \\u00e4ven p\\u00e5 glimtar fr\\u00e5n entrepren\\u00f6rlivet och bygget av v\\u00e5r egen camper van. Vanlife here we come!\",\"sameAs\":[\"https:\/\/www.facebook.com\/imakeyousmile.se\",\"https:\/\/www.instagram.com\/helenaamiley\",\"https:\/\/www.youtube.com\/channel\/UCR5iB6rvpV6Yr8ZjpQfr5mg?view_as=subscriber\"]}]}<\/script>\n<!-- \/ Yoast SEO Premium plugin. -->","_links":{"self":[{"href":"https:\/\/www.imakeyousmile.se\/en\/wp-json\/wp\/v2\/posts\/9070"}],"collection":[{"href":"https:\/\/www.imakeyousmile.se\/en\/wp-json\/wp\/v2\/posts"}],"about":[{"href":"https:\/\/www.imakeyousmile.se\/en\/wp-json\/wp\/v2\/types\/post"}],"author":[{"embeddable":true,"href":"https:\/\/www.imakeyousmile.se\/en\/wp-json\/wp\/v2\/users\/30"}],"replies":[{"embeddable":true,"href":"https:\/\/www.imakeyousmile.se\/en\/wp-json\/wp\/v2\/comments?post=9070"}],"version-history":[{"count":0,"href":"https:\/\/www.imakeyousmile.se\/en\/wp-json\/wp\/v2\/posts\/9070\/revisions"}],"wp:attachment":[{"href":"https:\/\/www.imakeyousmile.se\/en\/wp-json\/wp\/v2\/media?parent=9070"}],"wp:term":[{"taxonomy":"category","embeddable":true,"href":"https:\/\/www.imakeyousmile.se\/en\/wp-json\/wp\/v2\/categories?post=9070"},{"taxonomy":"post_tag","embeddable":true,"href":"https:\/\/www.imakeyousmile.se\/en\/wp-json\/wp\/v2\/tags?post=9070"}],"curies":[{"name":"wp","href":"https:\/\/api.w.org\/{rel}","templated":true}]}}