{"id":9257,"date":"2013-11-08T19:45:21","date_gmt":"2013-11-08T18:45:21","guid":{"rendered":"http:\/\/www.imakeyousmile.se\/?p=9257"},"modified":"2013-11-08T15:29:35","modified_gmt":"2013-11-08T14:29:35","slug":"yves-rocher-repair-balm","status":"publish","type":"post","link":"https:\/\/www.imakeyousmile.se\/en\/yves-rocher-repair-balm\/","title":{"rendered":"Yves Rocher Repair Balm"},"content":{"rendered":"<p>I know that it&#039;s not just me who will be a winter dryer this time of year, and it will get worse!<\/p>\n<p>My legs get dry first, but then I notice the rest of my body as well. And on the whole body, you may not want the fattest cream with 70 % fat directly, but a fragrant slightly lighter lotion that goes into the skin a little faster.<\/p>\n<p>My favorite has become <a href=\"http:\/\/www.yves-rocher.se\/control\/kroppsvard-och-solskydd\/aterfuktande-vard\/reparerande-kroppsbalsam-for-mycket-torr-hud\/?cmSrc=Category\" target=\"_blank\">Yves Rocher&#039;s Repair Balm<\/a>\u00a0(149kr)! It smells delicious, no strong perfume scent but more just very fresh.<\/p>\n<p>The texture is reminiscent of a body butter, and it penetrates the skin fairly quickly without feeling sticky. It is fatter than a regular lotion and is for extra dry skin.<\/p>\n<p>Perfect in these times!<\/p>\n<p><a href=\"http:\/\/www.imakeyousmile.se\/en\/?attachment_id=9258\" rel=\"attachment wp-att-9258\"><img loading=\"lazy\" decoding=\"async\" class=\"alignnone size-full wp-image-9258\" title=\"yves rocher\" src=\"http:\/\/www.imakeyousmile.se\/wp-content\/uploads\/2013\/11\/yves-rocher.jpg\" alt=\"\" width=\"423\" height=\"448\" srcset=\"https:\/\/www.imakeyousmile.se\/wp-content\/uploads\/2013\/11\/yves-rocher.jpg 423w, https:\/\/www.imakeyousmile.se\/wp-content\/uploads\/2013\/11\/yves-rocher-283x300.jpg 283w\" sizes=\"(max-width: 423px) 100vw, 423px\" \/><\/a><\/p>\n<p><em>\u201cQuick help against really dry and cracked skin - a rich balm with organic shea butter that provides intense nutrition and has a repairing effect. The skin is soothed, deeply moisturized and feels like new.<\/em><\/p>\n<p><em>The shea butter from Mali is the result of a unique adventure that brings together Yves Rocher with important partners and local groups in Mali. Together, they have developed a series of organic shea butter extracted through completely traceable and open, sustainable production methods. \u201d<\/em><\/p>\n<p>(Text borrowed from Yves Rocher&#039;s website)<\/p>\n<p><strong>Thumbs up I say! :)<\/strong><\/p>","protected":false},"excerpt":{"rendered":"<p>Jag vet att det inte bara \u00e4r jag som blir en vintertorris den h\u00e4r tiden p\u00e5 \u00e5ret, och v\u00e4rre kommer det bli! Benen blir torra f\u00f6rst, men sedan m\u00e4rker jag av resten av kroppen ocks\u00e5. Och p\u00e5 hela kroppen kanske man inte vill ha den fetaste kr\u00e4men med 70 % fett direkt, utan en v\u00e4ldoftande [&hellip;]<\/p>\n","protected":false},"author":30,"featured_media":0,"comment_status":"open","ping_status":"closed","sticky":false,"template":"","format":"standard","meta":{"footnotes":""},"categories":[40,59],"tags":[1307,1272,1308,1309],"class_list":["post-9257","post","type-post","status-publish","format-standard","hentry","category-hudvard","category-recensioner-produkttips","tag-body-butter","tag-vintertorr-hy","tag-yves-rocher-hudvard","tag-yves-rocher-repair-balm"],"yoast_head":"<!-- This site is optimized with the Yoast SEO Premium plugin v14.9 - https:\/\/yoast.com\/wordpress\/plugins\/seo\/ -->\n<meta name=\"description\" content=\"Yves Rocher Repair Balm | Helena Amiley - H\u00e4r hittar du senaste infromation om sk\u00f6nhet, livsstil, entrepren\u00f6rskap, makeup &amp; tips.\" \/>\n<meta name=\"robots\" content=\"index, follow, max-snippet:-1, max-image-preview:large, max-video-preview:-1\" \/>\n<link rel=\"canonical\" href=\"https:\/\/www.imakeyousmile.se\/en\/yves-rocher-repair-balm\/\" \/>\n<meta property=\"og:locale\" content=\"en_US\" \/>\n<meta property=\"og:type\" content=\"article\" \/>\n<meta property=\"og:title\" content=\"Yves Rocher Repair Balm | Imakeyousmile.se\" \/>\n<meta property=\"og:description\" content=\"Yves Rocher Repair Balm | Helena Amiley - H\u00e4r hittar du senaste infromation om sk\u00f6nhet, livsstil, entrepren\u00f6rskap, makeup &amp; tips.\" \/>\n<meta property=\"og:url\" content=\"https:\/\/www.imakeyousmile.se\/en\/yves-rocher-repair-balm\/\" \/>\n<meta property=\"og:site_name\" content=\"Imakeyousmile.se\" \/>\n<meta property=\"article:author\" content=\"https:\/\/www.facebook.com\/imakeyousmile.se\" \/>\n<meta property=\"article:published_time\" content=\"2013-11-08T18:45:21+00:00\" \/>\n<meta property=\"article:modified_time\" content=\"2013-11-08T14:29:35+00:00\" \/>\n<meta property=\"og:image\" content=\"http:\/\/www.imakeyousmile.se\/wp-content\/uploads\/2013\/11\/yves-rocher.jpg\" \/>\n<meta name=\"twitter:card\" content=\"summary_large_image\" \/>\n<script type=\"application\/ld+json\" class=\"yoast-schema-graph\">{\"@context\":\"https:\/\/schema.org\",\"@graph\":[{\"@type\":\"Organization\",\"@id\":\"https:\/\/www.imakeyousmile.se\/en\/#organization\",\"name\":\"Imakeyousmile\",\"url\":\"https:\/\/www.imakeyousmile.se\/en\/\",\"sameAs\":[],\"logo\":{\"@type\":\"ImageObject\",\"@id\":\"https:\/\/www.imakeyousmile.se\/en\/#logo\",\"inLanguage\":\"en-US\",\"url\":\"https:\/\/www.imakeyousmile.se\/wp-content\/uploads\/2020\/10\/HELENA-AMILEY_SVART-1-e1603367975324.png\",\"width\":280,\"height\":93,\"caption\":\"Imakeyousmile\"},\"image\":{\"@id\":\"https:\/\/www.imakeyousmile.se\/en\/#logo\"}},{\"@type\":\"WebSite\",\"@id\":\"https:\/\/www.imakeyousmile.se\/en\/#website\",\"url\":\"https:\/\/www.imakeyousmile.se\/en\/\",\"name\":\"Imakeyousmile.se\",\"description\":\"Helena Amiley - Beauty, Entrepreneur, Lifestyle\",\"publisher\":{\"@id\":\"https:\/\/www.imakeyousmile.se\/en\/#organization\"},\"potentialAction\":[{\"@type\":\"SearchAction\",\"target\":\"https:\/\/www.imakeyousmile.se\/en\/?s={search_term_string}\",\"query-input\":\"required name=search_term_string\"}],\"inLanguage\":\"en-US\"},{\"@type\":\"ImageObject\",\"@id\":\"https:\/\/www.imakeyousmile.se\/yves-rocher-repair-balm\/#primaryimage\",\"inLanguage\":\"en-US\",\"url\":\"http:\/\/www.imakeyousmile.se\/wp-content\/uploads\/2013\/11\/yves-rocher.jpg\"},{\"@type\":\"WebPage\",\"@id\":\"https:\/\/www.imakeyousmile.se\/yves-rocher-repair-balm\/#webpage\",\"url\":\"https:\/\/www.imakeyousmile.se\/yves-rocher-repair-balm\/\",\"name\":\"Yves Rocher Repair Balm | Imakeyousmile.se\",\"isPartOf\":{\"@id\":\"https:\/\/www.imakeyousmile.se\/en\/#website\"},\"primaryImageOfPage\":{\"@id\":\"https:\/\/www.imakeyousmile.se\/yves-rocher-repair-balm\/#primaryimage\"},\"datePublished\":\"2013-11-08T18:45:21+00:00\",\"dateModified\":\"2013-11-08T14:29:35+00:00\",\"description\":\"Yves Rocher Repair Balm | Helena Amiley - H\\u00e4r hittar du senaste infromation om sk\\u00f6nhet, livsstil, entrepren\\u00f6rskap, makeup & tips.\",\"inLanguage\":\"en-US\",\"potentialAction\":[{\"@type\":\"ReadAction\",\"target\":[\"https:\/\/www.imakeyousmile.se\/yves-rocher-repair-balm\/\"]}]},{\"@type\":\"Article\",\"@id\":\"https:\/\/www.imakeyousmile.se\/yves-rocher-repair-balm\/#article\",\"isPartOf\":{\"@id\":\"https:\/\/www.imakeyousmile.se\/yves-rocher-repair-balm\/#webpage\"},\"author\":{\"@id\":\"https:\/\/www.imakeyousmile.se\/en\/#\/schema\/person\/b0fd43b1c6bb1c60cfd68bff9b4a10fb\"},\"headline\":\"Yves Rocher Repair Balm\",\"datePublished\":\"2013-11-08T18:45:21+00:00\",\"dateModified\":\"2013-11-08T14:29:35+00:00\",\"mainEntityOfPage\":{\"@id\":\"https:\/\/www.imakeyousmile.se\/yves-rocher-repair-balm\/#webpage\"},\"commentCount\":0,\"publisher\":{\"@id\":\"https:\/\/www.imakeyousmile.se\/en\/#organization\"},\"image\":{\"@id\":\"https:\/\/www.imakeyousmile.se\/yves-rocher-repair-balm\/#primaryimage\"},\"keywords\":\"body butter,vintertorr hy,yves rocher hudv\\u00e5rd,yves rocher repair balm\",\"articleSection\":\"Hudv\\u00e5rd,Recensioner &amp; Produkttips\",\"inLanguage\":\"en-US\",\"potentialAction\":[{\"@type\":\"CommentAction\",\"name\":\"Comment\",\"target\":[\"https:\/\/www.imakeyousmile.se\/yves-rocher-repair-balm\/#respond\"]}]},{\"@type\":\"Person\",\"@id\":\"https:\/\/www.imakeyousmile.se\/en\/#\/schema\/person\/b0fd43b1c6bb1c60cfd68bff9b4a10fb\",\"name\":\"Helena Amiley\",\"image\":{\"@type\":\"ImageObject\",\"@id\":\"https:\/\/www.imakeyousmile.se\/en\/#personlogo\",\"inLanguage\":\"en-US\",\"url\":\"https:\/\/secure.gravatar.com\/avatar\/5645558e1e355457a23368d7e1b4c904?s=96&d=mm&r=g\",\"caption\":\"Helena Amiley\"},\"description\":\"Jag skriver mest om sk\\u00f6nhet men bjuder \\u00e4ven p\\u00e5 glimtar fr\\u00e5n entrepren\\u00f6rlivet och bygget av v\\u00e5r egen camper van. Vanlife here we come!\",\"sameAs\":[\"https:\/\/www.facebook.com\/imakeyousmile.se\",\"https:\/\/www.instagram.com\/helenaamiley\",\"https:\/\/www.youtube.com\/channel\/UCR5iB6rvpV6Yr8ZjpQfr5mg?view_as=subscriber\"]}]}<\/script>\n<!-- \/ Yoast SEO Premium plugin. -->","_links":{"self":[{"href":"https:\/\/www.imakeyousmile.se\/en\/wp-json\/wp\/v2\/posts\/9257"}],"collection":[{"href":"https:\/\/www.imakeyousmile.se\/en\/wp-json\/wp\/v2\/posts"}],"about":[{"href":"https:\/\/www.imakeyousmile.se\/en\/wp-json\/wp\/v2\/types\/post"}],"author":[{"embeddable":true,"href":"https:\/\/www.imakeyousmile.se\/en\/wp-json\/wp\/v2\/users\/30"}],"replies":[{"embeddable":true,"href":"https:\/\/www.imakeyousmile.se\/en\/wp-json\/wp\/v2\/comments?post=9257"}],"version-history":[{"count":0,"href":"https:\/\/www.imakeyousmile.se\/en\/wp-json\/wp\/v2\/posts\/9257\/revisions"}],"wp:attachment":[{"href":"https:\/\/www.imakeyousmile.se\/en\/wp-json\/wp\/v2\/media?parent=9257"}],"wp:term":[{"taxonomy":"category","embeddable":true,"href":"https:\/\/www.imakeyousmile.se\/en\/wp-json\/wp\/v2\/categories?post=9257"},{"taxonomy":"post_tag","embeddable":true,"href":"https:\/\/www.imakeyousmile.se\/en\/wp-json\/wp\/v2\/tags?post=9257"}],"curies":[{"name":"wp","href":"https:\/\/api.w.org\/{rel}","templated":true}]}}