{"id":946,"date":"2012-05-18T08:30:00","date_gmt":"2012-05-18T06:30:00","guid":{"rendered":"http:\/\/www.imakeyousmile.se\/ga-fran-brunett-till-blondin\/"},"modified":"2020-11-02T15:10:10","modified_gmt":"2020-11-02T14:10:10","slug":"ga-fran-brunett-till-blondin","status":"publish","type":"post","link":"https:\/\/www.imakeyousmile.se\/en\/ga-from-brunette-to-blonde\/","title":{"rendered":"Go from brunette to blonde"},"content":{"rendered":"<div><\/div>\n<div style=\"clear: both; text-align: left;\">Dyeing your hair from brown to blonde is a process that<span style=\"font-size: x-large;\">\u00a0take time<\/span>\u00a0if it is not going to tear a lot of hair.<\/div>\n<div style=\"clear: both; text-align: left;\">To go to a good<span style=\"font-size: x-large;\">\u00a0hairdresser<\/span> is probably the best thing you can do, but since you should take it slow even then, it will be so <span style=\"font-size: x-large;\">expensive<\/span> in the long run with all &quot;return visits&quot;. That&#039;s why I actually did everything at home! Have made a more detailed post about that <a href=\"https:\/\/www.imakeyousmile.se\/en\/blondera-haret-hemma\/\">blonde hair at home<\/a>, you can peek in there too. :)<\/div>\n<div style=\"clear: both; text-align: left;\"><\/div>\n<div style=\"clear: both; text-align: left;\">I started lightening my hair almost 1 year ago. My hair is very easy to get worn out, so I needed so much time.<\/div>\n<div style=\"clear: both; text-align: left;\"><\/div>\n<div style=\"clear: both; text-align: left;\">Many would probably manage it in a shorter time as well, but you should <span style=\"font-size: x-large;\">do not be in a hurry<\/span> because that&#039;s when it&#039;s wrong!<\/div>\n<div style=\"clear: both; text-align: left;\"><\/div>\n<h4 style=\"clear: both; text-align: left;\"><strong>This was my method of going from brunette to blonde:<\/strong><\/h4>\n<ol>\n<li>\n<div style=\"clear: both; text-align: left;\">I started by letting my hair down\u00a0<strong>solblekas<\/strong> during the summer.<\/div>\n<\/li>\n<li>\n<div style=\"clear: both; text-align: left;\">When it was autumn, I started <strong>dye your hair<\/strong> blondare. NOT WITH BLEACHING, without dyeing. The difference is that bleaching brightens the hair a maximum of 7 shades, while a color cream only brightens 2-4. Bleaching is thus much, much stronger and that is what wears so much on the hair. You also have to be patient with the coloring. I dyed when my growth grew a few cm long - about every 3 months.<\/div>\n<\/li>\n<li>\n<div style=\"clear: both; text-align: left;\">When you only use coloring, the hair easily gets a yellowish tone when it starts to get light. Then it is\u00a0<strong>silver shampoo<\/strong> which concerns! And since I think my hair gets so dry from silver shampoo, I also use one <strong>silver packaging <\/strong>afterwards.<\/div>\n<\/li>\n<\/ol>\n<div style=\"clear: both; text-align: center;\"><img loading=\"lazy\" decoding=\"async\" class=\"alignnone wp-image-10676 size-full\" src=\"https:\/\/www.imakeyousmile.se\/wp-content\/uploads\/2014\/01\/blondera-h\u00e5ret-hemma.jpg\" alt=\"Go from brunette to blonde\" width=\"1798\" height=\"2038\" \/><\/div>\n<div style=\"text-align: left;\">Completely different pictures, but you see at least how dark I have been!<\/div>\n<div style=\"text-align: left;\">The pre-photo was taken last New Year&#039;s Eve.<\/div>\n<div style=\"text-align: left;\"><\/div>\n<div style=\"text-align: left;\">What do you think, was I the prettiest then or now? :)<\/div>\n<div style=\"clear: both; text-align: left;\"><\/div>\n<div style=\"clear: both; text-align: left;\">I use a silver shampoo from <em>L\u00f3real<\/em>, which is available at most hair salons.<\/div>\n<div style=\"clear: both; text-align: left;\">Where I shopped, it cost SEK 180 for a small bottle.<\/div>\n<div style=\"clear: both; text-align: left;\"><\/div>\n<div style=\"clear: both; text-align: left;\">I usually let the shampoo sit for about 15-30 minutes, but according to the instructions, you can rinse it out immediately.<\/div>\n<div style=\"clear: both; text-align: left;\"><\/div>\n<div style=\"clear: both; text-align: left;\"><a href=\"https:\/\/track.adtraction.com\/t\/t?a=1117786221&amp;as=1548102449&amp;t=2&amp;tk=1&amp;url=https:\/\/lyko.com\/sv\/sok?q=maria+nila+silver\">The silver packaging<\/a> I use is from <a href=\"https:\/\/track.adtraction.com\/t\/t?a=1117786221&amp;as=1548102449&amp;t=2&amp;tk=1&amp;url=https:\/\/lyko.com\/sv\/sok?q=maria+nila+silver\"><em>Maria Nila<\/em><\/a>.<\/div>\n<div style=\"clear: both; text-align: left;\">It is also available at most hairdressers, I bought it for SEK 150.<\/div>\n<div style=\"clear: both; text-align: left;\">The hair becomes very soft and smooth from it!<\/div>\n<div style=\"clear: both; text-align: center;\"><\/div>\n<div style=\"clear: both; text-align: left;\">Since I use the shampoo and the wrap in parallel, I do not know how much each one works. But according to the hairdresser I consulted, shampoo is more effective, but a wrap is also good.<\/div>\n<div><\/div>\n<div>Hope you liked my post about going from brunette to blonde!<\/div>\n<div><\/div>\n<div style=\"text-align: center;\"><span style=\"font-size: x-large;\">Hugs are!<\/span><\/div>","protected":false},"excerpt":{"rendered":"<p>Att f\u00e4rga h\u00e5ret fr\u00e5n brunt till blond \u00e4r en process som\u00a0tar tid\u00a0om det inte ska slita massvis p\u00e5 h\u00e5ret. Att g\u00e5 till en bra\u00a0fris\u00f6r \u00e4r v\u00e4l det b\u00e4sta man kan g\u00f6ra, men\u00a0eftersom man \u00e4ven d\u00e5 b\u00f6r ta det l\u00e5ngsamt s\u00e5 blir det s\u00e5 dyrt i l\u00e4ngden med alla &#8221;\u00e5terbes\u00f6k&#8221;.\u00a0D\u00e4rf\u00f6r har jag faktiskt gjort allting hemma! [&hellip;]<\/p>\n","protected":false},"author":30,"featured_media":10676,"comment_status":"open","ping_status":"open","sticky":false,"template":"","format":"standard","meta":{"footnotes":""},"categories":[2862,59],"tags":[],"class_list":["post-946","post","type-post","status-publish","format-standard","has-post-thumbnail","hentry","category-har","category-recensioner-produkttips"],"yoast_head":"<!-- This site is optimized with the Yoast SEO Premium plugin v14.9 - https:\/\/yoast.com\/wordpress\/plugins\/seo\/ -->\n<meta name=\"description\" content=\"G\u00e5 fr\u00e5n brunett till blondin | Helena Amiley - H\u00e4r hittar du senaste infromation om sk\u00f6nhet, livsstil, entrepren\u00f6rskap, makeup &amp; tips.\" \/>\n<meta name=\"robots\" content=\"index, follow, max-snippet:-1, max-image-preview:large, max-video-preview:-1\" \/>\n<link rel=\"canonical\" href=\"https:\/\/www.imakeyousmile.se\/en\/ga-fran-brunett-till-blondin\/\" \/>\n<meta property=\"og:locale\" content=\"en_US\" \/>\n<meta property=\"og:type\" content=\"article\" \/>\n<meta property=\"og:title\" content=\"G\u00e5 fr\u00e5n brunett till blondin | Imakeyousmile.se\" \/>\n<meta property=\"og:description\" content=\"G\u00e5 fr\u00e5n brunett till blondin | Helena Amiley - H\u00e4r hittar du senaste infromation om sk\u00f6nhet, livsstil, entrepren\u00f6rskap, makeup &amp; tips.\" \/>\n<meta property=\"og:url\" content=\"https:\/\/www.imakeyousmile.se\/en\/ga-fran-brunett-till-blondin\/\" \/>\n<meta property=\"og:site_name\" content=\"Imakeyousmile.se\" \/>\n<meta property=\"article:author\" content=\"https:\/\/www.facebook.com\/imakeyousmile.se\" \/>\n<meta property=\"article:published_time\" content=\"2012-05-18T06:30:00+00:00\" \/>\n<meta property=\"article:modified_time\" content=\"2020-11-02T14:10:10+00:00\" \/>\n<meta property=\"og:image\" content=\"https:\/\/www.imakeyousmile.se\/wp-content\/uploads\/2014\/01\/blondera-h\u00e5ret-hemma-e1605361190289.jpg\" \/>\n\t<meta property=\"og:image:width\" content=\"696\" \/>\n\t<meta property=\"og:image:height\" content=\"789\" \/>\n<meta name=\"twitter:card\" content=\"summary_large_image\" \/>\n<script type=\"application\/ld+json\" class=\"yoast-schema-graph\">{\"@context\":\"https:\/\/schema.org\",\"@graph\":[{\"@type\":\"Organization\",\"@id\":\"https:\/\/www.imakeyousmile.se\/en\/#organization\",\"name\":\"Imakeyousmile\",\"url\":\"https:\/\/www.imakeyousmile.se\/en\/\",\"sameAs\":[],\"logo\":{\"@type\":\"ImageObject\",\"@id\":\"https:\/\/www.imakeyousmile.se\/en\/#logo\",\"inLanguage\":\"en-US\",\"url\":\"https:\/\/www.imakeyousmile.se\/wp-content\/uploads\/2020\/10\/HELENA-AMILEY_SVART-1-e1603367975324.png\",\"width\":280,\"height\":93,\"caption\":\"Imakeyousmile\"},\"image\":{\"@id\":\"https:\/\/www.imakeyousmile.se\/en\/#logo\"}},{\"@type\":\"WebSite\",\"@id\":\"https:\/\/www.imakeyousmile.se\/en\/#website\",\"url\":\"https:\/\/www.imakeyousmile.se\/en\/\",\"name\":\"Imakeyousmile.se\",\"description\":\"Helena Amiley - Beauty, Entrepreneur, Lifestyle\",\"publisher\":{\"@id\":\"https:\/\/www.imakeyousmile.se\/en\/#organization\"},\"potentialAction\":[{\"@type\":\"SearchAction\",\"target\":\"https:\/\/www.imakeyousmile.se\/en\/?s={search_term_string}\",\"query-input\":\"required name=search_term_string\"}],\"inLanguage\":\"en-US\"},{\"@type\":\"ImageObject\",\"@id\":\"https:\/\/www.imakeyousmile.se\/ga-fran-brunett-till-blondin\/#primaryimage\",\"inLanguage\":\"en-US\",\"url\":\"https:\/\/www.imakeyousmile.se\/wp-content\/uploads\/2014\/01\/blondera-h\\u00e5ret-hemma-e1605361190289.jpg\",\"width\":696,\"height\":789},{\"@type\":\"WebPage\",\"@id\":\"https:\/\/www.imakeyousmile.se\/ga-fran-brunett-till-blondin\/#webpage\",\"url\":\"https:\/\/www.imakeyousmile.se\/ga-fran-brunett-till-blondin\/\",\"name\":\"G\\u00e5 fr\\u00e5n brunett till blondin | Imakeyousmile.se\",\"isPartOf\":{\"@id\":\"https:\/\/www.imakeyousmile.se\/en\/#website\"},\"primaryImageOfPage\":{\"@id\":\"https:\/\/www.imakeyousmile.se\/ga-fran-brunett-till-blondin\/#primaryimage\"},\"datePublished\":\"2012-05-18T06:30:00+00:00\",\"dateModified\":\"2020-11-02T14:10:10+00:00\",\"description\":\"G\\u00e5 fr\\u00e5n brunett till blondin | Helena Amiley - H\\u00e4r hittar du senaste infromation om sk\\u00f6nhet, livsstil, entrepren\\u00f6rskap, makeup & tips.\",\"inLanguage\":\"en-US\",\"potentialAction\":[{\"@type\":\"ReadAction\",\"target\":[\"https:\/\/www.imakeyousmile.se\/ga-fran-brunett-till-blondin\/\"]}]},{\"@type\":\"Article\",\"@id\":\"https:\/\/www.imakeyousmile.se\/ga-fran-brunett-till-blondin\/#article\",\"isPartOf\":{\"@id\":\"https:\/\/www.imakeyousmile.se\/ga-fran-brunett-till-blondin\/#webpage\"},\"author\":{\"@id\":\"https:\/\/www.imakeyousmile.se\/en\/#\/schema\/person\/b0fd43b1c6bb1c60cfd68bff9b4a10fb\"},\"headline\":\"G\\u00e5 fr\\u00e5n brunett till blondin\",\"datePublished\":\"2012-05-18T06:30:00+00:00\",\"dateModified\":\"2020-11-02T14:10:10+00:00\",\"mainEntityOfPage\":{\"@id\":\"https:\/\/www.imakeyousmile.se\/ga-fran-brunett-till-blondin\/#webpage\"},\"commentCount\":0,\"publisher\":{\"@id\":\"https:\/\/www.imakeyousmile.se\/en\/#organization\"},\"image\":{\"@id\":\"https:\/\/www.imakeyousmile.se\/ga-fran-brunett-till-blondin\/#primaryimage\"},\"articleSection\":\"H\\u00e5r,Recensioner &amp; Produkttips\",\"inLanguage\":\"en-US\",\"potentialAction\":[{\"@type\":\"CommentAction\",\"name\":\"Comment\",\"target\":[\"https:\/\/www.imakeyousmile.se\/ga-fran-brunett-till-blondin\/#respond\"]}]},{\"@type\":\"Person\",\"@id\":\"https:\/\/www.imakeyousmile.se\/en\/#\/schema\/person\/b0fd43b1c6bb1c60cfd68bff9b4a10fb\",\"name\":\"Helena Amiley\",\"image\":{\"@type\":\"ImageObject\",\"@id\":\"https:\/\/www.imakeyousmile.se\/en\/#personlogo\",\"inLanguage\":\"en-US\",\"url\":\"https:\/\/secure.gravatar.com\/avatar\/5645558e1e355457a23368d7e1b4c904?s=96&d=mm&r=g\",\"caption\":\"Helena Amiley\"},\"description\":\"Jag skriver mest om sk\\u00f6nhet men bjuder \\u00e4ven p\\u00e5 glimtar fr\\u00e5n entrepren\\u00f6rlivet och bygget av v\\u00e5r egen camper van. Vanlife here we come!\",\"sameAs\":[\"https:\/\/www.facebook.com\/imakeyousmile.se\",\"https:\/\/www.instagram.com\/helenaamiley\",\"https:\/\/www.youtube.com\/channel\/UCR5iB6rvpV6Yr8ZjpQfr5mg?view_as=subscriber\"]}]}<\/script>\n<!-- \/ Yoast SEO Premium plugin. -->","_links":{"self":[{"href":"https:\/\/www.imakeyousmile.se\/en\/wp-json\/wp\/v2\/posts\/946"}],"collection":[{"href":"https:\/\/www.imakeyousmile.se\/en\/wp-json\/wp\/v2\/posts"}],"about":[{"href":"https:\/\/www.imakeyousmile.se\/en\/wp-json\/wp\/v2\/types\/post"}],"author":[{"embeddable":true,"href":"https:\/\/www.imakeyousmile.se\/en\/wp-json\/wp\/v2\/users\/30"}],"replies":[{"embeddable":true,"href":"https:\/\/www.imakeyousmile.se\/en\/wp-json\/wp\/v2\/comments?post=946"}],"version-history":[{"count":3,"href":"https:\/\/www.imakeyousmile.se\/en\/wp-json\/wp\/v2\/posts\/946\/revisions"}],"predecessor-version":[{"id":38268,"href":"https:\/\/www.imakeyousmile.se\/en\/wp-json\/wp\/v2\/posts\/946\/revisions\/38268"}],"wp:featuredmedia":[{"embeddable":true,"href":"https:\/\/www.imakeyousmile.se\/en\/wp-json\/wp\/v2\/media\/10676"}],"wp:attachment":[{"href":"https:\/\/www.imakeyousmile.se\/en\/wp-json\/wp\/v2\/media?parent=946"}],"wp:term":[{"taxonomy":"category","embeddable":true,"href":"https:\/\/www.imakeyousmile.se\/en\/wp-json\/wp\/v2\/categories?post=946"},{"taxonomy":"post_tag","embeddable":true,"href":"https:\/\/www.imakeyousmile.se\/en\/wp-json\/wp\/v2\/tags?post=946"}],"curies":[{"name":"wp","href":"https:\/\/api.w.org\/{rel}","templated":true}]}}