{"id":9682,"date":"2013-11-26T22:18:33","date_gmt":"2013-11-26T21:18:33","guid":{"rendered":"http:\/\/www.imakeyousmile.se\/?p=9682"},"modified":"2013-11-26T22:19:04","modified_gmt":"2013-11-26T21:19:04","slug":"vinternaglar","status":"publish","type":"post","link":"https:\/\/www.imakeyousmile.se\/en\/winter-nails\/","title":{"rendered":"Winter nails"},"content":{"rendered":"<p>Here is some inspiration for you who do not know what to do with the nails during the winter :)<\/p>\n<p>I sit very often and google nail inspiration now that I have started to extend my nails. How fun!<\/p>\n<p>These are not nails that I myself will do as I have another idea for December, but which I still fell for extremely!<\/p>\n<p>If nails can be cozy, then these are a full scorer:<\/p>\n<p><a href=\"http:\/\/www.imakeyousmile.se\/en\/vinternaglar\/fairilse\/\" rel=\"attachment wp-att-9683\"><img loading=\"lazy\" decoding=\"async\" class=\"alignnone size-full wp-image-9683\" title=\"fairilse\" src=\"http:\/\/www.imakeyousmile.se\/wp-content\/uploads\/2013\/11\/fairilse.jpg\" alt=\"\" width=\"912\" height=\"926\" \/><\/a><\/p>\n<p>I found the picture on the nail blog <span style=\"text-decoration: underline;\"><a href=\"http:\/\/kokoronails.blogspot.se\/\" target=\"_blank\">kokoro nails<\/a><\/span>. Fina va? :)<\/p>\n<p>For more inspiration, I can recommend Nails Uppsala&#039;s Instagram<strong><em> @nailsuppsala<\/em><\/strong>, this is where I do my nails and<em>\u00a0<\/em>you have a 15% discount if you specify me when booking!<\/p>\n<p><strong>Hug!<\/strong><\/p>","protected":false},"excerpt":{"rendered":"<p>H\u00e4r kommer lite inspiration f\u00f6r er som inte vet vad ni ska g\u00f6ra f\u00f6r roligt med naglarna under vintern :) Jag sitter n\u00e4mligen v\u00e4ldigt ofta och googlar nagelinspiration nu efter att jag b\u00f6rjat f\u00f6rl\u00e4nga mina naglar. S\u00e5 roligt! Detta \u00e4r inga naglar som jag sj\u00e4lv kommer g\u00f6ra d\u00e5 jag har en annan id\u00e9 f\u00f6r december, [&hellip;]<\/p>\n","protected":false},"author":30,"featured_media":0,"comment_status":"open","ping_status":"closed","sticky":false,"template":"","format":"standard","meta":{"footnotes":""},"categories":[863],"tags":[1098,1396,1075,1397,1398],"class_list":["post-9682","post","type-post","status-publish","format-standard","hentry","category-naglar","tag-nagelsalong-uppsala","tag-nails-uppsa","tag-nails-uppsala-creative-zone","tag-vinternaglar","tag-winter-nails"],"yoast_head":"<!-- This site is optimized with the Yoast SEO Premium plugin v14.9 - https:\/\/yoast.com\/wordpress\/plugins\/seo\/ -->\n<meta name=\"description\" content=\"Vinternaglar | Helena Amiley - H\u00e4r hittar du senaste infromation om sk\u00f6nhet, livsstil, entrepren\u00f6rskap, makeup &amp; tips.\" \/>\n<meta name=\"robots\" content=\"index, follow, max-snippet:-1, max-image-preview:large, max-video-preview:-1\" \/>\n<link rel=\"canonical\" href=\"https:\/\/www.imakeyousmile.se\/en\/vinternaglar\/\" \/>\n<meta property=\"og:locale\" content=\"en_US\" \/>\n<meta property=\"og:type\" content=\"article\" \/>\n<meta property=\"og:title\" content=\"Vinternaglar | Imakeyousmile.se\" \/>\n<meta property=\"og:description\" content=\"Vinternaglar | Helena Amiley - H\u00e4r hittar du senaste infromation om sk\u00f6nhet, livsstil, entrepren\u00f6rskap, makeup &amp; tips.\" \/>\n<meta property=\"og:url\" content=\"https:\/\/www.imakeyousmile.se\/en\/vinternaglar\/\" \/>\n<meta property=\"og:site_name\" content=\"Imakeyousmile.se\" \/>\n<meta property=\"article:author\" content=\"https:\/\/www.facebook.com\/imakeyousmile.se\" \/>\n<meta property=\"article:published_time\" content=\"2013-11-26T21:18:33+00:00\" \/>\n<meta property=\"article:modified_time\" content=\"2013-11-26T21:19:04+00:00\" \/>\n<meta property=\"og:image\" content=\"http:\/\/www.imakeyousmile.se\/wp-content\/uploads\/2013\/11\/fairilse.jpg\" \/>\n<meta name=\"twitter:card\" content=\"summary_large_image\" \/>\n<script type=\"application\/ld+json\" class=\"yoast-schema-graph\">{\"@context\":\"https:\/\/schema.org\",\"@graph\":[{\"@type\":\"Organization\",\"@id\":\"https:\/\/www.imakeyousmile.se\/en\/#organization\",\"name\":\"Imakeyousmile\",\"url\":\"https:\/\/www.imakeyousmile.se\/en\/\",\"sameAs\":[],\"logo\":{\"@type\":\"ImageObject\",\"@id\":\"https:\/\/www.imakeyousmile.se\/en\/#logo\",\"inLanguage\":\"en-US\",\"url\":\"https:\/\/www.imakeyousmile.se\/wp-content\/uploads\/2020\/10\/HELENA-AMILEY_SVART-1-e1603367975324.png\",\"width\":280,\"height\":93,\"caption\":\"Imakeyousmile\"},\"image\":{\"@id\":\"https:\/\/www.imakeyousmile.se\/en\/#logo\"}},{\"@type\":\"WebSite\",\"@id\":\"https:\/\/www.imakeyousmile.se\/en\/#website\",\"url\":\"https:\/\/www.imakeyousmile.se\/en\/\",\"name\":\"Imakeyousmile.se\",\"description\":\"Helena Amiley - Beauty, Entrepreneur, Lifestyle\",\"publisher\":{\"@id\":\"https:\/\/www.imakeyousmile.se\/en\/#organization\"},\"potentialAction\":[{\"@type\":\"SearchAction\",\"target\":\"https:\/\/www.imakeyousmile.se\/en\/?s={search_term_string}\",\"query-input\":\"required name=search_term_string\"}],\"inLanguage\":\"en-US\"},{\"@type\":\"ImageObject\",\"@id\":\"https:\/\/www.imakeyousmile.se\/vinternaglar\/#primaryimage\",\"inLanguage\":\"en-US\",\"url\":\"http:\/\/www.imakeyousmile.se\/wp-content\/uploads\/2013\/11\/fairilse.jpg\"},{\"@type\":\"WebPage\",\"@id\":\"https:\/\/www.imakeyousmile.se\/vinternaglar\/#webpage\",\"url\":\"https:\/\/www.imakeyousmile.se\/vinternaglar\/\",\"name\":\"Vinternaglar | Imakeyousmile.se\",\"isPartOf\":{\"@id\":\"https:\/\/www.imakeyousmile.se\/en\/#website\"},\"primaryImageOfPage\":{\"@id\":\"https:\/\/www.imakeyousmile.se\/vinternaglar\/#primaryimage\"},\"datePublished\":\"2013-11-26T21:18:33+00:00\",\"dateModified\":\"2013-11-26T21:19:04+00:00\",\"description\":\"Vinternaglar | Helena Amiley - H\\u00e4r hittar du senaste infromation om sk\\u00f6nhet, livsstil, entrepren\\u00f6rskap, makeup & tips.\",\"inLanguage\":\"en-US\",\"potentialAction\":[{\"@type\":\"ReadAction\",\"target\":[\"https:\/\/www.imakeyousmile.se\/vinternaglar\/\"]}]},{\"@type\":\"Article\",\"@id\":\"https:\/\/www.imakeyousmile.se\/vinternaglar\/#article\",\"isPartOf\":{\"@id\":\"https:\/\/www.imakeyousmile.se\/vinternaglar\/#webpage\"},\"author\":{\"@id\":\"https:\/\/www.imakeyousmile.se\/en\/#\/schema\/person\/b0fd43b1c6bb1c60cfd68bff9b4a10fb\"},\"headline\":\"Vinternaglar\",\"datePublished\":\"2013-11-26T21:18:33+00:00\",\"dateModified\":\"2013-11-26T21:19:04+00:00\",\"mainEntityOfPage\":{\"@id\":\"https:\/\/www.imakeyousmile.se\/vinternaglar\/#webpage\"},\"commentCount\":0,\"publisher\":{\"@id\":\"https:\/\/www.imakeyousmile.se\/en\/#organization\"},\"image\":{\"@id\":\"https:\/\/www.imakeyousmile.se\/vinternaglar\/#primaryimage\"},\"keywords\":\"nagelsalong uppsala,nails uppsa,nails uppsala creative zone,vinternaglar,winter nails\",\"articleSection\":\"Naglar\",\"inLanguage\":\"en-US\",\"potentialAction\":[{\"@type\":\"CommentAction\",\"name\":\"Comment\",\"target\":[\"https:\/\/www.imakeyousmile.se\/vinternaglar\/#respond\"]}]},{\"@type\":\"Person\",\"@id\":\"https:\/\/www.imakeyousmile.se\/en\/#\/schema\/person\/b0fd43b1c6bb1c60cfd68bff9b4a10fb\",\"name\":\"Helena Amiley\",\"image\":{\"@type\":\"ImageObject\",\"@id\":\"https:\/\/www.imakeyousmile.se\/en\/#personlogo\",\"inLanguage\":\"en-US\",\"url\":\"https:\/\/secure.gravatar.com\/avatar\/5645558e1e355457a23368d7e1b4c904?s=96&d=mm&r=g\",\"caption\":\"Helena Amiley\"},\"description\":\"Jag skriver mest om sk\\u00f6nhet men bjuder \\u00e4ven p\\u00e5 glimtar fr\\u00e5n entrepren\\u00f6rlivet och bygget av v\\u00e5r egen camper van. Vanlife here we come!\",\"sameAs\":[\"https:\/\/www.facebook.com\/imakeyousmile.se\",\"https:\/\/www.instagram.com\/helenaamiley\",\"https:\/\/www.youtube.com\/channel\/UCR5iB6rvpV6Yr8ZjpQfr5mg?view_as=subscriber\"]}]}<\/script>\n<!-- \/ Yoast SEO Premium plugin. -->","_links":{"self":[{"href":"https:\/\/www.imakeyousmile.se\/en\/wp-json\/wp\/v2\/posts\/9682"}],"collection":[{"href":"https:\/\/www.imakeyousmile.se\/en\/wp-json\/wp\/v2\/posts"}],"about":[{"href":"https:\/\/www.imakeyousmile.se\/en\/wp-json\/wp\/v2\/types\/post"}],"author":[{"embeddable":true,"href":"https:\/\/www.imakeyousmile.se\/en\/wp-json\/wp\/v2\/users\/30"}],"replies":[{"embeddable":true,"href":"https:\/\/www.imakeyousmile.se\/en\/wp-json\/wp\/v2\/comments?post=9682"}],"version-history":[{"count":0,"href":"https:\/\/www.imakeyousmile.se\/en\/wp-json\/wp\/v2\/posts\/9682\/revisions"}],"wp:attachment":[{"href":"https:\/\/www.imakeyousmile.se\/en\/wp-json\/wp\/v2\/media?parent=9682"}],"wp:term":[{"taxonomy":"category","embeddable":true,"href":"https:\/\/www.imakeyousmile.se\/en\/wp-json\/wp\/v2\/categories?post=9682"},{"taxonomy":"post_tag","embeddable":true,"href":"https:\/\/www.imakeyousmile.se\/en\/wp-json\/wp\/v2\/tags?post=9682"}],"curies":[{"name":"wp","href":"https:\/\/api.w.org\/{rel}","templated":true}]}}