{"id":1004,"date":"2012-03-27T23:23:00","date_gmt":"2012-03-27T21:23:00","guid":{"rendered":"http:\/\/www.imakeyousmile.se\/rea-pa-creative-make-up\/"},"modified":"2012-03-27T23:23:00","modified_gmt":"2012-03-27T21:23:00","slug":"rea-pa-creative-make-up","status":"publish","type":"post","link":"https:\/\/www.imakeyousmile.se\/es\/rea-pa-maquillaje-creativo\/","title":{"rendered":"\u00a1Oferta en maquillaje creativo!"},"content":{"rendered":"<p>Creative Make Up tiene liquidaci\u00f3n de stock en este momento y vende MUCHOS productos: <span style=\"font-size: large;\">\u00a1Descuento 50%! <\/p>\n<p><\/span><br \/>Excelentes l\u00e1pices labiales, brillo de labios y sombras de ojos, pero tambi\u00e9n base mineral, corrector y cuidado de la piel.<\/p>\n<div><\/div>\n<div>tambi\u00e9n <span style=\"font-size: x-large;\">mascar\u00e1n<\/span>\u00a0<i><a href=\"https:\/\/ion.lyko.com\/t\/t?a=1117786221&#038;as=1548102449&#038;t=2&#038;tk=1&#038;epi=search-replace-mascara&#038;url=https:\/\/lyko.com\/sv\/smink\/ogon\/mascara\"><b>Pesta\u00f1as de volumen Fiberwig<\/b><\/a> <\/i>sobre el que escrib\u00ed en un blog est\u00e1 en oferta<i>Ganadora del mejor fijador de pesta\u00f1as en los premios Tara Beauty Awards 2011 y tambi\u00e9n la favorita de la artista de maquillaje Linda Hallberg.<\/i>)<\/div>\n<div><\/div>\n<div>La oferta a\u00fan no est\u00e1 disponible en la tienda web (<i>tal vez viniendo<\/i>) pero t\u00fa que has pasado los caminos <span style=\"font-size: x-large;\">Upsala<\/span> \u00a1Deber\u00eda echar un vistazo a la tienda! - Kungsgatan 41.<\/div>\n<div><\/div>\n<div><\/div>\n<div style=\"text-align: center;\"><span style=\"font-size: x-large;\">\u00a1Se pone tan dura la semana de compras! <\/span><span style=\"font-size: large;\">:)<\/span><\/div>","protected":false},"excerpt":{"rendered":"<p>Creative Make Up har lagerrensning just nu och s\u00e4ljer ut MASSOR av produkter &#8211; 50% rabatt! J\u00e4ttefina l\u00e4ppstift, l\u00e4ppglans och \u00f6gonskuggor men ocks\u00e5 mineralfoundation, concealer och hudv\u00e5rd. \u00c4ven mascaran\u00a0Fiberwig Volume Lash som jag bloggat om \u00e4r p\u00e5 rea (Vinnare av b\u00e4sta fransfixare\u00a0i Tara Beauty Awards 2011, och \u00e4ven make up artisten Linda Hallbergs favorit) Rean [&hellip;]<\/p>\n","protected":false},"author":30,"featured_media":0,"comment_status":"open","ping_status":"open","sticky":false,"template":"","format":"standard","meta":{"footnotes":""},"categories":[3],"tags":[],"class_list":["post-1004","post","type-post","status-publish","format-standard","hentry","category-allmant"],"yoast_head":"<!-- This site is optimized with the Yoast SEO Premium plugin v14.9 - https:\/\/yoast.com\/wordpress\/plugins\/seo\/ -->\n<meta name=\"description\" content=\"Rea p\u00e5 Creative Make Up! | Helena Amiley - H\u00e4r hittar du senaste infromation om sk\u00f6nhet, livsstil, entrepren\u00f6rskap, makeup &amp; tips.\" \/>\n<meta name=\"robots\" content=\"index, follow, max-snippet:-1, max-image-preview:large, max-video-preview:-1\" \/>\n<link rel=\"canonical\" href=\"https:\/\/www.imakeyousmile.se\/es\/rea-pa-creative-make-up\/\" \/>\n<meta property=\"og:locale\" content=\"es_ES\" \/>\n<meta property=\"og:type\" content=\"article\" \/>\n<meta property=\"og:title\" content=\"Rea p\u00e5 Creative Make Up! | Imakeyousmile.se\" \/>\n<meta property=\"og:description\" content=\"Rea p\u00e5 Creative Make Up! | Helena Amiley - H\u00e4r hittar du senaste infromation om sk\u00f6nhet, livsstil, entrepren\u00f6rskap, makeup &amp; tips.\" \/>\n<meta property=\"og:url\" content=\"https:\/\/www.imakeyousmile.se\/es\/rea-pa-creative-make-up\/\" \/>\n<meta property=\"og:site_name\" content=\"Imakeyousmile.se\" \/>\n<meta property=\"article:author\" content=\"https:\/\/www.facebook.com\/imakeyousmile.se\" \/>\n<meta property=\"article:published_time\" content=\"2012-03-27T21:23:00+00:00\" \/>\n<meta name=\"twitter:card\" content=\"summary_large_image\" \/>\n<script type=\"application\/ld+json\" class=\"yoast-schema-graph\">{\"@context\":\"https:\/\/schema.org\",\"@graph\":[{\"@type\":\"Organization\",\"@id\":\"https:\/\/www.imakeyousmile.se\/es\/#organization\",\"name\":\"Imakeyousmile\",\"url\":\"https:\/\/www.imakeyousmile.se\/es\/\",\"sameAs\":[],\"logo\":{\"@type\":\"ImageObject\",\"@id\":\"https:\/\/www.imakeyousmile.se\/es\/#logo\",\"inLanguage\":\"es\",\"url\":\"https:\/\/www.imakeyousmile.se\/wp-content\/uploads\/2020\/10\/HELENA-AMILEY_SVART-1-e1603367975324.png\",\"width\":280,\"height\":93,\"caption\":\"Imakeyousmile\"},\"image\":{\"@id\":\"https:\/\/www.imakeyousmile.se\/es\/#logo\"}},{\"@type\":\"WebSite\",\"@id\":\"https:\/\/www.imakeyousmile.se\/es\/#website\",\"url\":\"https:\/\/www.imakeyousmile.se\/es\/\",\"name\":\"Imakeyousmile.se\",\"description\":\"Helena Amiley - Beauty, Entrepreneur, Lifestyle\",\"publisher\":{\"@id\":\"https:\/\/www.imakeyousmile.se\/es\/#organization\"},\"potentialAction\":[{\"@type\":\"SearchAction\",\"target\":\"https:\/\/www.imakeyousmile.se\/es\/?s={search_term_string}\",\"query-input\":\"required name=search_term_string\"}],\"inLanguage\":\"es\"},{\"@type\":\"WebPage\",\"@id\":\"https:\/\/www.imakeyousmile.se\/rea-pa-creative-make-up\/#webpage\",\"url\":\"https:\/\/www.imakeyousmile.se\/rea-pa-creative-make-up\/\",\"name\":\"Rea p\\u00e5 Creative Make Up! | Imakeyousmile.se\",\"isPartOf\":{\"@id\":\"https:\/\/www.imakeyousmile.se\/es\/#website\"},\"datePublished\":\"2012-03-27T21:23:00+00:00\",\"dateModified\":\"2012-03-27T21:23:00+00:00\",\"description\":\"Rea p\\u00e5 Creative Make Up! | Helena Amiley - H\\u00e4r hittar du senaste infromation om sk\\u00f6nhet, livsstil, entrepren\\u00f6rskap, makeup & tips.\",\"inLanguage\":\"es\",\"potentialAction\":[{\"@type\":\"ReadAction\",\"target\":[\"https:\/\/www.imakeyousmile.se\/rea-pa-creative-make-up\/\"]}]},{\"@type\":\"Article\",\"@id\":\"https:\/\/www.imakeyousmile.se\/rea-pa-creative-make-up\/#article\",\"isPartOf\":{\"@id\":\"https:\/\/www.imakeyousmile.se\/rea-pa-creative-make-up\/#webpage\"},\"author\":{\"@id\":\"https:\/\/www.imakeyousmile.se\/es\/#\/schema\/person\/b0fd43b1c6bb1c60cfd68bff9b4a10fb\"},\"headline\":\"Rea p\\u00e5 Creative Make Up!\",\"datePublished\":\"2012-03-27T21:23:00+00:00\",\"dateModified\":\"2012-03-27T21:23:00+00:00\",\"mainEntityOfPage\":{\"@id\":\"https:\/\/www.imakeyousmile.se\/rea-pa-creative-make-up\/#webpage\"},\"commentCount\":0,\"publisher\":{\"@id\":\"https:\/\/www.imakeyousmile.se\/es\/#organization\"},\"articleSection\":\"\\u00d6vrigt\",\"inLanguage\":\"es\",\"potentialAction\":[{\"@type\":\"CommentAction\",\"name\":\"Comment\",\"target\":[\"https:\/\/www.imakeyousmile.se\/rea-pa-creative-make-up\/#respond\"]}]},{\"@type\":\"Person\",\"@id\":\"https:\/\/www.imakeyousmile.se\/es\/#\/schema\/person\/b0fd43b1c6bb1c60cfd68bff9b4a10fb\",\"name\":\"Helena Amiley\",\"image\":{\"@type\":\"ImageObject\",\"@id\":\"https:\/\/www.imakeyousmile.se\/es\/#personlogo\",\"inLanguage\":\"es\",\"url\":\"https:\/\/secure.gravatar.com\/avatar\/5645558e1e355457a23368d7e1b4c904?s=96&d=mm&r=g\",\"caption\":\"Helena Amiley\"},\"description\":\"Jag skriver mest om sk\\u00f6nhet men bjuder \\u00e4ven p\\u00e5 glimtar fr\\u00e5n entrepren\\u00f6rlivet och bygget av v\\u00e5r egen camper van. Vanlife here we come!\",\"sameAs\":[\"https:\/\/www.facebook.com\/imakeyousmile.se\",\"https:\/\/www.instagram.com\/helenaamiley\",\"https:\/\/www.youtube.com\/channel\/UCR5iB6rvpV6Yr8ZjpQfr5mg?view_as=subscriber\"]}]}<\/script>\n<!-- \/ Yoast SEO Premium plugin. -->","_links":{"self":[{"href":"https:\/\/www.imakeyousmile.se\/es\/wp-json\/wp\/v2\/posts\/1004"}],"collection":[{"href":"https:\/\/www.imakeyousmile.se\/es\/wp-json\/wp\/v2\/posts"}],"about":[{"href":"https:\/\/www.imakeyousmile.se\/es\/wp-json\/wp\/v2\/types\/post"}],"author":[{"embeddable":true,"href":"https:\/\/www.imakeyousmile.se\/es\/wp-json\/wp\/v2\/users\/30"}],"replies":[{"embeddable":true,"href":"https:\/\/www.imakeyousmile.se\/es\/wp-json\/wp\/v2\/comments?post=1004"}],"version-history":[{"count":0,"href":"https:\/\/www.imakeyousmile.se\/es\/wp-json\/wp\/v2\/posts\/1004\/revisions"}],"wp:attachment":[{"href":"https:\/\/www.imakeyousmile.se\/es\/wp-json\/wp\/v2\/media?parent=1004"}],"wp:term":[{"taxonomy":"category","embeddable":true,"href":"https:\/\/www.imakeyousmile.se\/es\/wp-json\/wp\/v2\/categories?post=1004"},{"taxonomy":"post_tag","embeddable":true,"href":"https:\/\/www.imakeyousmile.se\/es\/wp-json\/wp\/v2\/tags?post=1004"}],"curies":[{"name":"wp","href":"https:\/\/api.w.org\/{rel}","templated":true}]}}