{"id":1027,"date":"2012-03-11T10:58:00","date_gmt":"2012-03-11T09:58:00","guid":{"rendered":"http:\/\/www.imakeyousmile.se\/naturlig-sminkning-med-en-fargklick\/"},"modified":"2021-10-24T10:04:16","modified_gmt":"2021-10-24T08:04:16","slug":"naturlig-sminkning-med-en-fargklick","status":"publish","type":"post","link":"https:\/\/www.imakeyousmile.se\/es\/maquillaje-natural-con-un-clic-de-color\/","title":{"rendered":"Maquillaje natural con un toque de color"},"content":{"rendered":"<div style=\"clear: both; text-align: left;\">Ten un per\u00edodo ahora en el que siento <span style=\"font-size: x-large;\">m\u00e1s hermoso<\/span> deshecho con solo un poco de base, o de forma muy natural.<\/div>\n<div style=\"clear: both; text-align: left;\"><\/div>\n<div style=\"clear: both; text-align: left;\">Agradable pero un poco aburrido para el blog, debe agudizarme :)<\/div>\n<div style=\"clear: both; text-align: left;\"><\/div>\n<div style=\"clear: both; text-align: left;\">Aqu\u00ed hay un maquillaje que tuve hace unos d\u00edas. Tambi\u00e9n es muy natural, pero a\u00fan as\u00ed <span style=\"font-size: x-large;\">no<\/span> \u00a1aburrido!<\/div>\n<div style=\"clear: both; text-align: center;\"><\/div>\n<div style=\"clear: both; text-align: center;\"><\/div>\n<div style=\"clear: both; text-align: center;\"><a style=\"margin-left: 1em; margin-right: 1em;\" href=\"http:\/\/2.bp.blogspot.com\/-lDX4m9lWC2o\/T1xxv0OulZI\/AAAAAAAAGF8\/k-j7PU1RSa8\/s1600\/IMG_9846.JPG\"><img loading=\"lazy\" decoding=\"async\" src=\"http:\/\/2.bp.blogspot.com\/-lDX4m9lWC2o\/T1xxv0OulZI\/AAAAAAAAGF8\/k-j7PU1RSa8\/s320\/IMG_9846.JPG\" alt=\"\" width=\"320\" height=\"300\" border=\"0\" \/><\/a><\/div>\n<div style=\"clear: both; text-align: center;\"><\/div>\n<div style=\"clear: both; text-align: center;\"><span style=\"color: #ffd966; font-size: large;\"><strong>Gulvit<\/strong><\/span> sombra de ojos en el p\u00e1rpado, en el rabillo del ojo y debajo de la ceja,<a href=\"https:\/\/ion.lyko.com\/t\/t?a=1117786221&amp;as=1548102449&amp;t=2&amp;tk=1&amp;epi=search-replace-singleskugga&amp;url=https:\/\/lyko.com\/sv\/sok?q=singelskugga\"><em><strong>Kryolan Eyedust No.1 (el tono favorito de Annika<\/strong><\/em>)<\/a><\/div>\n<div style=\"clear: both; text-align: center;\"><span style=\"color: #b45f06; font-size: large;\"><strong>Marr\u00f3n claro<\/strong><\/span> sombra de ojos a lo largo de la l\u00ednea del globo, <a href=\"https:\/\/go.eleven.se\/t\/t?a=1301482047&amp;as=1548102449&amp;t=2&amp;tk=1&amp;epi=search-replace-elevenpaletter&amp;url=https:\/\/eleven.se\/smink\/makeup-set\/set---paletter\"><em><strong>Paleta Once 180<\/strong><\/em><\/a>.<\/div>\n<div style=\"clear: both; text-align: center;\"><\/div>\n<div style=\"clear: both; text-align: center;\"><span style=\"color: #45818e; font-size: large;\"><strong>Delineador de ojos turquesa<\/strong><\/span> al final de la l\u00ednea interior de las pesta\u00f1as, <a href=\"https:\/\/dot.yves-rocher.se\/t\/t?a=138068268&amp;as=1548102449&amp;t=2&amp;tk=1&amp;epi=search-replace-yveskajal&amp;url=https:\/\/www.yves-rocher.se\/smink\/ogon\/ogonpenna-och-eyeliner\/c\/23200\"><em><strong>Delineador de ojos impermeable Yves Rocher<\/strong><\/em><\/a>.<\/div>\n<div style=\"clear: both; text-align: center;\"><span style=\"color: #999999; font-size: large;\">Delineador de ojos blanco<\/span> m\u00e1s interior en la l\u00ednea interior de las pesta\u00f1as, <em>H&amp;M<\/em>.<\/div>\n<div style=\"clear: both; text-align: center;\"><\/div>\n<div style=\"clear: both; text-align: center;\"><span style=\"color: #073763; font-size: large;\"><strong>R\u00edmel azul oscuro<\/strong><\/span> en todas las pesta\u00f1as,<a href=\"https:\/\/ion.lyko.com\/t\/t?a=1117786221&amp;as=1548102449&amp;t=2&amp;tk=1&amp;epi=search-replace-mascara&amp;url=https:\/\/lyko.com\/sv\/smink\/ogon\/mascara?fromsearch=mascara\"> <strong><em>Maxfactor False Lash Effect, azul profundo<\/em><\/strong><\/a>.<\/div>\n<div style=\"clear: both; text-align: center;\"><a style=\"margin-left: 1em; margin-right: 1em;\" href=\"http:\/\/4.bp.blogspot.com\/-gtT1TbdkQ28\/T1xxwzhorkI\/AAAAAAAAGGE\/UJ8sBBKbLS0\/s1600\/IMG_9856.JPG\"><img loading=\"lazy\" decoding=\"async\" src=\"http:\/\/4.bp.blogspot.com\/-gtT1TbdkQ28\/T1xxwzhorkI\/AAAAAAAAGGE\/UJ8sBBKbLS0\/s640\/IMG_9856.JPG\" alt=\"\" width=\"432\" height=\"640\" border=\"0\" \/><\/a><\/div>\n<div style=\"clear: both; text-align: center;\"><span style=\"color: #f6b26b; font-size: large;\">Fundaci\u00f3n:<\/span><\/div>\n<div style=\"clear: both; text-align: center;\"><em>Glo Minerales, <\/em><a href=\"https:\/\/ion.lyko.com\/t\/t?a=1117786221&amp;as=1548102449&amp;t=2&amp;tk=1&amp;epi=search-replace-pressedbase&amp;url=https:\/\/lyko.com\/sv\/glo-skin-beauty\/glominerals-pressed-base-golden-medium\"><em><strong>GloPressed Base, base mineral s\u00f3lida<\/strong><\/em><\/a>.<\/div>\n<div style=\"clear: both; text-align: center;\"><span style=\"color: #ea9999; font-size: large;\">Colorete:<\/span><\/div>\n<div style=\"clear: both; text-align: center;\"><em>Glo Minerales <\/em><a href=\"https:\/\/ion.lyko.com\/t\/t?a=1117786221&amp;as=1548102449&amp;t=2&amp;tk=1&amp;epi=search-replace-globlush&amp;url=https:\/\/lyko.com\/sv\/glo-skin-beauty\/glominerals-blush-sweet\"><em><strong>GloBlush Powder Rouge, Sunset y Papaya<\/strong><\/em><\/a>.<\/div>\n<div style=\"clear: both; text-align: center;\"><span style=\"color: #b45f06; font-size: large;\">Sombra de cejas:<\/span><\/div>\n<div style=\"clear: both; text-align: center;\"><em>Glo Minerales <\/em><a href=\"http:\/\/www.inneonline.se\/creativemakeup\/Oegonbryn\/glo-browpowder-duo\/prod_1670.html\"><em><strong>D\u00fao Glo Browpowder, Taupe<\/strong><\/em><\/a>.<\/div>\n<div style=\"clear: both; text-align: center;\"><span style=\"color: #e06666; font-size: large;\">L\u00e1piz de brillo de labios:<\/span><\/div>\n<div style=\"clear: both; text-align: center;\"><em>Glo Minerales <\/em><a href=\"http:\/\/www.inneonline.se\/creativemakeup\/Laeppar\/Lip-crayon\/prod_1688.html\"><em><strong>L\u00e1piz labial, Corall<\/strong><\/em><\/a>.<\/div>\n<p>Ahora Miska y yo vamos a comer<span style=\"font-size: x-large;\"> desayuno tard\u00edo<\/span> - tostada con mozzarella, champi\u00f1ones y jam\u00f3n. \u00a1Lujo para todos los d\u00edas a un alto nivel!<\/p>\n<p>Luego intentar\u00e9 volver a coser un poco, no es tan dif\u00edcil coser a mano pero lleva much\u00edsimo tiempo si tienes cuidado.<\/p>\n<div style=\"text-align: center;\"><span style=\"font-size: x-large;\">\u00a1Que tengan todos un buen domingo!<\/span><\/div>","protected":false},"excerpt":{"rendered":"<p>Har en period nu d\u00e5 jag k\u00e4nner mig snyggast osminkad med bara lite foundation, eller v\u00e4ldigt naturligt sminkad. Sk\u00f6nt men lite tr\u00e5kigt f\u00f6r bloggen, m\u00e5ste sk\u00e4rpa mig :) H\u00e4r kommer en sminkning som jag hade f\u00f6r n\u00e5gra dagar sen. Den \u00e4r ocks\u00e5 v\u00e4ldigt naturlig, men dock inte tr\u00e5kig! Gulvit \u00f6gonskugga p\u00e5 \u00f6gonlocket, i \u00f6gonvr\u00e5n, och\u00a0under [&hellip;]<\/p>\n","protected":false},"author":30,"featured_media":0,"comment_status":"open","ping_status":"open","sticky":false,"template":"","format":"standard","meta":{"footnotes":""},"categories":[3],"tags":[],"class_list":["post-1027","post","type-post","status-publish","format-standard","hentry","category-allmant"],"yoast_head":"<!-- This site is optimized with the Yoast SEO Premium plugin v14.9 - https:\/\/yoast.com\/wordpress\/plugins\/seo\/ -->\n<meta name=\"description\" content=\"Naturlig sminkning med en f\u00e4rgklick | Helena Amiley - H\u00e4r hittar du senaste infromation om sk\u00f6nhet, livsstil, entrepren\u00f6rskap, makeup &amp; tips.\" \/>\n<meta name=\"robots\" content=\"index, follow, max-snippet:-1, max-image-preview:large, max-video-preview:-1\" \/>\n<link rel=\"canonical\" href=\"https:\/\/www.imakeyousmile.se\/es\/naturlig-sminkning-med-en-fargklick\/\" \/>\n<meta property=\"og:locale\" content=\"es_ES\" \/>\n<meta property=\"og:type\" content=\"article\" \/>\n<meta property=\"og:title\" content=\"Naturlig sminkning med en f\u00e4rgklick | Imakeyousmile.se\" \/>\n<meta property=\"og:description\" content=\"Naturlig sminkning med en f\u00e4rgklick | Helena Amiley - H\u00e4r hittar du senaste infromation om sk\u00f6nhet, livsstil, entrepren\u00f6rskap, makeup &amp; tips.\" \/>\n<meta property=\"og:url\" content=\"https:\/\/www.imakeyousmile.se\/es\/naturlig-sminkning-med-en-fargklick\/\" \/>\n<meta property=\"og:site_name\" content=\"Imakeyousmile.se\" \/>\n<meta property=\"article:author\" content=\"https:\/\/www.facebook.com\/imakeyousmile.se\" \/>\n<meta property=\"article:published_time\" content=\"2012-03-11T09:58:00+00:00\" \/>\n<meta property=\"article:modified_time\" content=\"2021-10-24T08:04:16+00:00\" \/>\n<meta property=\"og:image\" content=\"http:\/\/2.bp.blogspot.com\/-lDX4m9lWC2o\/T1xxv0OulZI\/AAAAAAAAGF8\/k-j7PU1RSa8\/s320\/IMG_9846.JPG\" \/>\n<meta name=\"twitter:card\" content=\"summary_large_image\" \/>\n<script type=\"application\/ld+json\" class=\"yoast-schema-graph\">{\"@context\":\"https:\/\/schema.org\",\"@graph\":[{\"@type\":\"Organization\",\"@id\":\"https:\/\/www.imakeyousmile.se\/es\/#organization\",\"name\":\"Imakeyousmile\",\"url\":\"https:\/\/www.imakeyousmile.se\/es\/\",\"sameAs\":[],\"logo\":{\"@type\":\"ImageObject\",\"@id\":\"https:\/\/www.imakeyousmile.se\/es\/#logo\",\"inLanguage\":\"es\",\"url\":\"https:\/\/www.imakeyousmile.se\/wp-content\/uploads\/2020\/10\/HELENA-AMILEY_SVART-1-e1603367975324.png\",\"width\":280,\"height\":93,\"caption\":\"Imakeyousmile\"},\"image\":{\"@id\":\"https:\/\/www.imakeyousmile.se\/es\/#logo\"}},{\"@type\":\"WebSite\",\"@id\":\"https:\/\/www.imakeyousmile.se\/es\/#website\",\"url\":\"https:\/\/www.imakeyousmile.se\/es\/\",\"name\":\"Imakeyousmile.se\",\"description\":\"Helena Amiley - Beauty, Entrepreneur, Lifestyle\",\"publisher\":{\"@id\":\"https:\/\/www.imakeyousmile.se\/es\/#organization\"},\"potentialAction\":[{\"@type\":\"SearchAction\",\"target\":\"https:\/\/www.imakeyousmile.se\/es\/?s={search_term_string}\",\"query-input\":\"required name=search_term_string\"}],\"inLanguage\":\"es\"},{\"@type\":\"ImageObject\",\"@id\":\"https:\/\/www.imakeyousmile.se\/naturlig-sminkning-med-en-fargklick\/#primaryimage\",\"inLanguage\":\"es\",\"url\":\"http:\/\/2.bp.blogspot.com\/-lDX4m9lWC2o\/T1xxv0OulZI\/AAAAAAAAGF8\/k-j7PU1RSa8\/s320\/IMG_9846.JPG\"},{\"@type\":\"WebPage\",\"@id\":\"https:\/\/www.imakeyousmile.se\/naturlig-sminkning-med-en-fargklick\/#webpage\",\"url\":\"https:\/\/www.imakeyousmile.se\/naturlig-sminkning-med-en-fargklick\/\",\"name\":\"Naturlig sminkning med en f\\u00e4rgklick | Imakeyousmile.se\",\"isPartOf\":{\"@id\":\"https:\/\/www.imakeyousmile.se\/es\/#website\"},\"primaryImageOfPage\":{\"@id\":\"https:\/\/www.imakeyousmile.se\/naturlig-sminkning-med-en-fargklick\/#primaryimage\"},\"datePublished\":\"2012-03-11T09:58:00+00:00\",\"dateModified\":\"2021-10-24T08:04:16+00:00\",\"description\":\"Naturlig sminkning med en f\\u00e4rgklick | Helena Amiley - H\\u00e4r hittar du senaste infromation om sk\\u00f6nhet, livsstil, entrepren\\u00f6rskap, makeup & tips.\",\"inLanguage\":\"es\",\"potentialAction\":[{\"@type\":\"ReadAction\",\"target\":[\"https:\/\/www.imakeyousmile.se\/naturlig-sminkning-med-en-fargklick\/\"]}]},{\"@type\":\"Article\",\"@id\":\"https:\/\/www.imakeyousmile.se\/naturlig-sminkning-med-en-fargklick\/#article\",\"isPartOf\":{\"@id\":\"https:\/\/www.imakeyousmile.se\/naturlig-sminkning-med-en-fargklick\/#webpage\"},\"author\":{\"@id\":\"https:\/\/www.imakeyousmile.se\/es\/#\/schema\/person\/b0fd43b1c6bb1c60cfd68bff9b4a10fb\"},\"headline\":\"Naturlig sminkning med en f\\u00e4rgklick\",\"datePublished\":\"2012-03-11T09:58:00+00:00\",\"dateModified\":\"2021-10-24T08:04:16+00:00\",\"mainEntityOfPage\":{\"@id\":\"https:\/\/www.imakeyousmile.se\/naturlig-sminkning-med-en-fargklick\/#webpage\"},\"commentCount\":0,\"publisher\":{\"@id\":\"https:\/\/www.imakeyousmile.se\/es\/#organization\"},\"image\":{\"@id\":\"https:\/\/www.imakeyousmile.se\/naturlig-sminkning-med-en-fargklick\/#primaryimage\"},\"articleSection\":\"\\u00d6vrigt\",\"inLanguage\":\"es\",\"potentialAction\":[{\"@type\":\"CommentAction\",\"name\":\"Comment\",\"target\":[\"https:\/\/www.imakeyousmile.se\/naturlig-sminkning-med-en-fargklick\/#respond\"]}]},{\"@type\":\"Person\",\"@id\":\"https:\/\/www.imakeyousmile.se\/es\/#\/schema\/person\/b0fd43b1c6bb1c60cfd68bff9b4a10fb\",\"name\":\"Helena Amiley\",\"image\":{\"@type\":\"ImageObject\",\"@id\":\"https:\/\/www.imakeyousmile.se\/es\/#personlogo\",\"inLanguage\":\"es\",\"url\":\"https:\/\/secure.gravatar.com\/avatar\/5645558e1e355457a23368d7e1b4c904?s=96&d=mm&r=g\",\"caption\":\"Helena Amiley\"},\"description\":\"Jag skriver mest om sk\\u00f6nhet men bjuder \\u00e4ven p\\u00e5 glimtar fr\\u00e5n entrepren\\u00f6rlivet och bygget av v\\u00e5r egen camper van. Vanlife here we come!\",\"sameAs\":[\"https:\/\/www.facebook.com\/imakeyousmile.se\",\"https:\/\/www.instagram.com\/helenaamiley\",\"https:\/\/www.youtube.com\/channel\/UCR5iB6rvpV6Yr8ZjpQfr5mg?view_as=subscriber\"]}]}<\/script>\n<!-- \/ Yoast SEO Premium plugin. -->","_links":{"self":[{"href":"https:\/\/www.imakeyousmile.se\/es\/wp-json\/wp\/v2\/posts\/1027"}],"collection":[{"href":"https:\/\/www.imakeyousmile.se\/es\/wp-json\/wp\/v2\/posts"}],"about":[{"href":"https:\/\/www.imakeyousmile.se\/es\/wp-json\/wp\/v2\/types\/post"}],"author":[{"embeddable":true,"href":"https:\/\/www.imakeyousmile.se\/es\/wp-json\/wp\/v2\/users\/30"}],"replies":[{"embeddable":true,"href":"https:\/\/www.imakeyousmile.se\/es\/wp-json\/wp\/v2\/comments?post=1027"}],"version-history":[{"count":1,"href":"https:\/\/www.imakeyousmile.se\/es\/wp-json\/wp\/v2\/posts\/1027\/revisions"}],"predecessor-version":[{"id":42203,"href":"https:\/\/www.imakeyousmile.se\/es\/wp-json\/wp\/v2\/posts\/1027\/revisions\/42203"}],"wp:attachment":[{"href":"https:\/\/www.imakeyousmile.se\/es\/wp-json\/wp\/v2\/media?parent=1027"}],"wp:term":[{"taxonomy":"category","embeddable":true,"href":"https:\/\/www.imakeyousmile.se\/es\/wp-json\/wp\/v2\/categories?post=1027"},{"taxonomy":"post_tag","embeddable":true,"href":"https:\/\/www.imakeyousmile.se\/es\/wp-json\/wp\/v2\/tags?post=1027"}],"curies":[{"name":"wp","href":"https:\/\/api.w.org\/{rel}","templated":true}]}}