{"id":10299,"date":"2013-12-22T15:57:57","date_gmt":"2013-12-22T14:57:57","guid":{"rendered":"http:\/\/www.imakeyousmile.se\/?p=10299"},"modified":"2015-04-19T10:22:30","modified_gmt":"2015-04-19T08:22:30","slug":"min-julsminkning","status":"publish","type":"post","link":"https:\/\/www.imakeyousmile.se\/es\/mi-maquillaje-navideno\/","title":{"rendered":"Mi maquillaje navide\u00f1o"},"content":{"rendered":"<p>En Nochebuena, pens\u00e9 en tomarme un tiempo libre del blog y simplemente maquillarme para sentirme bien y no hacer nada con la c\u00e1mara.<\/p>\n<p>\u00a1Es por eso que te hice mi maquillaje de Navidad ahora! :) Un look fr\u00edo y reluciente, que sustituye a la nieve que a\u00fan no ha llegado jeje.<\/p>\n<p>\u00a1As\u00ed me ver\u00e9 el martes!:<\/p>\n<p><a href=\"http:\/\/www.imakeyousmile.se\/es\/min-julsminkning\/img_3488_111\/\" rel=\"attachment wp-att-10304\"><img loading=\"lazy\" decoding=\"async\" class=\"alignnone size-large wp-image-10304\" title=\"IMG_3488_111\" src=\"http:\/\/www.imakeyousmile.se\/wp-content\/uploads\/2013\/12\/IMG_3488_111-1024x626.jpg\" alt=\"\" width=\"1024\" height=\"626\" srcset=\"https:\/\/www.imakeyousmile.se\/wp-content\/uploads\/2013\/12\/IMG_3488_111-1024x626.jpg 1024w, https:\/\/www.imakeyousmile.se\/wp-content\/uploads\/2013\/12\/IMG_3488_111-300x183.jpg 300w\" sizes=\"(max-width: 1024px) 100vw, 1024px\" \/><\/a><\/p>\n<p>Sin flash<\/p>\n<p><a href=\"http:\/\/www.imakeyousmile.se\/es\/min-julsminkning\/img_3426\/\" rel=\"attachment wp-att-10300\"><img loading=\"lazy\" decoding=\"async\" class=\"alignnone size-large wp-image-10300\" title=\"IMG_3426\" src=\"http:\/\/www.imakeyousmile.se\/wp-content\/uploads\/2013\/12\/IMG_3426-1024x617.jpg\" alt=\"\" width=\"1024\" height=\"617\" srcset=\"https:\/\/www.imakeyousmile.se\/wp-content\/uploads\/2013\/12\/IMG_3426-1024x617.jpg 1024w, https:\/\/www.imakeyousmile.se\/wp-content\/uploads\/2013\/12\/IMG_3426-300x180.jpg 300w\" sizes=\"(max-width: 1024px) 100vw, 1024px\" \/><\/a><\/p>\n<p>Con flash<\/p>\n<p><a href=\"http:\/\/www.imakeyousmile.se\/es\/min-julsminkning\/julsminkning-steg-for-steg-3\/\" rel=\"attachment wp-att-10305\"><img loading=\"lazy\" decoding=\"async\" class=\"alignnone size-full wp-image-10305\" title=\"Maquillaje navide\u00f1o paso a paso\" src=\"http:\/\/www.imakeyousmile.se\/wp-content\/uploads\/2013\/12\/julsminkning-steg-f\u00f6r-steg1.jpg\" alt=\"\" width=\"2203\" height=\"4635\" srcset=\"https:\/\/www.imakeyousmile.se\/wp-content\/uploads\/2013\/12\/julsminkning-steg-f\u00f6r-steg1.jpg 1217w, https:\/\/www.imakeyousmile.se\/wp-content\/uploads\/2013\/12\/julsminkning-steg-f\u00f6r-steg1-142x300.jpg 142w, https:\/\/www.imakeyousmile.se\/wp-content\/uploads\/2013\/12\/julsminkning-steg-f\u00f6r-steg1-486x1024.jpg 486w\" sizes=\"(max-width: 2203px) 100vw, 2203px\" \/><\/a><\/p>\n<p>1. <strong><span style=\"color: #3366ff;\">Sombra de ojos azul<\/span><\/strong> m\u00e1s interno en el p\u00e1rpado,<a href=\"http:\/\/www.imys.se\/produkt\/nudh-mineral-ogonskugga-sapphire-blue\/\" target=\"_blank\"> Sombra de ojos mineral nudh (azul zafiro)<\/a><br \/>\n2. <strong><span style=\"color: #808080;\">Sombra de ojos gris plateada<\/span><\/strong> al final del p\u00e1rpado y a lo largo de la l\u00ednea del globo,<em> H&amp;M.<\/em><br \/>\n3. Difumina los bordes.<br \/>\n4. <span style=\"color: #78a5a4;\"><strong>L\u00e1piz delineador de ojos azul plateado metalizado<\/strong><\/span> en la esquina del ojo en la parte inferior de la l\u00ednea de las pesta\u00f1as inferiores, <a href=\"https:\/\/ion.lyko.com\/t\/t?a=1117786221&#038;as=1548102449&#038;t=2&#038;tk=1&#038;epi=search-replace-isadoraeyeliner&#038;url=https:\/\/lyko.com\/sv\/sok?q=isadora+eyeliner\" target=\"_blank\">L\u00e1piz de ojos met\u00e1lico Twist Up IsaDora (46 Silver Sky)<\/a><br \/>\n5. <strong><span style=\"color: #0000ff;\">Delineador de ojos azul<\/span> <\/strong>en la parte inferior de la l\u00ednea de las pesta\u00f1as inferiores,<a href=\"https:\/\/dot.yves-rocher.se\/t\/t?a=138068268&#038;as=1548102449&#038;t=2&#038;tk=1&#038;epi=search-replace-yves-penna&#038;url=https:\/\/www.yves-rocher.se\/smink\/ogon\/ogonpenna-och-eyeliner\/c\/23200\" target=\"_blank\"> Delineador de ojos Yves Rocher (02 Bleu)<\/a><br \/>\n6. Eliminarlo <strong><span style=\"color: #808080;\">tono gris plateado<\/span><\/strong> tambi\u00e9n al final de la l\u00ednea de las pesta\u00f1as inferiores.<br \/>\n7. <strong><span style=\"color: #c0c0c0;\">Delineador de ojos blanco<\/span><\/strong> a lo largo de la l\u00ednea de flotaci\u00f3n, <a href=\"https:\/\/ion.lyko.com\/t\/t?a=1117786221&#038;as=1548102449&#038;t=2&#038;tk=1&#038;epi=search-replace-isadorainliner&#038;url=https:\/\/lyko.com\/sv\/isadora\/isadora-inliner-kajal-56-blonde\" target=\"_blank\">IsaDora Inliner Kajal (50 blanco satinado)<\/a><br \/>\n<strong><span style=\"color: #c0c0c0;\">Brillantina<\/span><\/strong> m\u00e1s interno en el p\u00e1rpado, <a href=\"https:\/\/dot.yves-rocher.se\/t\/t?a=138068268&#038;as=1548102449&#038;t=2&#038;tk=1&#038;epi=search-replace-yves-parlemo&#038;url=https:\/\/www.yves-rocher.se\/smink\/ansikte\/rouge\/solpuder-paerlemorskimrande-monoi\/p\/86396\" target=\"_blank\">Yves Rocher Loose Mother of Pearl Shimmer (05 Kritall Mother of Pearl)<br \/>\n<\/a><strong><span style=\"color: #000000;\">Delineador de ojos negro<\/span><\/strong> a lo largo de la l\u00ednea de las pesta\u00f1as superiores, <em>Delineador de ojos Kryolan Cake.<\/em><br \/>\n8. <strong><span style=\"color: #000000;\">R\u00edmel negro<\/span><\/strong> en todas las pesta\u00f1as, <a href=\"https:\/\/ion.lyko.com\/t\/t?a=1117786221&#038;as=1548102449&#038;t=2&#038;tk=1&#038;epi=search-replace-mascara&#038;url=https:\/\/lyko.com\/sv\/smink\/ogon\/mascara\" target=\"_blank\">M\u00e1scara de pesta\u00f1as Oriflame Wonder Lash.<\/a><\/p>\n<p><a href=\"http:\/\/www.imakeyousmile.se\/es\/min-julsminkning\/img_3464_111\/\" rel=\"attachment wp-att-10302\"><img loading=\"lazy\" decoding=\"async\" class=\"alignnone size-large wp-image-10302\" title=\"IMG_3464_111\" src=\"http:\/\/www.imakeyousmile.se\/wp-content\/uploads\/2013\/12\/IMG_3464_111-842x1024.jpg\" alt=\"\" width=\"842\" height=\"1024\" srcset=\"https:\/\/www.imakeyousmile.se\/wp-content\/uploads\/2013\/12\/IMG_3464_111-842x1024.jpg 842w, https:\/\/www.imakeyousmile.se\/wp-content\/uploads\/2013\/12\/IMG_3464_111-246x300.jpg 246w, https:\/\/www.imakeyousmile.se\/wp-content\/uploads\/2013\/12\/IMG_3464_111.jpg 2000w\" sizes=\"(max-width: 842px) 100vw, 842px\" \/><\/a><\/p>\n<p>Lapiz labial, <a href=\"https:\/\/dot.yves-rocher.se\/t\/t?a=138068268&#038;as=1548102449&#038;t=2&#038;tk=1&#038;epi=search-replace-yves-lipliner&#038;url=https:\/\/www.yves-rocher.se\/smink\/laeppar\/laeppenna\/c\/22300\" target=\"_blank\">Delineador de labios autom\u00e1tico Yves Rocher (31 Rouge)<\/a><br \/>\nBrillo de labios, <a href=\"http:\/\/www.yves-rocher.se\/control\/makeup\/lappglans\/sexy-pulp-volume-gloss\/?cmSrc=Category\" target=\"_blank\">Yves Rocher Sexy Pulp Volume Gloss (02 Ceriserosa)<\/a><\/p>\n<p><a href=\"http:\/\/www.imakeyousmile.se\/es\/min-julsminkning\/img_3459_1111\/\" rel=\"attachment wp-att-10301\"><img loading=\"lazy\" decoding=\"async\" class=\"alignnone size-large wp-image-10301\" title=\"IMG_3459_1111\" src=\"http:\/\/www.imakeyousmile.se\/wp-content\/uploads\/2013\/12\/IMG_3459_1111-746x1024.jpg\" alt=\"\" width=\"746\" height=\"1024\" srcset=\"https:\/\/www.imakeyousmile.se\/wp-content\/uploads\/2013\/12\/IMG_3459_1111-746x1024.jpg 746w, https:\/\/www.imakeyousmile.se\/wp-content\/uploads\/2013\/12\/IMG_3459_1111-218x300.jpg 218w, https:\/\/www.imakeyousmile.se\/wp-content\/uploads\/2013\/12\/IMG_3459_1111.jpg 1867w\" sizes=\"(max-width: 746px) 100vw, 746px\" \/><\/a><a href=\"http:\/\/www.imakeyousmile.se\/es\/min-julsminkning\/img_3474_111\/\" rel=\"attachment wp-att-10303\"><img loading=\"lazy\" decoding=\"async\" class=\"alignnone size-large wp-image-10303\" title=\"IMG_3474_111\" src=\"http:\/\/www.imakeyousmile.se\/wp-content\/uploads\/2013\/12\/IMG_3474_111-885x1024.jpg\" alt=\"\" width=\"885\" height=\"1024\" srcset=\"https:\/\/www.imakeyousmile.se\/wp-content\/uploads\/2013\/12\/IMG_3474_111-885x1024.jpg 885w, https:\/\/www.imakeyousmile.se\/wp-content\/uploads\/2013\/12\/IMG_3474_111-259x300.jpg 259w, https:\/\/www.imakeyousmile.se\/wp-content\/uploads\/2013\/12\/IMG_3474_111.jpg 2000w\" sizes=\"(max-width: 885px) 100vw, 885px\" \/><\/a><\/p>\n<p><strong>\u00a1Beso abrazo!<\/strong><\/p>","protected":false},"excerpt":{"rendered":"<p>P\u00e5 julafton t\u00e4nkte jag ta ledigt fr\u00e5n bloggen, och bara sminka mig f\u00f6r att k\u00e4nna mig fin och inte trixa n\u00e5gonting med kameran. D\u00e4rf\u00f6r gjorde jag min julsminkning f\u00f6r er nu ist\u00e4llet! :) En kall och glittrig look, som ers\u00e4tter sn\u00f6n som fortfarande inte kommit hehe. S\u00e5h\u00e4r kommer jag allts\u00e5 se ut p\u00e5 tisdag!: Utan [&hellip;]<\/p>\n","protected":false},"author":30,"featured_media":10304,"comment_status":"open","ping_status":"closed","sticky":false,"template":"","format":"standard","meta":{"footnotes":""},"categories":[2623],"tags":[720,94,121,378,15,1501,1127,1314],"class_list":["post-10299","post","type-post","status-publish","format-standard","has-post-thumbnail","hentry","category-sminkningar","tag-bla-sminkning","tag-julsminkning","tag-julsminkning-steg-for-steg","tag-kall-sminkning","tag-partysminkning","tag-sno-sminkning","tag-vintersminkning","tag-vintersminkning-steg-for-steg"],"yoast_head":"<!-- This site is optimized with the Yoast SEO Premium plugin v14.9 - https:\/\/yoast.com\/wordpress\/plugins\/seo\/ -->\n<meta name=\"description\" content=\"Min julsminkning | Helena Amiley - H\u00e4r hittar du senaste infromation om sk\u00f6nhet, livsstil, entrepren\u00f6rskap, makeup &amp; tips.\" \/>\n<meta name=\"robots\" content=\"index, follow, max-snippet:-1, max-image-preview:large, max-video-preview:-1\" \/>\n<link rel=\"canonical\" href=\"https:\/\/www.imakeyousmile.se\/es\/min-julsminkning\/\" \/>\n<meta property=\"og:locale\" content=\"es_ES\" \/>\n<meta property=\"og:type\" content=\"article\" \/>\n<meta property=\"og:title\" content=\"Min julsminkning | Imakeyousmile.se\" \/>\n<meta property=\"og:description\" content=\"Min julsminkning | Helena Amiley - H\u00e4r hittar du senaste infromation om sk\u00f6nhet, livsstil, entrepren\u00f6rskap, makeup &amp; tips.\" \/>\n<meta property=\"og:url\" content=\"https:\/\/www.imakeyousmile.se\/es\/min-julsminkning\/\" \/>\n<meta property=\"og:site_name\" content=\"Imakeyousmile.se\" \/>\n<meta property=\"article:author\" content=\"https:\/\/www.facebook.com\/imakeyousmile.se\" \/>\n<meta property=\"article:published_time\" content=\"2013-12-22T14:57:57+00:00\" \/>\n<meta property=\"article:modified_time\" content=\"2015-04-19T08:22:30+00:00\" \/>\n<meta property=\"og:image\" content=\"https:\/\/www.imakeyousmile.se\/wp-content\/uploads\/2013\/12\/IMG_3488_111.jpg\" \/>\n\t<meta property=\"og:image:width\" content=\"2503\" \/>\n\t<meta property=\"og:image:height\" content=\"1531\" \/>\n<meta name=\"twitter:card\" content=\"summary_large_image\" \/>\n<script type=\"application\/ld+json\" class=\"yoast-schema-graph\">{\"@context\":\"https:\/\/schema.org\",\"@graph\":[{\"@type\":\"Organization\",\"@id\":\"https:\/\/www.imakeyousmile.se\/es\/#organization\",\"name\":\"Imakeyousmile\",\"url\":\"https:\/\/www.imakeyousmile.se\/es\/\",\"sameAs\":[],\"logo\":{\"@type\":\"ImageObject\",\"@id\":\"https:\/\/www.imakeyousmile.se\/es\/#logo\",\"inLanguage\":\"es\",\"url\":\"https:\/\/www.imakeyousmile.se\/wp-content\/uploads\/2020\/10\/HELENA-AMILEY_SVART-1-e1603367975324.png\",\"width\":280,\"height\":93,\"caption\":\"Imakeyousmile\"},\"image\":{\"@id\":\"https:\/\/www.imakeyousmile.se\/es\/#logo\"}},{\"@type\":\"WebSite\",\"@id\":\"https:\/\/www.imakeyousmile.se\/es\/#website\",\"url\":\"https:\/\/www.imakeyousmile.se\/es\/\",\"name\":\"Imakeyousmile.se\",\"description\":\"Helena Amiley - Beauty, Entrepreneur, Lifestyle\",\"publisher\":{\"@id\":\"https:\/\/www.imakeyousmile.se\/es\/#organization\"},\"potentialAction\":[{\"@type\":\"SearchAction\",\"target\":\"https:\/\/www.imakeyousmile.se\/es\/?s={search_term_string}\",\"query-input\":\"required name=search_term_string\"}],\"inLanguage\":\"es\"},{\"@type\":\"ImageObject\",\"@id\":\"https:\/\/www.imakeyousmile.se\/min-julsminkning\/#primaryimage\",\"inLanguage\":\"es\",\"url\":\"https:\/\/www.imakeyousmile.se\/wp-content\/uploads\/2013\/12\/IMG_3488_111.jpg\",\"width\":\"2503\",\"height\":\"1531\"},{\"@type\":\"WebPage\",\"@id\":\"https:\/\/www.imakeyousmile.se\/min-julsminkning\/#webpage\",\"url\":\"https:\/\/www.imakeyousmile.se\/min-julsminkning\/\",\"name\":\"Min julsminkning | Imakeyousmile.se\",\"isPartOf\":{\"@id\":\"https:\/\/www.imakeyousmile.se\/es\/#website\"},\"primaryImageOfPage\":{\"@id\":\"https:\/\/www.imakeyousmile.se\/min-julsminkning\/#primaryimage\"},\"datePublished\":\"2013-12-22T14:57:57+00:00\",\"dateModified\":\"2015-04-19T08:22:30+00:00\",\"description\":\"Min julsminkning | Helena Amiley - H\\u00e4r hittar du senaste infromation om sk\\u00f6nhet, livsstil, entrepren\\u00f6rskap, makeup & tips.\",\"inLanguage\":\"es\",\"potentialAction\":[{\"@type\":\"ReadAction\",\"target\":[\"https:\/\/www.imakeyousmile.se\/min-julsminkning\/\"]}]},{\"@type\":\"Article\",\"@id\":\"https:\/\/www.imakeyousmile.se\/min-julsminkning\/#article\",\"isPartOf\":{\"@id\":\"https:\/\/www.imakeyousmile.se\/min-julsminkning\/#webpage\"},\"author\":{\"@id\":\"https:\/\/www.imakeyousmile.se\/es\/#\/schema\/person\/b0fd43b1c6bb1c60cfd68bff9b4a10fb\"},\"headline\":\"Min julsminkning\",\"datePublished\":\"2013-12-22T14:57:57+00:00\",\"dateModified\":\"2015-04-19T08:22:30+00:00\",\"mainEntityOfPage\":{\"@id\":\"https:\/\/www.imakeyousmile.se\/min-julsminkning\/#webpage\"},\"commentCount\":0,\"publisher\":{\"@id\":\"https:\/\/www.imakeyousmile.se\/es\/#organization\"},\"image\":{\"@id\":\"https:\/\/www.imakeyousmile.se\/min-julsminkning\/#primaryimage\"},\"keywords\":\"bl\\u00e5 sminkning,julsminkning,Julsminkning steg f\\u00f6r steg,Kall sminkning,Partysminkning,sn\\u00f6 sminkning,vintersminkning,vintersminkning steg f\\u00f6r steg\",\"articleSection\":\"Sminkningar\",\"inLanguage\":\"es\",\"potentialAction\":[{\"@type\":\"CommentAction\",\"name\":\"Comment\",\"target\":[\"https:\/\/www.imakeyousmile.se\/min-julsminkning\/#respond\"]}]},{\"@type\":\"Person\",\"@id\":\"https:\/\/www.imakeyousmile.se\/es\/#\/schema\/person\/b0fd43b1c6bb1c60cfd68bff9b4a10fb\",\"name\":\"Helena Amiley\",\"image\":{\"@type\":\"ImageObject\",\"@id\":\"https:\/\/www.imakeyousmile.se\/es\/#personlogo\",\"inLanguage\":\"es\",\"url\":\"https:\/\/secure.gravatar.com\/avatar\/5645558e1e355457a23368d7e1b4c904?s=96&d=mm&r=g\",\"caption\":\"Helena Amiley\"},\"description\":\"Jag skriver mest om sk\\u00f6nhet men bjuder \\u00e4ven p\\u00e5 glimtar fr\\u00e5n entrepren\\u00f6rlivet och bygget av v\\u00e5r egen camper van. Vanlife here we come!\",\"sameAs\":[\"https:\/\/www.facebook.com\/imakeyousmile.se\",\"https:\/\/www.instagram.com\/helenaamiley\",\"https:\/\/www.youtube.com\/channel\/UCR5iB6rvpV6Yr8ZjpQfr5mg?view_as=subscriber\"]}]}<\/script>\n<!-- \/ Yoast SEO Premium plugin. -->","_links":{"self":[{"href":"https:\/\/www.imakeyousmile.se\/es\/wp-json\/wp\/v2\/posts\/10299"}],"collection":[{"href":"https:\/\/www.imakeyousmile.se\/es\/wp-json\/wp\/v2\/posts"}],"about":[{"href":"https:\/\/www.imakeyousmile.se\/es\/wp-json\/wp\/v2\/types\/post"}],"author":[{"embeddable":true,"href":"https:\/\/www.imakeyousmile.se\/es\/wp-json\/wp\/v2\/users\/30"}],"replies":[{"embeddable":true,"href":"https:\/\/www.imakeyousmile.se\/es\/wp-json\/wp\/v2\/comments?post=10299"}],"version-history":[{"count":1,"href":"https:\/\/www.imakeyousmile.se\/es\/wp-json\/wp\/v2\/posts\/10299\/revisions"}],"predecessor-version":[{"id":19221,"href":"https:\/\/www.imakeyousmile.se\/es\/wp-json\/wp\/v2\/posts\/10299\/revisions\/19221"}],"wp:featuredmedia":[{"embeddable":true,"href":"https:\/\/www.imakeyousmile.se\/es\/wp-json\/wp\/v2\/media\/10304"}],"wp:attachment":[{"href":"https:\/\/www.imakeyousmile.se\/es\/wp-json\/wp\/v2\/media?parent=10299"}],"wp:term":[{"taxonomy":"category","embeddable":true,"href":"https:\/\/www.imakeyousmile.se\/es\/wp-json\/wp\/v2\/categories?post=10299"},{"taxonomy":"post_tag","embeddable":true,"href":"https:\/\/www.imakeyousmile.se\/es\/wp-json\/wp\/v2\/tags?post=10299"}],"curies":[{"name":"wp","href":"https:\/\/api.w.org\/{rel}","templated":true}]}}