{"id":10336,"date":"2013-12-23T14:20:07","date_gmt":"2013-12-23T13:20:07","guid":{"rendered":"http:\/\/www.imakeyousmile.se\/?p=10336"},"modified":"2015-04-19T10:22:30","modified_gmt":"2015-04-19T08:22:30","slug":"onskesminkning-julafton","status":"publish","type":"post","link":"https:\/\/www.imakeyousmile.se\/es\/deseo-maquillaje-nochebuena\/","title":{"rendered":"Deseo de maquillaje - Nochebuena"},"content":{"rendered":"<p><em><strong>\u201cQuiero un maquillaje oscuro simple pero agradable, preferiblemente negro, que se adapte a mis ojos marrones. Me encanta el maquillaje de Andrea Russet y quiero uno similar con ojos medio ahumados (?). Fecha 24\/12 \u201d<\/strong><\/em><\/p>\n<p><a href=\"http:\/\/www.imakeyousmile.se\/es\/onskesminkning-julafton\/tumblr_msw4v1kzzc1se40qqo1_500-2\/\" rel=\"attachment wp-att-10338\"><img loading=\"lazy\" decoding=\"async\" class=\"alignnone size-full wp-image-10338\" title=\"tumblr_msw4v1kzzC1se40qqo1_500\" src=\"http:\/\/www.imakeyousmile.se\/wp-content\/uploads\/2013\/12\/tumblr_msw4v1kzzC1se40qqo1_5001.jpg\" alt=\"\" width=\"493\" height=\"264\" srcset=\"https:\/\/www.imakeyousmile.se\/wp-content\/uploads\/2013\/12\/tumblr_msw4v1kzzC1se40qqo1_5001.jpg 493w, https:\/\/www.imakeyousmile.se\/wp-content\/uploads\/2013\/12\/tumblr_msw4v1kzzC1se40qqo1_5001-300x160.jpg 300w\" sizes=\"(max-width: 493px) 100vw, 493px\" \/><\/a><\/p>\n<p><em>(Imagen adjunta)<\/em><\/p>\n<p>\u00a1Aqu\u00ed viene mi interpretaci\u00f3n!<\/p>\n<p>Agregu\u00e9 un poco de brillo en la esquina del ojo y un delineador de ojos azul marino a lo largo de la l\u00ednea de las pesta\u00f1as inferiores, para enfatizar m\u00e1s tus ojos marrones. Fr\u00edos reflejos c\u00e1lidos.<\/p>\n<p>Espero que est\u00e9s satisfecho :)<\/p>\n<p><a href=\"http:\/\/www.imakeyousmile.se\/es\/onskesminkning-julafton\/img_3707_111\/\" rel=\"attachment wp-att-10342\"><img loading=\"lazy\" decoding=\"async\" class=\"alignnone size-large wp-image-10342\" title=\"IMG_3707_111\" src=\"http:\/\/www.imakeyousmile.se\/wp-content\/uploads\/2013\/12\/IMG_3707_111-1024x567.jpg\" alt=\"\" width=\"1024\" height=\"567\" srcset=\"https:\/\/www.imakeyousmile.se\/wp-content\/uploads\/2013\/12\/IMG_3707_111-1024x567.jpg 1024w, https:\/\/www.imakeyousmile.se\/wp-content\/uploads\/2013\/12\/IMG_3707_111-300x166.jpg 300w\" sizes=\"(max-width: 1024px) 100vw, 1024px\" \/><\/a><\/p>\n<p>Sin flash (ojos con Photoshop)<\/p>\n<p><a href=\"http:\/\/www.imakeyousmile.se\/es\/onskesminkning-julafton\/img_3673\/\" rel=\"attachment wp-att-10339\"><img loading=\"lazy\" decoding=\"async\" class=\"alignnone size-large wp-image-10339\" title=\"IMG_3673\" src=\"http:\/\/www.imakeyousmile.se\/wp-content\/uploads\/2013\/12\/IMG_3673-1024x612.jpg\" alt=\"\" width=\"1024\" height=\"612\" srcset=\"https:\/\/www.imakeyousmile.se\/wp-content\/uploads\/2013\/12\/IMG_3673-1024x612.jpg 1024w, https:\/\/www.imakeyousmile.se\/wp-content\/uploads\/2013\/12\/IMG_3673-300x179.jpg 300w\" sizes=\"(max-width: 1024px) 100vw, 1024px\" \/><\/a><\/p>\n<p>Con flash<\/p>\n<p><a href=\"http:\/\/www.imakeyousmile.se\/es\/onskesminkning-julafton\/julsminkning-svart-steg-for-steg\/\" rel=\"attachment wp-att-10343\"><img loading=\"lazy\" decoding=\"async\" class=\"alignnone size-full wp-image-10343\" title=\"Maquillaje navide\u00f1o negro paso a paso\" src=\"http:\/\/www.imakeyousmile.se\/wp-content\/uploads\/2013\/12\/julsminkning-svart-steg-f\u00f6r-steg.jpg\" alt=\"\" width=\"2143\" height=\"6677\" srcset=\"https:\/\/www.imakeyousmile.se\/wp-content\/uploads\/2013\/12\/julsminkning-svart-steg-f\u00f6r-steg.jpg 822w, https:\/\/www.imakeyousmile.se\/wp-content\/uploads\/2013\/12\/julsminkning-svart-steg-f\u00f6r-steg-96x300.jpg 96w\" sizes=\"(max-width: 2143px) 100vw, 2143px\" \/><\/a><\/p>\n<p>Todas las sombras de ojos provienen de <a href=\"https:\/\/ion.lyko.com\/t\/t?a=1117786221&#038;as=1548102449&#038;t=2&#038;tk=1&#038;epi=search-replae-88palette&#038;url=https:\/\/lyko.com\/sv\/pashion\/pashion-cosmetic-88-eye-palette-pashion\/\" target=\"_blank\">Paleta iMys earthy 88<\/a>.<\/p>\n<p>1. <strong><span style=\"color: #ffcc99;\">Sombra de ojos clara<\/span><\/strong> m\u00e1s profundo en el p\u00e1rpado.<br \/>\n2. <strong><span style=\"color: #ffcc99;\">La misma sombra de ojos brillante<\/span><\/strong> en la esquina del ojo y en la parte inferior de la l\u00ednea de las pesta\u00f1as inferiores.<br \/>\n3. <strong><span style=\"color: #000000;\">Sombra de ojos negra<\/span><\/strong> al final del p\u00e1rpado.<br \/>\n4. <strong><span style=\"color: #000000;\">Sombra de ojos negra<\/span> <\/strong>tambi\u00e9n al final de la l\u00ednea de las pesta\u00f1as inferiores.<br \/>\n5. Difumina los bordes.<br \/>\n6. <strong><span style=\"color: #000000;\">Delineador de ojos negro<\/span><\/strong> a lo largo de la l\u00ednea de las pesta\u00f1as superiores, <a href=\"https:\/\/dot.yves-rocher.se\/t\/t?a=138068268&#038;as=1548102449&#038;t=2&#038;tk=1&#038;epi=search-replace-yves-penna&#038;url=https:\/\/www.yves-rocher.se\/smink\/ogon\/ogonpenna-och-eyeliner\/c\/23200\" target=\"_blank\">Delineador de ojos Yves Rocher (01 Noir)<\/a><br \/>\n7. <strong><span style=\"color: #000080;\">Delineador de ojos azul marino<\/span><\/strong> en la parte inferior de la l\u00ednea de las pesta\u00f1as inferiores, <a href=\"https:\/\/ion.lyko.com\/t\/t?a=1117786221&#038;as=1548102449&#038;t=2&#038;tk=1&#038;epi=search-replace-anastasiaeyeliner&#038;url=https:\/\/lyko.com\/sv\/sok?q=anastasia+eyeliner\" target=\"_blank\">Delineador de ojos Covet impermeable Anastasia (Azure)<\/a><br \/>\n8. <strong><span style=\"color: #999999;\">Delineador de ojos blanco<\/span> <\/strong>a lo largo de la l\u00ednea de flotaci\u00f3n, <a href=\"https:\/\/ion.lyko.com\/t\/t?a=1117786221&#038;as=1548102449&#038;t=2&#038;tk=1&#038;epi=search-replace-isadorainliner&#038;url=https:\/\/lyko.com\/sv\/isadora\/isadora-inliner-kajal-56-blonde\" target=\"_blank\">IsaDora Inliner Kajal (50 blanco satinado)<\/a><br \/>\n<strong><span style=\"color: #ffcc99;\">Sombra de ojos con brillo ligero<\/span> <\/strong>En el rabillo del ojo.<br \/>\n8. Termina con <strong><span style=\"color: #000000;\">rimel negro<\/span><\/strong> en todas las pesta\u00f1as, <a href=\"https:\/\/dot.yves-rocher.se\/t\/t?a=138068268&#038;as=1548102449&#038;t=2&#038;tk=1&#038;epi=search-replace-yvesmascara&#038;url=https:\/\/www.yves-rocher.se\/smink\/ogon\/mascara\/c\/23100\" target=\"_blank\">M\u00e1scara de pesta\u00f1as rellenadora de pesta\u00f1as Yves Rocher<\/a>.<\/p>\n<p><a href=\"http:\/\/www.imakeyousmile.se\/es\/onskesminkning-julafton\/img_3699_111\/\" rel=\"attachment wp-att-10341\"><img loading=\"lazy\" decoding=\"async\" class=\"alignnone size-large wp-image-10341\" title=\"IMG_3699_111\" src=\"http:\/\/www.imakeyousmile.se\/wp-content\/uploads\/2013\/12\/IMG_3699_111-808x1024.jpg\" alt=\"\" width=\"808\" height=\"1024\" srcset=\"https:\/\/www.imakeyousmile.se\/wp-content\/uploads\/2013\/12\/IMG_3699_111-808x1024.jpg 808w, https:\/\/www.imakeyousmile.se\/wp-content\/uploads\/2013\/12\/IMG_3699_111-236x300.jpg 236w, https:\/\/www.imakeyousmile.se\/wp-content\/uploads\/2013\/12\/IMG_3699_111.jpg 1974w\" sizes=\"(max-width: 808px) 100vw, 808px\" \/><\/a><\/p>\n<p><a href=\"http:\/\/www.imakeyousmile.se\/es\/onskesminkning-julafton\/img_3682_111\/\" rel=\"attachment wp-att-10340\"><img loading=\"lazy\" decoding=\"async\" class=\"alignnone size-large wp-image-10340\" title=\"IMG_3682_111\" src=\"http:\/\/www.imakeyousmile.se\/wp-content\/uploads\/2013\/12\/IMG_3682_111-775x1024.jpg\" alt=\"\" width=\"775\" height=\"1024\" srcset=\"https:\/\/www.imakeyousmile.se\/wp-content\/uploads\/2013\/12\/IMG_3682_111-775x1024.jpg 775w, https:\/\/www.imakeyousmile.se\/wp-content\/uploads\/2013\/12\/IMG_3682_111-227x300.jpg 227w, https:\/\/www.imakeyousmile.se\/wp-content\/uploads\/2013\/12\/IMG_3682_111.jpg 1939w\" sizes=\"(max-width: 775px) 100vw, 775px\" \/><\/a><\/p>\n<p><strong>\u00a1Feliz Navidad a usted! :)<\/strong><\/p>","protected":false},"excerpt":{"rendered":"<p>&#8221;Jag vill ha en enkel men fin m\u00f6rk sminkning, g\u00e4rna svart, som passar till mina bruna \u00f6gon. Jag \u00e4lskar Andrea Russets sminkning och vill ha en liknande med halv sotade (?) \u00f6gon. Datum 24\/12&#8221; (Bifogad bild) H\u00e4r kommer min tolkning! Jag la till lite skimmer i \u00f6gonvr\u00e5n samt marinbl\u00e5 kajalpenna l\u00e4ngs undre fransraden, f\u00f6r att [&hellip;]<\/p>\n","protected":false},"author":30,"featured_media":10342,"comment_status":"open","ping_status":"closed","sticky":false,"template":"","format":"standard","meta":{"footnotes":""},"categories":[2623],"tags":[94,121,1457,14,23,156,1507],"class_list":["post-10336","post","type-post","status-publish","format-standard","has-post-thumbnail","hentry","category-sminkningar","tag-julsminkning","tag-julsminkning-steg-for-steg","tag-new-years-eve-makeup","tag-nyarssminkning","tag-nyarssminkning-steg-for-steg","tag-onskesminkning-infor-nyarsafton","tag-svart-julsminkning"],"yoast_head":"<!-- This site is optimized with the Yoast SEO Premium plugin v14.9 - https:\/\/yoast.com\/wordpress\/plugins\/seo\/ -->\n<meta name=\"description\" content=\"\u00d6nskesminkning - Julafton | Helena Amiley - H\u00e4r hittar du senaste infromation om sk\u00f6nhet, livsstil, entrepren\u00f6rskap, makeup &amp; tips.\" \/>\n<meta name=\"robots\" content=\"index, follow, max-snippet:-1, max-image-preview:large, max-video-preview:-1\" \/>\n<link rel=\"canonical\" href=\"https:\/\/www.imakeyousmile.se\/es\/onskesminkning-julafton\/\" \/>\n<meta property=\"og:locale\" content=\"es_ES\" \/>\n<meta property=\"og:type\" content=\"article\" \/>\n<meta property=\"og:title\" content=\"\u00d6nskesminkning - Julafton | Imakeyousmile.se\" \/>\n<meta property=\"og:description\" content=\"\u00d6nskesminkning - Julafton | Helena Amiley - H\u00e4r hittar du senaste infromation om sk\u00f6nhet, livsstil, entrepren\u00f6rskap, makeup &amp; tips.\" \/>\n<meta property=\"og:url\" content=\"https:\/\/www.imakeyousmile.se\/es\/onskesminkning-julafton\/\" \/>\n<meta property=\"og:site_name\" content=\"Imakeyousmile.se\" \/>\n<meta property=\"article:author\" content=\"https:\/\/www.facebook.com\/imakeyousmile.se\" \/>\n<meta property=\"article:published_time\" content=\"2013-12-23T13:20:07+00:00\" \/>\n<meta property=\"article:modified_time\" content=\"2015-04-19T08:22:30+00:00\" \/>\n<meta property=\"og:image\" content=\"https:\/\/www.imakeyousmile.se\/wp-content\/uploads\/2013\/12\/IMG_3707_111.jpg\" \/>\n\t<meta property=\"og:image:width\" content=\"2560\" \/>\n\t<meta property=\"og:image:height\" content=\"1419\" \/>\n<meta name=\"twitter:card\" content=\"summary_large_image\" \/>\n<script type=\"application\/ld+json\" class=\"yoast-schema-graph\">{\"@context\":\"https:\/\/schema.org\",\"@graph\":[{\"@type\":\"Organization\",\"@id\":\"https:\/\/www.imakeyousmile.se\/es\/#organization\",\"name\":\"Imakeyousmile\",\"url\":\"https:\/\/www.imakeyousmile.se\/es\/\",\"sameAs\":[],\"logo\":{\"@type\":\"ImageObject\",\"@id\":\"https:\/\/www.imakeyousmile.se\/es\/#logo\",\"inLanguage\":\"es\",\"url\":\"https:\/\/www.imakeyousmile.se\/wp-content\/uploads\/2020\/10\/HELENA-AMILEY_SVART-1-e1603367975324.png\",\"width\":280,\"height\":93,\"caption\":\"Imakeyousmile\"},\"image\":{\"@id\":\"https:\/\/www.imakeyousmile.se\/es\/#logo\"}},{\"@type\":\"WebSite\",\"@id\":\"https:\/\/www.imakeyousmile.se\/es\/#website\",\"url\":\"https:\/\/www.imakeyousmile.se\/es\/\",\"name\":\"Imakeyousmile.se\",\"description\":\"Helena Amiley - Beauty, Entrepreneur, Lifestyle\",\"publisher\":{\"@id\":\"https:\/\/www.imakeyousmile.se\/es\/#organization\"},\"potentialAction\":[{\"@type\":\"SearchAction\",\"target\":\"https:\/\/www.imakeyousmile.se\/es\/?s={search_term_string}\",\"query-input\":\"required name=search_term_string\"}],\"inLanguage\":\"es\"},{\"@type\":\"ImageObject\",\"@id\":\"https:\/\/www.imakeyousmile.se\/onskesminkning-julafton\/#primaryimage\",\"inLanguage\":\"es\",\"url\":\"https:\/\/www.imakeyousmile.se\/wp-content\/uploads\/2013\/12\/IMG_3707_111.jpg\",\"width\":2560,\"height\":1419},{\"@type\":\"WebPage\",\"@id\":\"https:\/\/www.imakeyousmile.se\/onskesminkning-julafton\/#webpage\",\"url\":\"https:\/\/www.imakeyousmile.se\/onskesminkning-julafton\/\",\"name\":\"\\u00d6nskesminkning - Julafton | Imakeyousmile.se\",\"isPartOf\":{\"@id\":\"https:\/\/www.imakeyousmile.se\/es\/#website\"},\"primaryImageOfPage\":{\"@id\":\"https:\/\/www.imakeyousmile.se\/onskesminkning-julafton\/#primaryimage\"},\"datePublished\":\"2013-12-23T13:20:07+00:00\",\"dateModified\":\"2015-04-19T08:22:30+00:00\",\"description\":\"\\u00d6nskesminkning - Julafton | Helena Amiley - H\\u00e4r hittar du senaste infromation om sk\\u00f6nhet, livsstil, entrepren\\u00f6rskap, makeup & tips.\",\"inLanguage\":\"es\",\"potentialAction\":[{\"@type\":\"ReadAction\",\"target\":[\"https:\/\/www.imakeyousmile.se\/onskesminkning-julafton\/\"]}]},{\"@type\":\"Article\",\"@id\":\"https:\/\/www.imakeyousmile.se\/onskesminkning-julafton\/#article\",\"isPartOf\":{\"@id\":\"https:\/\/www.imakeyousmile.se\/onskesminkning-julafton\/#webpage\"},\"author\":{\"@id\":\"https:\/\/www.imakeyousmile.se\/es\/#\/schema\/person\/b0fd43b1c6bb1c60cfd68bff9b4a10fb\"},\"headline\":\"\\u00d6nskesminkning &#8211; Julafton\",\"datePublished\":\"2013-12-23T13:20:07+00:00\",\"dateModified\":\"2015-04-19T08:22:30+00:00\",\"mainEntityOfPage\":{\"@id\":\"https:\/\/www.imakeyousmile.se\/onskesminkning-julafton\/#webpage\"},\"commentCount\":0,\"publisher\":{\"@id\":\"https:\/\/www.imakeyousmile.se\/es\/#organization\"},\"image\":{\"@id\":\"https:\/\/www.imakeyousmile.se\/onskesminkning-julafton\/#primaryimage\"},\"keywords\":\"julsminkning,Julsminkning steg f\\u00f6r steg,new years eve makeup,Ny\\u00e5rssminkning,Ny\\u00e5rssminkning steg f\\u00f6r steg,\\u00d6nskesminkning inf\\u00f6r ny\\u00e5rsafton,svart julsminkning\",\"articleSection\":\"Sminkningar\",\"inLanguage\":\"es\",\"potentialAction\":[{\"@type\":\"CommentAction\",\"name\":\"Comment\",\"target\":[\"https:\/\/www.imakeyousmile.se\/onskesminkning-julafton\/#respond\"]}]},{\"@type\":\"Person\",\"@id\":\"https:\/\/www.imakeyousmile.se\/es\/#\/schema\/person\/b0fd43b1c6bb1c60cfd68bff9b4a10fb\",\"name\":\"Helena Amiley\",\"image\":{\"@type\":\"ImageObject\",\"@id\":\"https:\/\/www.imakeyousmile.se\/es\/#personlogo\",\"inLanguage\":\"es\",\"url\":\"https:\/\/secure.gravatar.com\/avatar\/5645558e1e355457a23368d7e1b4c904?s=96&d=mm&r=g\",\"caption\":\"Helena Amiley\"},\"description\":\"Jag skriver mest om sk\\u00f6nhet men bjuder \\u00e4ven p\\u00e5 glimtar fr\\u00e5n entrepren\\u00f6rlivet och bygget av v\\u00e5r egen camper van. Vanlife here we come!\",\"sameAs\":[\"https:\/\/www.facebook.com\/imakeyousmile.se\",\"https:\/\/www.instagram.com\/helenaamiley\",\"https:\/\/www.youtube.com\/channel\/UCR5iB6rvpV6Yr8ZjpQfr5mg?view_as=subscriber\"]}]}<\/script>\n<!-- \/ Yoast SEO Premium plugin. -->","_links":{"self":[{"href":"https:\/\/www.imakeyousmile.se\/es\/wp-json\/wp\/v2\/posts\/10336"}],"collection":[{"href":"https:\/\/www.imakeyousmile.se\/es\/wp-json\/wp\/v2\/posts"}],"about":[{"href":"https:\/\/www.imakeyousmile.se\/es\/wp-json\/wp\/v2\/types\/post"}],"author":[{"embeddable":true,"href":"https:\/\/www.imakeyousmile.se\/es\/wp-json\/wp\/v2\/users\/30"}],"replies":[{"embeddable":true,"href":"https:\/\/www.imakeyousmile.se\/es\/wp-json\/wp\/v2\/comments?post=10336"}],"version-history":[{"count":1,"href":"https:\/\/www.imakeyousmile.se\/es\/wp-json\/wp\/v2\/posts\/10336\/revisions"}],"predecessor-version":[{"id":19220,"href":"https:\/\/www.imakeyousmile.se\/es\/wp-json\/wp\/v2\/posts\/10336\/revisions\/19220"}],"wp:featuredmedia":[{"embeddable":true,"href":"https:\/\/www.imakeyousmile.se\/es\/wp-json\/wp\/v2\/media\/10342"}],"wp:attachment":[{"href":"https:\/\/www.imakeyousmile.se\/es\/wp-json\/wp\/v2\/media?parent=10336"}],"wp:term":[{"taxonomy":"category","embeddable":true,"href":"https:\/\/www.imakeyousmile.se\/es\/wp-json\/wp\/v2\/categories?post=10336"},{"taxonomy":"post_tag","embeddable":true,"href":"https:\/\/www.imakeyousmile.se\/es\/wp-json\/wp\/v2\/tags?post=10336"}],"curies":[{"name":"wp","href":"https:\/\/api.w.org\/{rel}","templated":true}]}}