{"id":1039,"date":"2012-03-03T13:40:00","date_gmt":"2012-03-03T12:40:00","guid":{"rendered":"http:\/\/www.imakeyousmile.se\/rosa-och-gron-sminkning\/"},"modified":"2012-03-03T13:40:00","modified_gmt":"2012-03-03T12:40:00","slug":"rosa-och-gron-sminkning","status":"publish","type":"post","link":"https:\/\/www.imakeyousmile.se\/es\/maquillaje-rosa-y-verde\/","title":{"rendered":"Maquillaje rosa y verde"},"content":{"rendered":"<div style=\"clear: both; text-align: left;\">Me han preguntado si puedo maquillarme en verde y rosa.<\/div>\n<div style=\"clear: both; text-align: left;\"><\/div>\n<div style=\"clear: both; text-align: left;\">Me encanta recibir tales solicitudes, entonces <span style=\"font-size: x-large;\">siente <\/span>\u00a1Realmente puedo ser \u00fatil! :)<\/div>\n<div style=\"clear: both; text-align: left;\"><\/div>\n<div style=\"clear: both; text-align: left;\"><\/div>\n<div style=\"clear: both; text-align: left;\">As\u00ed que ahora finalmente llega una publicaci\u00f3n de maquillaje, antes de salir y dar un paseo <span style=\"font-size: x-large;\">el sol primaveral<\/span> con chaqueta de cuero y gafas de sol;)<\/div>\n<div style=\"clear: both; text-align: left;\"><\/div>\n<div style=\"clear: both; text-align: center;\"><\/div>\n<div style=\"clear: both; text-align: center;\"><a href=\"http:\/\/1.bp.blogspot.com\/-RSYlx7Esfoc\/T1IILUlm7lI\/AAAAAAAAGC8\/cZ8U-Y89meQ\/s1600\/IMG_9707.JPG\" style=\"margin-left: 1em; margin-right: 1em;\"><img loading=\"lazy\" decoding=\"async\" border=\"0\" height=\"141\" src=\"http:\/\/1.bp.blogspot.com\/-RSYlx7Esfoc\/T1IILUlm7lI\/AAAAAAAAGC8\/cZ8U-Y89meQ\/s400\/IMG_9707.JPG\" uda=\"true\" width=\"400\" \/><\/a><\/div>\n<div style=\"clear: both; text-align: center;\"><\/div>\n<div style=\"clear: both; text-align: center;\">Muy colorido. pero a\u00fan sin maquillaje excesivo.<\/div>\n<div style=\"clear: both; text-align: center;\"><\/div>\n<div style=\"clear: both; text-align: center;\">Todas las sombras de ojos son <em>Kryolan Eyedust<\/em>, desde <a href=\"http:\/\/www.inneonline.se\/creativemakeup\/\"><strong><em>Creativemakeup.se<\/em><\/strong><\/a>.<\/div>\n<p><\/p>\n<div style=\"clear: both; text-align: center;\"><a href=\"http:\/\/1.bp.blogspot.com\/-J7Zfug9RstA\/T1IIMCteONI\/AAAAAAAAGDA\/Fjob2N_HTg4\/s1600\/IMG_9701.JPG\" style=\"margin-left: 1em; margin-right: 1em;\"><img loading=\"lazy\" decoding=\"async\" border=\"0\" height=\"320\" src=\"http:\/\/1.bp.blogspot.com\/-J7Zfug9RstA\/T1IIMCteONI\/AAAAAAAAGDA\/Fjob2N_HTg4\/s320\/IMG_9701.JPG\" uda=\"true\" width=\"320\" \/><\/a><\/div>\n<div style=\"clear: both; text-align: center;\"><\/div>\n<div style=\"clear: both; text-align: center;\"><span style=\"color: #ffe599; font-size: large;\"><strong>Gulvit<\/strong><\/span> sombra de ojos en el rabillo del ojo, un poco dentro del p\u00e1rpado y por debajo de la ceja,<a href=\"https:\/\/ion.lyko.com\/t\/t?a=1117786221&#038;as=1548102449&#038;t=2&#038;tk=1&#038;epi=search-replace-singleskugga&#038;url=https:\/\/lyko.com\/sv\/sok?q=singelskugga\"> <strong><em>Kryolan Eyedust No.1<\/em><\/strong><\/a>.<\/div>\n<div style=\"clear: both; text-align: center;\"><strong><span style=\"font-size: large;\"><span style=\"color: #e06666;\">Rosado<\/span><span style=\"color: #cc0000;\">r<\/span><span style=\"color: #cc0000;\">sobredosis<\/span><\/span><\/strong> sombra de ojos al final de la l\u00ednea de las pesta\u00f1as inferiores, <a href=\"https:\/\/ion.lyko.com\/t\/t?a=1117786221&#038;as=1548102449&#038;t=2&#038;tk=1&#038;epi=search-replace-eyeshadow&#038;url=https:\/\/lyko.com\/sv\/sok?q=singelskugga\"><em><strong>Kryolan Eyedust Nr. 20<\/strong><\/em><\/a>.<\/div>\n<div style=\"clear: both; text-align: center;\"><span style=\"color: #ea9999; font-size: large;\"><strong>Rosa medio<\/strong><\/span> sombra de ojos en la parte inferior de la l\u00ednea de las pesta\u00f1as inferiores,<a href=\"https:\/\/ion.lyko.com\/t\/t?a=1117786221&#038;as=1548102449&#038;t=2&#038;tk=1&#038;epi=search-replace-eyeshadow&#038;url=https:\/\/lyko.com\/sv\/sok?q=singelskugga\"> <em><strong>Kryolan Eyedust Nr. 35<\/strong><\/em><\/a>.<\/div>\n<div style=\"clear: both; text-align: center;\"><span style=\"color: #93c47d; font-size: large;\"><strong>Verde lima <\/strong><\/span>sombra de ojos en el medio del p\u00e1rpado y en la parte inferior debajo del rosa en la l\u00ednea de las pesta\u00f1as inferiores\u00a0 <a href=\"https:\/\/ion.lyko.com\/t\/t?a=1117786221&#038;as=1548102449&#038;t=2&#038;tk=1&#038;epi=search-replace-eyeshadow&#038;url=https:\/\/lyko.com\/sv\/sok?q=singelskugga\"><em><strong>Kryolan Eyedust Nr. 25<\/strong><\/em><\/a>.<\/div>\n<div style=\"clear: both; text-align: center;\"><span style=\"color: #6aa84f; font-size: large;\"><strong>Verde<\/strong><\/span> sombra de ojos al final del p\u00e1rpado, <a href=\"https:\/\/ion.lyko.com\/t\/t?a=1117786221&#038;as=1548102449&#038;t=2&#038;tk=1&#038;epi=search-replace-eyeshadow&#038;url=https:\/\/lyko.com\/sv\/sok?q=singelskugga\"><em><strong>Kryolan Eyedust Nr. 32<\/strong><\/em><\/a>.<\/div>\n<div style=\"clear: both; text-align: center;\"><\/div>\n<div style=\"clear: both; text-align: center;\"><span style=\"color: #c27ba0; font-size: large;\"><strong>Purpurina morada<\/strong><\/span> en la l\u00ednea del globo y en la parte inferior de la l\u00ednea de las pesta\u00f1as inferiores, <a href=\"http:\/\/www.inneonline.se\/creativemakeup\/Oegonskugga\/Glitter-eyedust-MINI\/prod_1776.html\"><em><strong>Kryolan Glitter Eyedust, Nr. S3<\/strong><\/em><\/a>.<\/div>\n<div style=\"clear: both; text-align: center;\"><\/div>\n<div style=\"clear: both; text-align: center;\"><strong><span style=\"font-size: large;\">Masacara negra<\/span><\/strong> en todas las pesta\u00f1as, <a href=\"https:\/\/ion.lyko.com\/t\/t?a=1117786221&#038;as=1548102449&#038;t=2&#038;tk=1&#038;epi=search-replace-fiberwig&#038;url=https:\/\/lyko.com\/sv\/sok?q=fiberwig+mascara\"><em><strong>djv beautenizer Fiberwig LX<\/strong><\/em><\/a>.<\/div>\n<div style=\"clear: both; text-align: center;\"><\/div>\n<div style=\"clear: both; text-align: center;\"><span style=\"color: #999999; font-size: large;\">Delineador de ojos blanco<\/span> en la l\u00ednea interior de las pesta\u00f1as, <em>H&amp;M<\/em>.<\/div>\n<div style=\"clear: both; text-align: center;\"><strong><span style=\"font-size: large;\">Delineador de ojos pastel negro<\/span><\/strong> en la l\u00ednea superior de las pesta\u00f1as + ala, <a href=\"https:\/\/id.partykungen.se\/t\/t?a=1280241905&#038;as=1548102449&#038;t=2&#038;tk=1&#038;epi=search-replace-kryolancake&#038;url=https:\/\/www.partykungen.se\/kryolan-cake-makeup-svart-30020.html\"><em><strong>Delineador de ojos Kryolan Cake<\/strong><\/em><\/a>.<\/div>\n<div style=\"clear: both; text-align: center;\"><\/div>\n<div style=\"clear: both; text-align: center;\"><strong>Lo primero que puse en todo el maquillaje fue el delineador de ojos negro, para conseguir una bonita l\u00ednea que a\u00fan no se afila tanto al final pero que se difumina bastante bien.<\/p>\n<p>Tambi\u00e9n he sido muy taca\u00f1a con el r\u00edmel, \u00a1porque mis pesta\u00f1as son tan largas ahora que llaman la atenci\u00f3n del propio maquillaje!<\/strong><\/div>\n<p><\/p>\n<div style=\"clear: both; text-align: center;\"><a href=\"http:\/\/3.bp.blogspot.com\/-8nWG9r-mIo0\/T1IIPWOimGI\/AAAAAAAAGDM\/ieFIXQQIjIE\/s1600\/IMG_9712.JPG\" style=\"margin-left: 1em; margin-right: 1em;\"><img loading=\"lazy\" decoding=\"async\" border=\"0\" height=\"640\" src=\"http:\/\/3.bp.blogspot.com\/-8nWG9r-mIo0\/T1IIPWOimGI\/AAAAAAAAGDM\/ieFIXQQIjIE\/s640\/IMG_9712.JPG\" uda=\"true\" width=\"400\" \/><\/a><\/div>\n<div style=\"clear: both; text-align: center;\"><span style=\"color: #f9cb9c; font-size: large;\"><strong>Fundaci\u00f3n:<\/strong><\/span><\/div>\n<div style=\"clear: both; text-align: center;\">Base de maquillaje en polvo mineral s\u00f3lido de Glo Minerals.<\/div>\n<div style=\"clear: both; text-align: center;\"><a href=\"https:\/\/ion.lyko.com\/t\/t?a=1117786221&#038;as=1548102449&#038;t=2&#038;tk=1&#038;epi=search-replace-pressedbase&#038;url=https:\/\/lyko.com\/sv\/glo-skin-beauty\/glominerals-pressed-base-golden-medium\"><em><strong>Base Gl\u00f3Pressed - Luz Dorada<\/strong><\/em><\/a>.<\/div>\n<div style=\"clear: both; text-align: center;\"><span style=\"color: #ea9999; font-size: large;\"><strong>Ni\u00f1os:<\/strong><\/span><\/div>\n<div style=\"clear: both; text-align: center;\">Colorete en polvo de Glo Minerals.<\/div>\n<div style=\"clear: both; text-align: center;\"><a href=\"https:\/\/ion.lyko.com\/t\/t?a=1117786221&#038;as=1548102449&#038;t=2&#038;tk=1&#038;epi=search-replace-globlush&#038;url=https:\/\/lyko.com\/sv\/glo-skin-beauty\/glominerals-blush-sweet\"><strong><em>Colorete en polvo Gl\u00f3Blush - Sunset &amp; Papaya<\/em><\/strong><\/a>.<\/div>\n<div style=\"clear: both; text-align: center;\"><span style=\"color: #e06666; font-size: large;\"><strong>Labios:<\/strong><\/span><\/div>\n<div style=\"clear: both; text-align: center;\">L\u00e1piz de brillo de labios de Glo Minerals.<\/div>\n<div style=\"clear: both; text-align: center;\"><a href=\"http:\/\/www.inneonline.se\/creativemakeup\/Laeppar\/Lip-crayon\/prod_1688.html\"><strong><em>Cray\u00f3n de labios Glow Royal - Corall<\/em><\/strong><\/a>.<\/div>\n<div style=\"clear: both; text-align: center;\"><span style=\"color: #b45f06; font-size: large;\"><strong>Bryn:<\/strong><\/span><\/div>\n<div style=\"clear: both; text-align: center;\">Una sombra de cejas clara de Glo Minerals.<\/div>\n<div style=\"clear: both; text-align: center;\"><a href=\"http:\/\/www.inneonline.se\/creativemakeup\/Oegonbryn\/glo-browpowder-duo\/prod_1670.html\"><strong><em>D\u00fao Glow Browpowder - Taupe<\/em><\/strong><\/a>.<\/div>\n<div style=\"clear: both; text-align: center;\"><\/div>\n<p>Puede que ya hayas notado que he comenzado<span style=\"font-size: x-large;\">\u00a0enlace<\/span> tanto como sea posible de los productos, de modo que le resulte f\u00e1cil entrar y observar m\u00e1s de cerca los que le parezcan interesantes.<\/p>\n<p>As\u00ed que todo en el blog que ahora est\u00e1 escrito con <span style=\"font-size: large;\"><span style=\"color: #f6b26b;\"><strong><em>texto dorado, negrita y cursiva<\/em><\/strong><\/span>\u00a0<span style=\"color: black;\">son enlaces<\/span><\/span>. (<em>excepto que uno entonces<\/em>) <span style=\"font-size: large;\">Bueno, \u00bfno? <\/span><span style=\"font-size: small;\">:)<\/span><\/p>\n<p>Yo uso la mayor\u00eda de los productos de <em>Glo Minerales<\/em> hoy en d\u00eda, \u00a1pero tambi\u00e9n deber\u00eda mejorar en la vinculaci\u00f3n con otras marcas!<\/p>\n<p><\/p>\n<div style=\"text-align: center;\"><span style=\"font-size: x-large;\">\u00a1Que tengan todos un buen s\u00e1bado!<\/span><\/div>","protected":false},"excerpt":{"rendered":"<p>Har f\u00e5tt fr\u00e5gan om jag kan g\u00f6ra n\u00e5gra sminkningar i gr\u00f6nt och rosa. \u00c4lskar att f\u00e5 s\u00e5nna f\u00f6rfr\u00e5gningar, d\u00e5 k\u00e4nns det verkligen att jag kan vara till hj\u00e4lp! :) S\u00e5 nu kommer \u00e4ntligen ett sminkinl\u00e4gg, innan jag ska ut och ta mig en promenad i v\u00e5rsolen med skinnjacka och solbrillor ;) En v\u00e4ldigt f\u00e4rgglad. men [&hellip;]<\/p>\n","protected":false},"author":30,"featured_media":0,"comment_status":"open","ping_status":"open","sticky":false,"template":"","format":"standard","meta":{"footnotes":""},"categories":[3],"tags":[],"class_list":["post-1039","post","type-post","status-publish","format-standard","hentry","category-allmant"],"yoast_head":"<!-- This site is optimized with the Yoast SEO Premium plugin v14.9 - https:\/\/yoast.com\/wordpress\/plugins\/seo\/ -->\n<meta name=\"description\" content=\"Rosa och gr\u00f6n sminkning | Helena Amiley - H\u00e4r hittar du senaste infromation om sk\u00f6nhet, livsstil, entrepren\u00f6rskap, makeup &amp; tips.\" \/>\n<meta name=\"robots\" content=\"index, follow, max-snippet:-1, max-image-preview:large, max-video-preview:-1\" \/>\n<link rel=\"canonical\" href=\"https:\/\/www.imakeyousmile.se\/es\/rosa-och-gron-sminkning\/\" \/>\n<meta property=\"og:locale\" content=\"es_ES\" \/>\n<meta property=\"og:type\" content=\"article\" \/>\n<meta property=\"og:title\" content=\"Rosa och gr\u00f6n sminkning | Imakeyousmile.se\" \/>\n<meta property=\"og:description\" content=\"Rosa och gr\u00f6n sminkning | Helena Amiley - H\u00e4r hittar du senaste infromation om sk\u00f6nhet, livsstil, entrepren\u00f6rskap, makeup &amp; tips.\" \/>\n<meta property=\"og:url\" content=\"https:\/\/www.imakeyousmile.se\/es\/rosa-och-gron-sminkning\/\" \/>\n<meta property=\"og:site_name\" content=\"Imakeyousmile.se\" \/>\n<meta property=\"article:author\" content=\"https:\/\/www.facebook.com\/imakeyousmile.se\" \/>\n<meta property=\"article:published_time\" content=\"2012-03-03T12:40:00+00:00\" \/>\n<meta property=\"og:image\" content=\"http:\/\/1.bp.blogspot.com\/-RSYlx7Esfoc\/T1IILUlm7lI\/AAAAAAAAGC8\/cZ8U-Y89meQ\/s400\/IMG_9707.JPG\" \/>\n<meta name=\"twitter:card\" content=\"summary_large_image\" \/>\n<script type=\"application\/ld+json\" class=\"yoast-schema-graph\">{\"@context\":\"https:\/\/schema.org\",\"@graph\":[{\"@type\":\"Organization\",\"@id\":\"https:\/\/www.imakeyousmile.se\/es\/#organization\",\"name\":\"Imakeyousmile\",\"url\":\"https:\/\/www.imakeyousmile.se\/es\/\",\"sameAs\":[],\"logo\":{\"@type\":\"ImageObject\",\"@id\":\"https:\/\/www.imakeyousmile.se\/es\/#logo\",\"inLanguage\":\"es\",\"url\":\"https:\/\/www.imakeyousmile.se\/wp-content\/uploads\/2020\/10\/HELENA-AMILEY_SVART-1-e1603367975324.png\",\"width\":280,\"height\":93,\"caption\":\"Imakeyousmile\"},\"image\":{\"@id\":\"https:\/\/www.imakeyousmile.se\/es\/#logo\"}},{\"@type\":\"WebSite\",\"@id\":\"https:\/\/www.imakeyousmile.se\/es\/#website\",\"url\":\"https:\/\/www.imakeyousmile.se\/es\/\",\"name\":\"Imakeyousmile.se\",\"description\":\"Helena Amiley - Beauty, Entrepreneur, Lifestyle\",\"publisher\":{\"@id\":\"https:\/\/www.imakeyousmile.se\/es\/#organization\"},\"potentialAction\":[{\"@type\":\"SearchAction\",\"target\":\"https:\/\/www.imakeyousmile.se\/es\/?s={search_term_string}\",\"query-input\":\"required name=search_term_string\"}],\"inLanguage\":\"es\"},{\"@type\":\"ImageObject\",\"@id\":\"https:\/\/www.imakeyousmile.se\/rosa-och-gron-sminkning\/#primaryimage\",\"inLanguage\":\"es\",\"url\":\"http:\/\/1.bp.blogspot.com\/-RSYlx7Esfoc\/T1IILUlm7lI\/AAAAAAAAGC8\/cZ8U-Y89meQ\/s400\/IMG_9707.JPG\"},{\"@type\":\"WebPage\",\"@id\":\"https:\/\/www.imakeyousmile.se\/rosa-och-gron-sminkning\/#webpage\",\"url\":\"https:\/\/www.imakeyousmile.se\/rosa-och-gron-sminkning\/\",\"name\":\"Rosa och gr\\u00f6n sminkning | Imakeyousmile.se\",\"isPartOf\":{\"@id\":\"https:\/\/www.imakeyousmile.se\/es\/#website\"},\"primaryImageOfPage\":{\"@id\":\"https:\/\/www.imakeyousmile.se\/rosa-och-gron-sminkning\/#primaryimage\"},\"datePublished\":\"2012-03-03T12:40:00+00:00\",\"dateModified\":\"2012-03-03T12:40:00+00:00\",\"description\":\"Rosa och gr\\u00f6n sminkning | Helena Amiley - H\\u00e4r hittar du senaste infromation om sk\\u00f6nhet, livsstil, entrepren\\u00f6rskap, makeup & tips.\",\"inLanguage\":\"es\",\"potentialAction\":[{\"@type\":\"ReadAction\",\"target\":[\"https:\/\/www.imakeyousmile.se\/rosa-och-gron-sminkning\/\"]}]},{\"@type\":\"Article\",\"@id\":\"https:\/\/www.imakeyousmile.se\/rosa-och-gron-sminkning\/#article\",\"isPartOf\":{\"@id\":\"https:\/\/www.imakeyousmile.se\/rosa-och-gron-sminkning\/#webpage\"},\"author\":{\"@id\":\"https:\/\/www.imakeyousmile.se\/es\/#\/schema\/person\/b0fd43b1c6bb1c60cfd68bff9b4a10fb\"},\"headline\":\"Rosa och gr\\u00f6n sminkning\",\"datePublished\":\"2012-03-03T12:40:00+00:00\",\"dateModified\":\"2012-03-03T12:40:00+00:00\",\"mainEntityOfPage\":{\"@id\":\"https:\/\/www.imakeyousmile.se\/rosa-och-gron-sminkning\/#webpage\"},\"commentCount\":0,\"publisher\":{\"@id\":\"https:\/\/www.imakeyousmile.se\/es\/#organization\"},\"image\":{\"@id\":\"https:\/\/www.imakeyousmile.se\/rosa-och-gron-sminkning\/#primaryimage\"},\"articleSection\":\"\\u00d6vrigt\",\"inLanguage\":\"es\",\"potentialAction\":[{\"@type\":\"CommentAction\",\"name\":\"Comment\",\"target\":[\"https:\/\/www.imakeyousmile.se\/rosa-och-gron-sminkning\/#respond\"]}]},{\"@type\":\"Person\",\"@id\":\"https:\/\/www.imakeyousmile.se\/es\/#\/schema\/person\/b0fd43b1c6bb1c60cfd68bff9b4a10fb\",\"name\":\"Helena Amiley\",\"image\":{\"@type\":\"ImageObject\",\"@id\":\"https:\/\/www.imakeyousmile.se\/es\/#personlogo\",\"inLanguage\":\"es\",\"url\":\"https:\/\/secure.gravatar.com\/avatar\/5645558e1e355457a23368d7e1b4c904?s=96&d=mm&r=g\",\"caption\":\"Helena Amiley\"},\"description\":\"Jag skriver mest om sk\\u00f6nhet men bjuder \\u00e4ven p\\u00e5 glimtar fr\\u00e5n entrepren\\u00f6rlivet och bygget av v\\u00e5r egen camper van. Vanlife here we come!\",\"sameAs\":[\"https:\/\/www.facebook.com\/imakeyousmile.se\",\"https:\/\/www.instagram.com\/helenaamiley\",\"https:\/\/www.youtube.com\/channel\/UCR5iB6rvpV6Yr8ZjpQfr5mg?view_as=subscriber\"]}]}<\/script>\n<!-- \/ Yoast SEO Premium plugin. -->","_links":{"self":[{"href":"https:\/\/www.imakeyousmile.se\/es\/wp-json\/wp\/v2\/posts\/1039"}],"collection":[{"href":"https:\/\/www.imakeyousmile.se\/es\/wp-json\/wp\/v2\/posts"}],"about":[{"href":"https:\/\/www.imakeyousmile.se\/es\/wp-json\/wp\/v2\/types\/post"}],"author":[{"embeddable":true,"href":"https:\/\/www.imakeyousmile.se\/es\/wp-json\/wp\/v2\/users\/30"}],"replies":[{"embeddable":true,"href":"https:\/\/www.imakeyousmile.se\/es\/wp-json\/wp\/v2\/comments?post=1039"}],"version-history":[{"count":0,"href":"https:\/\/www.imakeyousmile.se\/es\/wp-json\/wp\/v2\/posts\/1039\/revisions"}],"wp:attachment":[{"href":"https:\/\/www.imakeyousmile.se\/es\/wp-json\/wp\/v2\/media?parent=1039"}],"wp:term":[{"taxonomy":"category","embeddable":true,"href":"https:\/\/www.imakeyousmile.se\/es\/wp-json\/wp\/v2\/categories?post=1039"},{"taxonomy":"post_tag","embeddable":true,"href":"https:\/\/www.imakeyousmile.se\/es\/wp-json\/wp\/v2\/tags?post=1039"}],"curies":[{"name":"wp","href":"https:\/\/api.w.org\/{rel}","templated":true}]}}