{"id":1043,"date":"2012-03-01T08:26:00","date_gmt":"2012-03-01T07:26:00","guid":{"rendered":"http:\/\/www.imakeyousmile.se\/inpackning-till-fransarna\/"},"modified":"2012-03-01T08:26:00","modified_gmt":"2012-03-01T07:26:00","slug":"inpackning-till-fransarna","status":"publish","type":"post","link":"https:\/\/www.imakeyousmile.se\/es\/envolver-las-pestanas\/","title":{"rendered":"Envoltorio para las pesta\u00f1as"},"content":{"rendered":"<div style=\"clear: both; text-align: left;\">Siento que he estado muy mal en el frente del maquillaje la semana pasada.<\/p>\n<p>Eso es en parte porque lo intent\u00e9 <span style=\"font-size: x-large;\">socializar <\/span>tanto como sea posible con familiares \/ amigos ahora que tengo licencia.<\/div>\n<div style=\"clear: both; text-align: left;\"><\/div>\n<div style=\"clear: both; text-align: left;\">Es decir, tal vez tenga que quedarse un fin de semana en la escuela en el futuro y trabajar con la colecci\u00f3n, \u00a1sea tan terrible no estar lista para el desfile de moda!<\/div>\n<div style=\"clear: both; text-align: left;\"><\/div>\n<div style=\"clear: both; text-align: left;\">Tambi\u00e9n me he mantenido alejada del maquillaje y me he cuidado mucho porque he recibido <span style=\"font-size: x-large;\">erupci\u00f3n<\/span> en todo el pecho, que comenz\u00f3 a vagar por el cuello y la cara (<em>probablemente una reacci\u00f3n a la penicilina<\/em>).<\/div>\n<div style=\"clear: both; text-align: left;\"><\/div>\n<div style=\"clear: both; text-align: left;\"><\/div>\n<div style=\"border-bottom: medium none; border-left: medium none; border-right: medium none; border-top: medium none; clear: both; text-align: center;\"><a href=\"http:\/\/3.bp.blogspot.com\/-W5dM2ENjTmU\/T08gUg5LUwI\/AAAAAAAAGCM\/E3ZCRucxGnc\/s1600\/Impackning.JPG\" style=\"margin-left: 1em; margin-right: 1em;\"><img loading=\"lazy\" decoding=\"async\" border=\"0\" height=\"117\" src=\"http:\/\/3.bp.blogspot.com\/-W5dM2ENjTmU\/T08gUg5LUwI\/AAAAAAAAGCM\/E3ZCRucxGnc\/s400\/Impackning.JPG\" uda=\"true\" width=\"400\" \/><\/a><\/div>\n<div style=\"border-bottom: medium none; border-left: medium none; border-right: medium none; border-top: medium none; clear: both; text-align: center;\"><a href=\"https:\/\/ion.lyko.com\/t\/t?a=1117786221&#038;as=1548102449&#038;t=2&#038;tk=1&#038;epi=search-replace-refectocilgel&#038;url=https:\/\/lyko.com\/sv\/refectocil\/refectocil-stylinggel\"><strong><em>Envoltorio para las pesta\u00f1as<\/em><\/strong><\/a>, <em>realmente genial cuando quieres cuidarte un poco m\u00e1s. \u00a1Y era necesario ahora que comenc\u00e9 a colorearlos tambi\u00e9n!<\/em><\/div>\n<div style=\"border-bottom: medium none; border-left: medium none; border-right: medium none; border-top: medium none; clear: both; text-align: left;\"><\/div>\n<div style=\"border-bottom: medium none; border-left: medium none; border-right: medium none; border-top: medium none; clear: both; text-align: left;\"><\/div>\n<div style=\"border-bottom: medium none; border-left: medium none; border-right: medium none; border-top: medium none; clear: both; text-align: left;\"><\/div>\n<div style=\"border-bottom: medium none; border-left: medium none; border-right: medium none; border-top: medium none; clear: both; text-align: left;\">Y hoy me voy a casa <span style=\"font-size: x-large;\">pap\u00e1<\/span> <em>(hasta ma\u00f1ana)<\/em> y probablemente no tenga tiempo de maquillarme y escribirme en el blog antes de irme.<\/div>\n<p>Bien puede ser un peque\u00f1o blog sobre el lujo diario y el cuidado de la piel durante tanto tiempo;)<\/p>\n<p><\/p>\n<div style=\"text-align: center;\"><span style=\"font-size: x-large;\">\u00a1Una vida con prioridades!<\/span><\/div>","protected":false},"excerpt":{"rendered":"<p>K\u00e4nner att jag har varit j\u00e4tted\u00e5lig p\u00e5 sminkfronten den senaste veckan. Det beror delvis p\u00e5 att jag har f\u00f6rs\u00f6kt umg\u00e5s s\u00e5 mycket som m\u00f6jligt med familj\/v\u00e4nner nu medan jag har lov. M\u00e5ste n\u00e4mligen kanske stanna n\u00e5gon helg i skolan fram\u00f6ver och jobba med kollektionen, vora s\u00e5 hemskt att inte vara klar till modevisningen! Jag har [&hellip;]<\/p>\n","protected":false},"author":30,"featured_media":0,"comment_status":"open","ping_status":"open","sticky":false,"template":"","format":"standard","meta":{"footnotes":""},"categories":[61,59],"tags":[],"class_list":["post-1043","post","type-post","status-publish","format-standard","hentry","category-ogonfransar","category-recensioner-produkttips"],"yoast_head":"<!-- This site is optimized with the Yoast SEO Premium plugin v14.9 - https:\/\/yoast.com\/wordpress\/plugins\/seo\/ -->\n<meta name=\"description\" content=\"Inpackning till fransarna | Helena Amiley - H\u00e4r hittar du senaste infromation om sk\u00f6nhet, livsstil, entrepren\u00f6rskap, makeup &amp; tips.\" \/>\n<meta name=\"robots\" content=\"index, follow, max-snippet:-1, max-image-preview:large, max-video-preview:-1\" \/>\n<link rel=\"canonical\" href=\"https:\/\/www.imakeyousmile.se\/es\/inpackning-till-fransarna\/\" \/>\n<meta property=\"og:locale\" content=\"es_ES\" \/>\n<meta property=\"og:type\" content=\"article\" \/>\n<meta property=\"og:title\" content=\"Inpackning till fransarna | Imakeyousmile.se\" \/>\n<meta property=\"og:description\" content=\"Inpackning till fransarna | Helena Amiley - H\u00e4r hittar du senaste infromation om sk\u00f6nhet, livsstil, entrepren\u00f6rskap, makeup &amp; tips.\" \/>\n<meta property=\"og:url\" content=\"https:\/\/www.imakeyousmile.se\/es\/inpackning-till-fransarna\/\" \/>\n<meta property=\"og:site_name\" content=\"Imakeyousmile.se\" \/>\n<meta property=\"article:author\" content=\"https:\/\/www.facebook.com\/imakeyousmile.se\" \/>\n<meta property=\"article:published_time\" content=\"2012-03-01T07:26:00+00:00\" \/>\n<meta property=\"og:image\" content=\"http:\/\/3.bp.blogspot.com\/-W5dM2ENjTmU\/T08gUg5LUwI\/AAAAAAAAGCM\/E3ZCRucxGnc\/s400\/Impackning.JPG\" \/>\n<meta name=\"twitter:card\" content=\"summary_large_image\" \/>\n<script type=\"application\/ld+json\" class=\"yoast-schema-graph\">{\"@context\":\"https:\/\/schema.org\",\"@graph\":[{\"@type\":\"Organization\",\"@id\":\"https:\/\/www.imakeyousmile.se\/es\/#organization\",\"name\":\"Imakeyousmile\",\"url\":\"https:\/\/www.imakeyousmile.se\/es\/\",\"sameAs\":[],\"logo\":{\"@type\":\"ImageObject\",\"@id\":\"https:\/\/www.imakeyousmile.se\/es\/#logo\",\"inLanguage\":\"es\",\"url\":\"https:\/\/www.imakeyousmile.se\/wp-content\/uploads\/2020\/10\/HELENA-AMILEY_SVART-1-e1603367975324.png\",\"width\":280,\"height\":93,\"caption\":\"Imakeyousmile\"},\"image\":{\"@id\":\"https:\/\/www.imakeyousmile.se\/es\/#logo\"}},{\"@type\":\"WebSite\",\"@id\":\"https:\/\/www.imakeyousmile.se\/es\/#website\",\"url\":\"https:\/\/www.imakeyousmile.se\/es\/\",\"name\":\"Imakeyousmile.se\",\"description\":\"Helena Amiley - Beauty, Entrepreneur, Lifestyle\",\"publisher\":{\"@id\":\"https:\/\/www.imakeyousmile.se\/es\/#organization\"},\"potentialAction\":[{\"@type\":\"SearchAction\",\"target\":\"https:\/\/www.imakeyousmile.se\/es\/?s={search_term_string}\",\"query-input\":\"required name=search_term_string\"}],\"inLanguage\":\"es\"},{\"@type\":\"ImageObject\",\"@id\":\"https:\/\/www.imakeyousmile.se\/inpackning-till-fransarna\/#primaryimage\",\"inLanguage\":\"es\",\"url\":\"http:\/\/3.bp.blogspot.com\/-W5dM2ENjTmU\/T08gUg5LUwI\/AAAAAAAAGCM\/E3ZCRucxGnc\/s400\/Impackning.JPG\"},{\"@type\":\"WebPage\",\"@id\":\"https:\/\/www.imakeyousmile.se\/inpackning-till-fransarna\/#webpage\",\"url\":\"https:\/\/www.imakeyousmile.se\/inpackning-till-fransarna\/\",\"name\":\"Inpackning till fransarna | Imakeyousmile.se\",\"isPartOf\":{\"@id\":\"https:\/\/www.imakeyousmile.se\/es\/#website\"},\"primaryImageOfPage\":{\"@id\":\"https:\/\/www.imakeyousmile.se\/inpackning-till-fransarna\/#primaryimage\"},\"datePublished\":\"2012-03-01T07:26:00+00:00\",\"dateModified\":\"2012-03-01T07:26:00+00:00\",\"description\":\"Inpackning till fransarna | Helena Amiley - H\\u00e4r hittar du senaste infromation om sk\\u00f6nhet, livsstil, entrepren\\u00f6rskap, makeup & tips.\",\"inLanguage\":\"es\",\"potentialAction\":[{\"@type\":\"ReadAction\",\"target\":[\"https:\/\/www.imakeyousmile.se\/inpackning-till-fransarna\/\"]}]},{\"@type\":\"Article\",\"@id\":\"https:\/\/www.imakeyousmile.se\/inpackning-till-fransarna\/#article\",\"isPartOf\":{\"@id\":\"https:\/\/www.imakeyousmile.se\/inpackning-till-fransarna\/#webpage\"},\"author\":{\"@id\":\"https:\/\/www.imakeyousmile.se\/es\/#\/schema\/person\/b0fd43b1c6bb1c60cfd68bff9b4a10fb\"},\"headline\":\"Inpackning till fransarna\",\"datePublished\":\"2012-03-01T07:26:00+00:00\",\"dateModified\":\"2012-03-01T07:26:00+00:00\",\"mainEntityOfPage\":{\"@id\":\"https:\/\/www.imakeyousmile.se\/inpackning-till-fransarna\/#webpage\"},\"commentCount\":0,\"publisher\":{\"@id\":\"https:\/\/www.imakeyousmile.se\/es\/#organization\"},\"image\":{\"@id\":\"https:\/\/www.imakeyousmile.se\/inpackning-till-fransarna\/#primaryimage\"},\"articleSection\":\"\\u00d6gonfransar,Recensioner &amp; Produkttips\",\"inLanguage\":\"es\",\"potentialAction\":[{\"@type\":\"CommentAction\",\"name\":\"Comment\",\"target\":[\"https:\/\/www.imakeyousmile.se\/inpackning-till-fransarna\/#respond\"]}]},{\"@type\":\"Person\",\"@id\":\"https:\/\/www.imakeyousmile.se\/es\/#\/schema\/person\/b0fd43b1c6bb1c60cfd68bff9b4a10fb\",\"name\":\"Helena Amiley\",\"image\":{\"@type\":\"ImageObject\",\"@id\":\"https:\/\/www.imakeyousmile.se\/es\/#personlogo\",\"inLanguage\":\"es\",\"url\":\"https:\/\/secure.gravatar.com\/avatar\/5645558e1e355457a23368d7e1b4c904?s=96&d=mm&r=g\",\"caption\":\"Helena Amiley\"},\"description\":\"Jag skriver mest om sk\\u00f6nhet men bjuder \\u00e4ven p\\u00e5 glimtar fr\\u00e5n entrepren\\u00f6rlivet och bygget av v\\u00e5r egen camper van. Vanlife here we come!\",\"sameAs\":[\"https:\/\/www.facebook.com\/imakeyousmile.se\",\"https:\/\/www.instagram.com\/helenaamiley\",\"https:\/\/www.youtube.com\/channel\/UCR5iB6rvpV6Yr8ZjpQfr5mg?view_as=subscriber\"]}]}<\/script>\n<!-- \/ Yoast SEO Premium plugin. -->","_links":{"self":[{"href":"https:\/\/www.imakeyousmile.se\/es\/wp-json\/wp\/v2\/posts\/1043"}],"collection":[{"href":"https:\/\/www.imakeyousmile.se\/es\/wp-json\/wp\/v2\/posts"}],"about":[{"href":"https:\/\/www.imakeyousmile.se\/es\/wp-json\/wp\/v2\/types\/post"}],"author":[{"embeddable":true,"href":"https:\/\/www.imakeyousmile.se\/es\/wp-json\/wp\/v2\/users\/30"}],"replies":[{"embeddable":true,"href":"https:\/\/www.imakeyousmile.se\/es\/wp-json\/wp\/v2\/comments?post=1043"}],"version-history":[{"count":0,"href":"https:\/\/www.imakeyousmile.se\/es\/wp-json\/wp\/v2\/posts\/1043\/revisions"}],"wp:attachment":[{"href":"https:\/\/www.imakeyousmile.se\/es\/wp-json\/wp\/v2\/media?parent=1043"}],"wp:term":[{"taxonomy":"category","embeddable":true,"href":"https:\/\/www.imakeyousmile.se\/es\/wp-json\/wp\/v2\/categories?post=1043"},{"taxonomy":"post_tag","embeddable":true,"href":"https:\/\/www.imakeyousmile.se\/es\/wp-json\/wp\/v2\/tags?post=1043"}],"curies":[{"name":"wp","href":"https:\/\/api.w.org\/{rel}","templated":true}]}}