{"id":10585,"date":"2014-01-05T15:04:53","date_gmt":"2014-01-05T14:04:53","guid":{"rendered":"http:\/\/www.imakeyousmile.se\/?p=10585"},"modified":"2014-01-04T21:45:35","modified_gmt":"2014-01-04T20:45:35","slug":"balans","status":"publish","type":"post","link":"https:\/\/www.imakeyousmile.se\/es\/equilibrar\/","title":{"rendered":"Equilibrar"},"content":{"rendered":"<p>Me encanta combinar los colores de mi maquillaje y mi ropa, pero generalmente no de una manera tan obvia como para tener una sombra de ojos rosa brillante con un su\u00e9ter rosa brillante. Pero me gusta tomar los colores del atuendo para crear un equilibrio en el conjunto.<\/p>\n<p>\u00a1As\u00ed pensaba con mi maquillaje que mostr\u00e9 ayer!<\/p>\n<p><a href=\"http:\/\/www.imakeyousmile.se\/es\/smokey-apricot\/img_4271_111\/\" rel=\"attachment wp-att-10552\"><img loading=\"lazy\" decoding=\"async\" class=\"alignnone size-large wp-image-10552\" title=\"IMG_4271_111\" src=\"http:\/\/www.imakeyousmile.se\/wp-content\/uploads\/2014\/01\/IMG_4271_111-766x1024.jpg\" alt=\"\" width=\"766\" height=\"1024\" srcset=\"https:\/\/www.imakeyousmile.se\/wp-content\/uploads\/2014\/01\/IMG_4271_111-766x1024.jpg 766w, https:\/\/www.imakeyousmile.se\/wp-content\/uploads\/2014\/01\/IMG_4271_111-224x300.jpg 224w, https:\/\/www.imakeyousmile.se\/wp-content\/uploads\/2014\/01\/IMG_4271_111.jpg 1917w\" sizes=\"(max-width: 766px) 100vw, 766px\" \/><\/a><\/p>\n<p>* Un color rosa albaricoque (o el color que sea) haga clic en el extremo del p\u00e1rpado que es del mismo color que el lino.<br \/>\n* Blanco y negro en el maquillaje para combinar con los pantalones cebra y la luz en el anillo.<br \/>\n* Zapatos marrones a juego con la madera marr\u00f3n del ring.<\/p>\n<p><a href=\"http:\/\/www.imakeyousmile.se\/es\/?attachment_id=10586\" rel=\"attachment wp-att-10586\"><img loading=\"lazy\" decoding=\"async\" class=\"alignnone size-large wp-image-10586\" title=\"Parte sin t\u00edtulo 111\" src=\"http:\/\/www.imakeyousmile.se\/wp-content\/uploads\/2014\/01\/Untitled-111-708x1024.jpg\" alt=\"\" width=\"708\" height=\"1024\" srcset=\"https:\/\/www.imakeyousmile.se\/wp-content\/uploads\/2014\/01\/Untitled-111-708x1024.jpg 708w, https:\/\/www.imakeyousmile.se\/wp-content\/uploads\/2014\/01\/Untitled-111-207x300.jpg 207w, https:\/\/www.imakeyousmile.se\/wp-content\/uploads\/2014\/01\/Untitled-111.jpg 1772w\" sizes=\"(max-width: 708px) 100vw, 708px\" \/><\/a><\/p>\n<p>No es f\u00e1cil posar para que todos los detalles sean visibles al mismo tiempo que tienes que lucir bien, estas son las dos mejores de alrededor de un mill\u00f3n de fotograf\u00edas jeje. \u00a1Alabado sea todos los bloggers de moda!<\/p>\n<p><strong>Espero que est\u00e9s inspirado :)<\/strong><\/p>","protected":false},"excerpt":{"rendered":"<p>Jag \u00e4lskar att matcha f\u00e4rgerna i sminkningen och kl\u00e4derna, men oftast inte p\u00e5 ett s\u00e5 sj\u00e4lvklart s\u00e4tt att jag har en knallrosa \u00f6gonskugga till en knallrosa tr\u00f6ja. Men jag tar g\u00e4rna upp f\u00e4rgerna i outfiten f\u00f6r att skapa en balans helheten. S\u00e5 h\u00e4r t\u00e4nkte jag med min sminkning jag visade ig\u00e5r! *En aprikosrosa (eller vad [&hellip;]<\/p>\n","protected":false},"author":30,"featured_media":0,"comment_status":"open","ping_status":"closed","sticky":false,"template":"","format":"standard","meta":{"footnotes":""},"categories":[3],"tags":[],"class_list":["post-10585","post","type-post","status-publish","format-standard","hentry","category-allmant"],"yoast_head":"<!-- This site is optimized with the Yoast SEO Premium plugin v14.9 - https:\/\/yoast.com\/wordpress\/plugins\/seo\/ -->\n<meta name=\"description\" content=\"Balans | Helena Amiley - H\u00e4r hittar du senaste infromation om sk\u00f6nhet, livsstil, entrepren\u00f6rskap, makeup &amp; tips.\" \/>\n<meta name=\"robots\" content=\"index, follow, max-snippet:-1, max-image-preview:large, max-video-preview:-1\" \/>\n<link rel=\"canonical\" href=\"https:\/\/www.imakeyousmile.se\/es\/balans\/\" \/>\n<meta property=\"og:locale\" content=\"es_ES\" \/>\n<meta property=\"og:type\" content=\"article\" \/>\n<meta property=\"og:title\" content=\"Balans | Imakeyousmile.se\" \/>\n<meta property=\"og:description\" content=\"Balans | Helena Amiley - H\u00e4r hittar du senaste infromation om sk\u00f6nhet, livsstil, entrepren\u00f6rskap, makeup &amp; tips.\" \/>\n<meta property=\"og:url\" content=\"https:\/\/www.imakeyousmile.se\/es\/balans\/\" \/>\n<meta property=\"og:site_name\" content=\"Imakeyousmile.se\" \/>\n<meta property=\"article:author\" content=\"https:\/\/www.facebook.com\/imakeyousmile.se\" \/>\n<meta property=\"article:published_time\" content=\"2014-01-05T14:04:53+00:00\" \/>\n<meta property=\"article:modified_time\" content=\"2014-01-04T20:45:35+00:00\" \/>\n<meta property=\"og:image\" content=\"http:\/\/www.imakeyousmile.se\/wp-content\/uploads\/2014\/01\/IMG_4271_111-766x1024.jpg\" \/>\n<meta name=\"twitter:card\" content=\"summary_large_image\" \/>\n<script type=\"application\/ld+json\" class=\"yoast-schema-graph\">{\"@context\":\"https:\/\/schema.org\",\"@graph\":[{\"@type\":\"Organization\",\"@id\":\"https:\/\/www.imakeyousmile.se\/es\/#organization\",\"name\":\"Imakeyousmile\",\"url\":\"https:\/\/www.imakeyousmile.se\/es\/\",\"sameAs\":[],\"logo\":{\"@type\":\"ImageObject\",\"@id\":\"https:\/\/www.imakeyousmile.se\/es\/#logo\",\"inLanguage\":\"es\",\"url\":\"https:\/\/www.imakeyousmile.se\/wp-content\/uploads\/2020\/10\/HELENA-AMILEY_SVART-1-e1603367975324.png\",\"width\":280,\"height\":93,\"caption\":\"Imakeyousmile\"},\"image\":{\"@id\":\"https:\/\/www.imakeyousmile.se\/es\/#logo\"}},{\"@type\":\"WebSite\",\"@id\":\"https:\/\/www.imakeyousmile.se\/es\/#website\",\"url\":\"https:\/\/www.imakeyousmile.se\/es\/\",\"name\":\"Imakeyousmile.se\",\"description\":\"Helena Amiley - Beauty, Entrepreneur, Lifestyle\",\"publisher\":{\"@id\":\"https:\/\/www.imakeyousmile.se\/es\/#organization\"},\"potentialAction\":[{\"@type\":\"SearchAction\",\"target\":\"https:\/\/www.imakeyousmile.se\/es\/?s={search_term_string}\",\"query-input\":\"required name=search_term_string\"}],\"inLanguage\":\"es\"},{\"@type\":\"ImageObject\",\"@id\":\"https:\/\/www.imakeyousmile.se\/balans\/#primaryimage\",\"inLanguage\":\"es\",\"url\":\"http:\/\/www.imakeyousmile.se\/wp-content\/uploads\/2014\/01\/IMG_4271_111-766x1024.jpg\"},{\"@type\":\"WebPage\",\"@id\":\"https:\/\/www.imakeyousmile.se\/balans\/#webpage\",\"url\":\"https:\/\/www.imakeyousmile.se\/balans\/\",\"name\":\"Balans | Imakeyousmile.se\",\"isPartOf\":{\"@id\":\"https:\/\/www.imakeyousmile.se\/es\/#website\"},\"primaryImageOfPage\":{\"@id\":\"https:\/\/www.imakeyousmile.se\/balans\/#primaryimage\"},\"datePublished\":\"2014-01-05T14:04:53+00:00\",\"dateModified\":\"2014-01-04T20:45:35+00:00\",\"description\":\"Balans | Helena Amiley - H\\u00e4r hittar du senaste infromation om sk\\u00f6nhet, livsstil, entrepren\\u00f6rskap, makeup & tips.\",\"inLanguage\":\"es\",\"potentialAction\":[{\"@type\":\"ReadAction\",\"target\":[\"https:\/\/www.imakeyousmile.se\/balans\/\"]}]},{\"@type\":\"Article\",\"@id\":\"https:\/\/www.imakeyousmile.se\/balans\/#article\",\"isPartOf\":{\"@id\":\"https:\/\/www.imakeyousmile.se\/balans\/#webpage\"},\"author\":{\"@id\":\"https:\/\/www.imakeyousmile.se\/es\/#\/schema\/person\/b0fd43b1c6bb1c60cfd68bff9b4a10fb\"},\"headline\":\"Balans\",\"datePublished\":\"2014-01-05T14:04:53+00:00\",\"dateModified\":\"2014-01-04T20:45:35+00:00\",\"mainEntityOfPage\":{\"@id\":\"https:\/\/www.imakeyousmile.se\/balans\/#webpage\"},\"commentCount\":0,\"publisher\":{\"@id\":\"https:\/\/www.imakeyousmile.se\/es\/#organization\"},\"image\":{\"@id\":\"https:\/\/www.imakeyousmile.se\/balans\/#primaryimage\"},\"articleSection\":\"\\u00d6vrigt\",\"inLanguage\":\"es\",\"potentialAction\":[{\"@type\":\"CommentAction\",\"name\":\"Comment\",\"target\":[\"https:\/\/www.imakeyousmile.se\/balans\/#respond\"]}]},{\"@type\":\"Person\",\"@id\":\"https:\/\/www.imakeyousmile.se\/es\/#\/schema\/person\/b0fd43b1c6bb1c60cfd68bff9b4a10fb\",\"name\":\"Helena Amiley\",\"image\":{\"@type\":\"ImageObject\",\"@id\":\"https:\/\/www.imakeyousmile.se\/es\/#personlogo\",\"inLanguage\":\"es\",\"url\":\"https:\/\/secure.gravatar.com\/avatar\/5645558e1e355457a23368d7e1b4c904?s=96&d=mm&r=g\",\"caption\":\"Helena Amiley\"},\"description\":\"Jag skriver mest om sk\\u00f6nhet men bjuder \\u00e4ven p\\u00e5 glimtar fr\\u00e5n entrepren\\u00f6rlivet och bygget av v\\u00e5r egen camper van. Vanlife here we come!\",\"sameAs\":[\"https:\/\/www.facebook.com\/imakeyousmile.se\",\"https:\/\/www.instagram.com\/helenaamiley\",\"https:\/\/www.youtube.com\/channel\/UCR5iB6rvpV6Yr8ZjpQfr5mg?view_as=subscriber\"]}]}<\/script>\n<!-- \/ Yoast SEO Premium plugin. -->","_links":{"self":[{"href":"https:\/\/www.imakeyousmile.se\/es\/wp-json\/wp\/v2\/posts\/10585"}],"collection":[{"href":"https:\/\/www.imakeyousmile.se\/es\/wp-json\/wp\/v2\/posts"}],"about":[{"href":"https:\/\/www.imakeyousmile.se\/es\/wp-json\/wp\/v2\/types\/post"}],"author":[{"embeddable":true,"href":"https:\/\/www.imakeyousmile.se\/es\/wp-json\/wp\/v2\/users\/30"}],"replies":[{"embeddable":true,"href":"https:\/\/www.imakeyousmile.se\/es\/wp-json\/wp\/v2\/comments?post=10585"}],"version-history":[{"count":0,"href":"https:\/\/www.imakeyousmile.se\/es\/wp-json\/wp\/v2\/posts\/10585\/revisions"}],"wp:attachment":[{"href":"https:\/\/www.imakeyousmile.se\/es\/wp-json\/wp\/v2\/media?parent=10585"}],"wp:term":[{"taxonomy":"category","embeddable":true,"href":"https:\/\/www.imakeyousmile.se\/es\/wp-json\/wp\/v2\/categories?post=10585"},{"taxonomy":"post_tag","embeddable":true,"href":"https:\/\/www.imakeyousmile.se\/es\/wp-json\/wp\/v2\/tags?post=10585"}],"curies":[{"name":"wp","href":"https:\/\/api.w.org\/{rel}","templated":true}]}}