{"id":10726,"date":"2014-01-12T21:31:52","date_gmt":"2014-01-12T20:31:52","guid":{"rendered":"http:\/\/www.imakeyousmile.se\/?p=10726"},"modified":"2015-04-19T10:22:30","modified_gmt":"2015-04-19T08:22:30","slug":"winter-spring","status":"publish","type":"post","link":"https:\/\/www.imakeyousmile.se\/es\/vacaciones-de-invierno\/","title":{"rendered":"Vacaciones de invierno"},"content":{"rendered":"<p>El maquillaje de invierno que publiqu\u00e9 ayer parec\u00eda popular, \u00a1divertido!<\/p>\n<p>Aqu\u00ed viene uno con el mismo sentimiento, pero mucho m\u00e1s discreto para quienes lo prefieran.<\/p>\n<p>Tambi\u00e9n creo que este, con el labial rosa, es tanto un maquillaje de invierno como un maquillaje de primavera, o \u00bfqu\u00e9 dices? :)<\/p>\n<p><a href=\"http:\/\/www.imakeyousmile.se\/wp-content\/uploads\/2014\/01\/IMG_5449_111.jpg\"><img loading=\"lazy\" decoding=\"async\" src=\"http:\/\/www.imakeyousmile.se\/wp-content\/uploads\/2014\/01\/IMG_5449_111.jpg\" alt=\"IMG_5449_111\" width=\"2892\" height=\"1631\" \/><\/a><\/p>\n<p>&nbsp;<\/p>\n<p>El tono turquesa es de <a href=\"https:\/\/ion.lyko.com\/t\/t?a=1117786221&#038;as=1548102449&#038;t=2&#038;tk=1&#038;epi=search-replace-paletter&#038;url=https:\/\/lyko.com\/sv\/smink\/paletter\" target=\"_blank\">Paleta iMys 40<\/a>y el delineador de ojos con purpurina es de Viva la Diva.<\/p>\n<p><a href=\"http:\/\/www.imakeyousmile.se\/wp-content\/uploads\/2014\/01\/turkos-sminkning-steg-f\u00f6r-steg.jpg\"><img loading=\"lazy\" decoding=\"async\" src=\"http:\/\/www.imakeyousmile.se\/wp-content\/uploads\/2014\/01\/turkos-sminkning-steg-f\u00f6r-steg.jpg\" alt=\"maquillaje turquesa paso a paso\" width=\"2533\" height=\"5223\" \/><\/a><\/p>\n<p><a href=\"http:\/\/www.imakeyousmile.se\/wp-content\/uploads\/2014\/01\/IMG_5432_111.jpg\"><img loading=\"lazy\" decoding=\"async\" class=\"alignnone size-full wp-image-10728\" src=\"http:\/\/www.imakeyousmile.se\/wp-content\/uploads\/2014\/01\/IMG_5432_111.jpg\" alt=\"IMG_5432_111\" width=\"2004\" height=\"2581\" srcset=\"https:\/\/www.imakeyousmile.se\/wp-content\/uploads\/2014\/01\/IMG_5432_111.jpg 1988w, https:\/\/www.imakeyousmile.se\/wp-content\/uploads\/2014\/01\/IMG_5432_111-232x300.jpg 232w, https:\/\/www.imakeyousmile.se\/wp-content\/uploads\/2014\/01\/IMG_5432_111-795x1024.jpg 795w\" sizes=\"(max-width: 2004px) 100vw, 2004px\" \/><\/a><\/p>\n<p>L\u00e1piz de labios, Yves Rocher.<\/p>\n<p><a href=\"http:\/\/www.imakeyousmile.se\/wp-content\/uploads\/2014\/01\/IMG_5444_111.jpg\"><img loading=\"lazy\" decoding=\"async\" class=\"alignnone size-full wp-image-10729\" src=\"http:\/\/www.imakeyousmile.se\/wp-content\/uploads\/2014\/01\/IMG_5444_111.jpg\" alt=\"IMG_5444_111\" width=\"2295\" height=\"3297\" srcset=\"https:\/\/www.imakeyousmile.se\/wp-content\/uploads\/2014\/01\/IMG_5444_111.jpg 1782w, https:\/\/www.imakeyousmile.se\/wp-content\/uploads\/2014\/01\/IMG_5444_111-208x300.jpg 208w, https:\/\/www.imakeyousmile.se\/wp-content\/uploads\/2014\/01\/IMG_5444_111-712x1024.jpg 712w\" sizes=\"(max-width: 2295px) 100vw, 2295px\" \/><\/a><\/p>\n<p>&nbsp;<\/p>\n<p>Estoy dando prioridad a la licencia de conducir por un corto per\u00edodo ahora, as\u00ed que soy un poco descuidado con las publicaciones, pero espero que no lo noten demasiado :)<\/p>\n<p><strong>\u00a1Un abrazo para ti y espero que tengas un maravilloso final de semana!<\/strong><\/p>","protected":false},"excerpt":{"rendered":"<p>Vintersminkningen jag publicerade ig\u00e5r verkade omtyckt, kul! H\u00e4r kommer en i samma k\u00e4nsla, men som \u00e4r mycket mer diskret f\u00f6r er som f\u00f6redrar det. Jag tycker dessutom att denna, med det rosa l\u00e4ppstiftet, b\u00e5de \u00e4r en vintersminkning och en v\u00e5rsminkning, eller vad s\u00e4jer ni? :) &nbsp; Den turkosa skuggan \u00e4r fr\u00e5n iMys 40 Palett, och [&hellip;]<\/p>\n","protected":false},"author":30,"featured_media":10730,"comment_status":"open","ping_status":"closed","sticky":false,"template":"","format":"standard","meta":{"footnotes":""},"categories":[2623],"tags":[378,1041,1575,408],"class_list":["post-10726","post","type-post","status-publish","format-standard","has-post-thumbnail","hentry","category-sminkningar","tag-kall-sminkning","tag-sminkning-steg-for-steg","tag-turkos-sminkning","tag-varsminkning"],"yoast_head":"<!-- This site is optimized with the Yoast SEO Premium plugin v14.9 - https:\/\/yoast.com\/wordpress\/plugins\/seo\/ -->\n<meta name=\"description\" content=\"Winter &amp; Spring | Helena Amiley - H\u00e4r hittar du senaste infromation om sk\u00f6nhet, livsstil, entrepren\u00f6rskap, makeup &amp; tips.\" \/>\n<meta name=\"robots\" content=\"index, follow, max-snippet:-1, max-image-preview:large, max-video-preview:-1\" \/>\n<link rel=\"canonical\" href=\"https:\/\/www.imakeyousmile.se\/es\/winter-spring\/\" \/>\n<meta property=\"og:locale\" content=\"es_ES\" \/>\n<meta property=\"og:type\" content=\"article\" \/>\n<meta property=\"og:title\" content=\"Winter &amp; Spring | Imakeyousmile.se\" \/>\n<meta property=\"og:description\" content=\"Winter &amp; Spring | Helena Amiley - H\u00e4r hittar du senaste infromation om sk\u00f6nhet, livsstil, entrepren\u00f6rskap, makeup &amp; tips.\" \/>\n<meta property=\"og:url\" content=\"https:\/\/www.imakeyousmile.se\/es\/winter-spring\/\" \/>\n<meta property=\"og:site_name\" content=\"Imakeyousmile.se\" \/>\n<meta property=\"article:author\" content=\"https:\/\/www.facebook.com\/imakeyousmile.se\" \/>\n<meta property=\"article:published_time\" content=\"2014-01-12T20:31:52+00:00\" \/>\n<meta property=\"article:modified_time\" content=\"2015-04-19T08:22:30+00:00\" \/>\n<meta property=\"og:image\" content=\"https:\/\/www.imakeyousmile.se\/wp-content\/uploads\/2014\/01\/IMG_5449_111.jpg\" \/>\n\t<meta property=\"og:image:width\" content=\"2560\" \/>\n\t<meta property=\"og:image:height\" content=\"1444\" \/>\n<meta name=\"twitter:card\" content=\"summary_large_image\" \/>\n<script type=\"application\/ld+json\" class=\"yoast-schema-graph\">{\"@context\":\"https:\/\/schema.org\",\"@graph\":[{\"@type\":\"Organization\",\"@id\":\"https:\/\/www.imakeyousmile.se\/es\/#organization\",\"name\":\"Imakeyousmile\",\"url\":\"https:\/\/www.imakeyousmile.se\/es\/\",\"sameAs\":[],\"logo\":{\"@type\":\"ImageObject\",\"@id\":\"https:\/\/www.imakeyousmile.se\/es\/#logo\",\"inLanguage\":\"es\",\"url\":\"https:\/\/www.imakeyousmile.se\/wp-content\/uploads\/2020\/10\/HELENA-AMILEY_SVART-1-e1603367975324.png\",\"width\":280,\"height\":93,\"caption\":\"Imakeyousmile\"},\"image\":{\"@id\":\"https:\/\/www.imakeyousmile.se\/es\/#logo\"}},{\"@type\":\"WebSite\",\"@id\":\"https:\/\/www.imakeyousmile.se\/es\/#website\",\"url\":\"https:\/\/www.imakeyousmile.se\/es\/\",\"name\":\"Imakeyousmile.se\",\"description\":\"Helena Amiley - Beauty, Entrepreneur, Lifestyle\",\"publisher\":{\"@id\":\"https:\/\/www.imakeyousmile.se\/es\/#organization\"},\"potentialAction\":[{\"@type\":\"SearchAction\",\"target\":\"https:\/\/www.imakeyousmile.se\/es\/?s={search_term_string}\",\"query-input\":\"required name=search_term_string\"}],\"inLanguage\":\"es\"},{\"@type\":\"ImageObject\",\"@id\":\"https:\/\/www.imakeyousmile.se\/winter-spring\/#primaryimage\",\"inLanguage\":\"es\",\"url\":\"https:\/\/www.imakeyousmile.se\/wp-content\/uploads\/2014\/01\/IMG_5449_111.jpg\",\"width\":2560,\"height\":1444},{\"@type\":\"WebPage\",\"@id\":\"https:\/\/www.imakeyousmile.se\/winter-spring\/#webpage\",\"url\":\"https:\/\/www.imakeyousmile.se\/winter-spring\/\",\"name\":\"Winter & Spring | Imakeyousmile.se\",\"isPartOf\":{\"@id\":\"https:\/\/www.imakeyousmile.se\/es\/#website\"},\"primaryImageOfPage\":{\"@id\":\"https:\/\/www.imakeyousmile.se\/winter-spring\/#primaryimage\"},\"datePublished\":\"2014-01-12T20:31:52+00:00\",\"dateModified\":\"2015-04-19T08:22:30+00:00\",\"description\":\"Winter & Spring | Helena Amiley - H\\u00e4r hittar du senaste infromation om sk\\u00f6nhet, livsstil, entrepren\\u00f6rskap, makeup & tips.\",\"inLanguage\":\"es\",\"potentialAction\":[{\"@type\":\"ReadAction\",\"target\":[\"https:\/\/www.imakeyousmile.se\/winter-spring\/\"]}]},{\"@type\":\"Article\",\"@id\":\"https:\/\/www.imakeyousmile.se\/winter-spring\/#article\",\"isPartOf\":{\"@id\":\"https:\/\/www.imakeyousmile.se\/winter-spring\/#webpage\"},\"author\":{\"@id\":\"https:\/\/www.imakeyousmile.se\/es\/#\/schema\/person\/b0fd43b1c6bb1c60cfd68bff9b4a10fb\"},\"headline\":\"Winter &#038; Spring\",\"datePublished\":\"2014-01-12T20:31:52+00:00\",\"dateModified\":\"2015-04-19T08:22:30+00:00\",\"mainEntityOfPage\":{\"@id\":\"https:\/\/www.imakeyousmile.se\/winter-spring\/#webpage\"},\"commentCount\":0,\"publisher\":{\"@id\":\"https:\/\/www.imakeyousmile.se\/es\/#organization\"},\"image\":{\"@id\":\"https:\/\/www.imakeyousmile.se\/winter-spring\/#primaryimage\"},\"keywords\":\"Kall sminkning,sminkning steg f\\u00f6r steg,turkos sminkning,V\\u00e5rsminkning\",\"articleSection\":\"Sminkningar\",\"inLanguage\":\"es\",\"potentialAction\":[{\"@type\":\"CommentAction\",\"name\":\"Comment\",\"target\":[\"https:\/\/www.imakeyousmile.se\/winter-spring\/#respond\"]}]},{\"@type\":\"Person\",\"@id\":\"https:\/\/www.imakeyousmile.se\/es\/#\/schema\/person\/b0fd43b1c6bb1c60cfd68bff9b4a10fb\",\"name\":\"Helena Amiley\",\"image\":{\"@type\":\"ImageObject\",\"@id\":\"https:\/\/www.imakeyousmile.se\/es\/#personlogo\",\"inLanguage\":\"es\",\"url\":\"https:\/\/secure.gravatar.com\/avatar\/5645558e1e355457a23368d7e1b4c904?s=96&d=mm&r=g\",\"caption\":\"Helena Amiley\"},\"description\":\"Jag skriver mest om sk\\u00f6nhet men bjuder \\u00e4ven p\\u00e5 glimtar fr\\u00e5n entrepren\\u00f6rlivet och bygget av v\\u00e5r egen camper van. Vanlife here we come!\",\"sameAs\":[\"https:\/\/www.facebook.com\/imakeyousmile.se\",\"https:\/\/www.instagram.com\/helenaamiley\",\"https:\/\/www.youtube.com\/channel\/UCR5iB6rvpV6Yr8ZjpQfr5mg?view_as=subscriber\"]}]}<\/script>\n<!-- \/ Yoast SEO Premium plugin. -->","_links":{"self":[{"href":"https:\/\/www.imakeyousmile.se\/es\/wp-json\/wp\/v2\/posts\/10726"}],"collection":[{"href":"https:\/\/www.imakeyousmile.se\/es\/wp-json\/wp\/v2\/posts"}],"about":[{"href":"https:\/\/www.imakeyousmile.se\/es\/wp-json\/wp\/v2\/types\/post"}],"author":[{"embeddable":true,"href":"https:\/\/www.imakeyousmile.se\/es\/wp-json\/wp\/v2\/users\/30"}],"replies":[{"embeddable":true,"href":"https:\/\/www.imakeyousmile.se\/es\/wp-json\/wp\/v2\/comments?post=10726"}],"version-history":[{"count":1,"href":"https:\/\/www.imakeyousmile.se\/es\/wp-json\/wp\/v2\/posts\/10726\/revisions"}],"predecessor-version":[{"id":19211,"href":"https:\/\/www.imakeyousmile.se\/es\/wp-json\/wp\/v2\/posts\/10726\/revisions\/19211"}],"wp:featuredmedia":[{"embeddable":true,"href":"https:\/\/www.imakeyousmile.se\/es\/wp-json\/wp\/v2\/media\/10730"}],"wp:attachment":[{"href":"https:\/\/www.imakeyousmile.se\/es\/wp-json\/wp\/v2\/media?parent=10726"}],"wp:term":[{"taxonomy":"category","embeddable":true,"href":"https:\/\/www.imakeyousmile.se\/es\/wp-json\/wp\/v2\/categories?post=10726"},{"taxonomy":"post_tag","embeddable":true,"href":"https:\/\/www.imakeyousmile.se\/es\/wp-json\/wp\/v2\/tags?post=10726"}],"curies":[{"name":"wp","href":"https:\/\/api.w.org\/{rel}","templated":true}]}}