{"id":10856,"date":"2014-01-20T10:22:09","date_gmt":"2014-01-20T09:22:09","guid":{"rendered":"http:\/\/www.imakeyousmile.se\/?p=10856"},"modified":"2020-11-01T13:15:50","modified_gmt":"2020-11-01T12:15:50","slug":"sminktips-for-rodflammig-hy","status":"publish","type":"post","link":"https:\/\/www.imakeyousmile.se\/es\/consejos-de-maquillaje-para-root-flaming-hy\/","title":{"rendered":"Consejos de maquillaje para pieles enrojecidas"},"content":{"rendered":"<p><strong><img loading=\"lazy\" decoding=\"async\" class=\"size-full wp-image-37868 aligncenter\" src=\"https:\/\/www.imakeyousmile.se\/wp-content\/uploads\/2020\/10\/annonslankar-4.png\" alt=\"\" width=\"512\" height=\"42\" srcset=\"https:\/\/www.imakeyousmile.se\/wp-content\/uploads\/2020\/10\/annonslankar-4.png 512w, https:\/\/www.imakeyousmile.se\/wp-content\/uploads\/2020\/10\/annonslankar-4-300x25.png 300w, https:\/\/www.imakeyousmile.se\/wp-content\/uploads\/2020\/10\/annonslankar-4-16x1.png 16w, https:\/\/www.imakeyousmile.se\/wp-content\/uploads\/2020\/10\/annonslankar-4-20x2.png 20w\" sizes=\"(max-width: 512px) 100vw, 512px\" \/><\/strong><\/p>\n<p><strong>Ann sa\u2026<\/strong><br \/>\n<strong style=\"font-style: italic;\">\u201c\u00a1Gran maquillaje! Eres tan buena. :)<\/strong>\u00a0<em><strong>\u00bfTienes alg\u00fan consejo de maquillaje para la piel enrojecida? \u00bfSi tienes un tono de piel muy rojo pero quieres un tono uniforme tan agradable que tienes? <\/strong><\/em><em><strong>Creo que el rojo brilla sin importar c\u00f3mo ponga los cimientos y tratar de neutralizar con verde realmente no funciona para m\u00ed. :( Quiere estar bien p\u00e1lido (es pelirrojo) pero es como un rojo rosado todo el tiempo &quot;.<\/strong><\/em><\/p>\n<p>En primer lugar, \u00a1gracias por sus amables palabras! Estar\u00e9 muy feliz por todos los comentarios amables que reciba :) Tambi\u00e9n quiero dar un consejo sobre estas publicaciones que son m\u00e1s nuevas que escrib\u00ed sobre eso <a href=\"https:\/\/www.imakeyousmile.se\/es\/dampa-rodnad-i-ansiktet\/\">Reducir el enrojecimiento de la cara con consejos de productos.<\/a>\u00a0y <a href=\"https:\/\/www.imakeyousmile.se\/es\/tacka-en-illrod-finne-med-redness-relief-powder\/\">cubrir una espinilla escarlata con polvo para aliviar el enrojecimiento<\/a>.<\/p>\n<p>Tengo un poco del mismo problema que t\u00fa, tengo muchas \u00e1reas enrojecidas en la cara y tambi\u00e9n tengo una piel tan sensible que se enrojece f\u00e1cilmente durante el d\u00eda, como si me sonrojo, estoy estresado o me doy un golpe.<\/p>\n<h4>\u00bfQu\u00e9 me funciona mejor para cubrir la piel enrojecida?<\/h4>\n<p>Lo que funciona mejor para m\u00ed es un buen corrector verde y una base opaca, y recomiendo nudh mineral si te gustan los productos en polvo, y la serie CC de Lumene si te gustan los productos en crema.<\/p>\n<p><strong><a href=\"http:\/\/www.imakeyousmile.se\/wp-content\/uploads\/2014\/01\/produkter-som-t\u00e4cker-r\u00f6dflammig-hy.jpg\"><img loading=\"lazy\" decoding=\"async\" src=\"http:\/\/www.imakeyousmile.se\/wp-content\/uploads\/2014\/01\/produkter-som-t\u00e4cker-r\u00f6dflammig-hy.jpg\" alt=\"productos que cubren la piel enrojecida\" width=\"707\" height=\"421\" \/><\/a><\/strong><\/p>\n<p>Un corrector verde puede, como dices, ser un poco dif\u00edcil de trabajar cuando no est\u00e1s acostumbrado. Lo m\u00e1s importante es que es bueno: debe poder aplicarse tan finamente que el resultado no se vea verde, pero a\u00fan as\u00ed debe ser efectivo. Y adem\u00e1s, es demasiado f\u00e1cil de usar lo que tampoco da un buen resultado.<\/p>\n<p>Aplica el corrector verde solo en las zonas m\u00e1s rojas, no en todo el rostro, y aplica una capa lo m\u00e1s fina posible. El rojo a\u00fan puede brillar un poco a trav\u00e9s del corrector, cubres el \u00faltimo con tu base.<\/p>\n<p>Quiero dejar claro una vez m\u00e1s que uno es importante <em>Bueno<\/em> \u00a0corrector verde, he probado tantos malos y si hay alguno que hayas probado, entiendo por qu\u00e9 no crees que el resultado ser\u00e1 bueno. Aplicar algo verde a la piel sin que luzca verde, no hace falta decir que no es el principio m\u00e1s simple. En tales casos, solo puede tomar una sombra de ojos verde.<\/p>\n<p>nudh mineral tiene un gran corrector verde &quot;<a href=\"https:\/\/creativemakeup.se\/butik\/\" target=\"_blank\" rel=\"noopener noreferrer\">cubre rojo<\/a>\u201d, Lo que da un resultado perfecto aunque solo tome un poquito. Est\u00e1 en forma de polvo suelto y es muy f\u00e1cil de trabajar. Si prefiere productos cremosos, puedo recomendar <a href=\"https:\/\/go.nordicfeel.se\/t\/t?a=872761485&amp;as=1548102449&amp;t=2&amp;tk=1&amp;url=https:\/\/www.nordicfeel.se\/makeup\/ansikte\/concealer\/lumene-cc-color-correcting-concealer-84340?gclid=Cj0KCQjwufn8BRCwARIsAKzP696O27fqMMPEtC1YsTmV_lUVrASYalbg8kkrMhYHKBYgK6eab0IbtcoaAnPOEALw_wcB\" target=\"_blank\" rel=\"noopener noreferrer\">Lumenes es un corrector CC<\/a>, es de color beige con un tono verde claro y tambi\u00e9n es bueno para fiestas rojas.<\/p>\n<h4>Aqu\u00ed ves antes y despu\u00e9s mis consejos de maquillaje para pieles enrojecidas:<\/h4>\n<p><a href=\"http:\/\/www.imakeyousmile.se\/wp-content\/uploads\/2014\/01\/gr\u00f6n-concealer-t\u00e4cker-finnar.jpg\"><img loading=\"lazy\" decoding=\"async\" class=\"alignnone size-large wp-image-10858\" src=\"http:\/\/www.imakeyousmile.se\/wp-content\/uploads\/2014\/01\/gr\u00f6n-concealer-t\u00e4cker-finnar-1024x460.jpg\" alt=\"corrector verde cubre espinillas\" width=\"1024\" height=\"460\" srcset=\"https:\/\/www.imakeyousmile.se\/wp-content\/uploads\/2014\/01\/gr\u00f6n-concealer-t\u00e4cker-finnar-1024x460.jpg 1024w, https:\/\/www.imakeyousmile.se\/wp-content\/uploads\/2014\/01\/gr\u00f6n-concealer-t\u00e4cker-finnar-300x135.jpg 300w, https:\/\/www.imakeyousmile.se\/wp-content\/uploads\/2014\/01\/gr\u00f6n-concealer-t\u00e4cker-finnar.jpg 1100w\" sizes=\"(max-width: 1024px) 100vw, 1024px\" \/><\/a><\/p>\n<p><em>Cubre un grano rojo con el corrector verde nudh minerales.<\/em><\/p>\n<p><a href=\"http:\/\/www.imakeyousmile.se\/wp-content\/uploads\/2014\/01\/gr\u00f6n-concealer.jpg\"><img loading=\"lazy\" decoding=\"async\" class=\"alignnone size-large wp-image-10859\" src=\"http:\/\/www.imakeyousmile.se\/wp-content\/uploads\/2014\/01\/gr\u00f6n-concealer-1024x571.jpg\" alt=\"corrector verde\" width=\"1024\" height=\"571\" srcset=\"https:\/\/www.imakeyousmile.se\/wp-content\/uploads\/2014\/01\/gr\u00f6n-concealer-1024x571.jpg 1024w, https:\/\/www.imakeyousmile.se\/wp-content\/uploads\/2014\/01\/gr\u00f6n-concealer-300x167.jpg 300w, https:\/\/www.imakeyousmile.se\/wp-content\/uploads\/2014\/01\/gr\u00f6n-concealer.jpg 1102w\" sizes=\"(max-width: 1024px) 100vw, 1024px\" \/><\/a><\/p>\n<p><em>Cubre mis vasos sangu\u00edneos visibles alrededor de la nariz con corrector verde Nudh Minerales.<\/em><\/p>\n<p><strong><a href=\"http:\/\/www.imakeyousmile.se\/wp-content\/uploads\/2014\/01\/Lumene-CC-concealer-f\u00f6re-efter.jpg\"><img loading=\"lazy\" decoding=\"async\" src=\"http:\/\/www.imakeyousmile.se\/wp-content\/uploads\/2014\/01\/Lumene-CC-concealer-f\u00f6re-efter-1024x505.jpg\" alt=\"Corrector Lumene CC antes y despu\u00e9s\" width=\"1024\" height=\"505\" \/><\/a><\/strong><em><a href=\"https:\/\/www.imakeyousmile.se\/es\/tacka-en-illrod-finne-med-redness-relief-powder\/\">Cubre un grano rojo<\/a> con <a href=\"https:\/\/go.nordicfeel.se\/t\/t?a=872761485&amp;as=1548102449&amp;t=2&amp;tk=1&amp;url=https:\/\/www.nordicfeel.se\/makeup\/ansikte\/concealer\/lumene-cc-color-correcting-concealer-84340?gclid=Cj0KCQjwufn8BRCwARIsAKzP696O27fqMMPEtC1YsTmV_lUVrASYalbg8kkrMhYHKBYgK6eab0IbtcoaAnPOEALw_wcB\">Corrector Lumene CC<\/a>. (Responde que s\u00ed, me las arregl\u00e9 para sacar un granito gigante justo entre las tetas jaja)<\/em><\/p>\n<p>Tener una base que cubra, aunque no tengas muchos granos o imperfecciones, es bueno precisamente para que no tengas que &quot;consumir en exceso&quot; el corrector verde. Si tienes el mismo problema que yo, no siempre sabes qu\u00e9 zonas estar\u00e1n m\u00e1s rojas durante el d\u00eda, y si tienes una base m\u00e1s fina, el rojo brilla con mucha facilidad, lo que te hace lucir muy desgastada.<\/p>\n<p>Y, por supuesto, tambi\u00e9n recomiendo la base de minerales nudh, que es ideal para el corrector. Y lo mismo con <a href=\"https:\/\/go.nordicfeel.se\/t\/t?a=872761485&amp;as=1548102449&amp;t=2&amp;tk=1&amp;url=https:\/\/www.nordicfeel.se\/makeup\/ansikte\/concealer\/lumene-cc-color-correcting-concealer-84340?gclid=Cj0KCQjwufn8BRCwARIsAKzP696O27fqMMPEtC1YsTmV_lUVrASYalbg8kkrMhYHKBYgK6eab0IbtcoaAnPOEALw_wcB\">Corrector Lumenes<\/a>, si usas toda su serie CC con corrector cc, crema cc y polvos cc, tambi\u00e9n obtendr\u00e1s un muy buen resultado.<\/p>\n<p>Creo que nudh mineral da un resultado un poco m\u00e1s natural, pero sigue siendo una buena cobertura :) Puedo mostrar una rese\u00f1a que recib\u00ed en la tienda web sobre el corrector no verde. nudh mineral tiene un corrector que es de color beige y cubre la oscuridad, y un verde que cubre el rojo. Son muy similares, por cierto, excepto que son para diferentes \u00e1reas del rostro. As\u00ed que creo absolutamente que esta revisi\u00f3n tambi\u00e9n puede reflejar el corrector verde :)<\/p>\n<p><a href=\"http:\/\/www.imakeyousmile.se\/wp-content\/uploads\/2014\/01\/recension-nudh-mineral-concealer.jpg\"><img loading=\"lazy\" decoding=\"async\" class=\"alignnone size-full wp-image-10857\" src=\"http:\/\/www.imakeyousmile.se\/wp-content\/uploads\/2014\/01\/recension-nudh-mineral-concealer.jpg\" alt=\"revisi\u00f3n del corrector mineral nudh\" width=\"837\" height=\"254\" srcset=\"https:\/\/www.imakeyousmile.se\/wp-content\/uploads\/2014\/01\/recension-nudh-mineral-concealer.jpg 837w, https:\/\/www.imakeyousmile.se\/wp-content\/uploads\/2014\/01\/recension-nudh-mineral-concealer-300x91.jpg 300w\" sizes=\"(max-width: 837px) 100vw, 837px\" \/><\/a><\/p>\n<p>&nbsp;<\/p>\n<p>Adem\u00e1s, es importante que tengas el tono correcto en tu base, cada vez que he probado una base nueva y obtengo un tono incorrecto, mis \u00e1reas rojas realmente quieren brillar. No s\u00e9 por qu\u00e9 sucede realmente, pero hablo por experiencia.<\/p>\n<p>Espero que la publicaci\u00f3n sobre consejos de maquillaje para pieles enrojecidas haya sido \u00fatil, no dude en comentar si tiene alguna pregunta o inquietud. :)<\/p>\n<p><strong>Abrazos<\/strong><\/p>","protected":false},"excerpt":{"rendered":"<p>Ann sa&#8230; &#8221;J\u00e4ttefin sminkning! Du \u00e4r s\u00e5 duktig. :)\u00a0Har du n\u00e5gra sminktips f\u00f6r r\u00f6dflammig hy? Om man \u00e4r v\u00e4ldigt r\u00f6d i hudtonen men vill ha en s\u00e5dan d\u00e4r snygg j\u00e4mn ton som du har? Jag tycker att det r\u00f6da liksom lyser igenom oavsett hur jag l\u00e4gger grunden och att f\u00f6rs\u00f6ka neutralisera med gr\u00f6nt funkar verkligen [&hellip;]<\/p>\n","protected":false},"author":30,"featured_media":0,"comment_status":"open","ping_status":"closed","sticky":false,"template":"","format":"standard","meta":{"footnotes":""},"categories":[24,59],"tags":[967,1615,1616,1618,1617],"class_list":["post-10856","post","type-post","status-publish","format-standard","hentry","category-grundsmink","category-recensioner-produkttips","tag-gron-concealer","tag-nudh-mineral-grundsmink","tag-tacka-rod-hud-i-ansiktet","tag-tacka-rodflammig-hud","tag-tacka-rott"],"yoast_head":"<!-- This site is optimized with the Yoast SEO Premium plugin v14.9 - https:\/\/yoast.com\/wordpress\/plugins\/seo\/ -->\n<meta name=\"description\" content=\"Mina sminktips f\u00f6r r\u00f6dflammig hy som fungerar b\u00e4st f\u00f6r mig \u00e4r en bra gr\u00f6n concealer samt en t\u00e4ckande foundation. Jag rekommenderar dessa.\" \/>\n<meta name=\"robots\" content=\"index, follow, max-snippet:-1, max-image-preview:large, max-video-preview:-1\" \/>\n<link rel=\"canonical\" href=\"https:\/\/www.imakeyousmile.se\/es\/sminktips-for-rodflammig-hy\/\" \/>\n<meta property=\"og:locale\" content=\"es_ES\" \/>\n<meta property=\"og:type\" content=\"article\" \/>\n<meta property=\"og:title\" content=\"Sminktips f\u00f6r r\u00f6dflammig hy | Imakeyousmile.se\" \/>\n<meta property=\"og:description\" content=\"Mina sminktips f\u00f6r r\u00f6dflammig hy som fungerar b\u00e4st f\u00f6r mig \u00e4r en bra gr\u00f6n concealer samt en t\u00e4ckande foundation. Jag rekommenderar dessa.\" \/>\n<meta property=\"og:url\" content=\"https:\/\/www.imakeyousmile.se\/es\/sminktips-for-rodflammig-hy\/\" \/>\n<meta property=\"og:site_name\" content=\"Imakeyousmile.se\" \/>\n<meta property=\"article:author\" content=\"https:\/\/www.facebook.com\/imakeyousmile.se\" \/>\n<meta property=\"article:published_time\" content=\"2014-01-20T09:22:09+00:00\" \/>\n<meta property=\"article:modified_time\" content=\"2020-11-01T12:15:50+00:00\" \/>\n<meta property=\"og:image\" content=\"https:\/\/www.imakeyousmile.se\/wp-content\/uploads\/2020\/10\/annonslankar-4.png\" \/>\n<meta name=\"twitter:card\" content=\"summary_large_image\" \/>\n<script type=\"application\/ld+json\" class=\"yoast-schema-graph\">{\"@context\":\"https:\/\/schema.org\",\"@graph\":[{\"@type\":\"Organization\",\"@id\":\"https:\/\/www.imakeyousmile.se\/es\/#organization\",\"name\":\"Imakeyousmile\",\"url\":\"https:\/\/www.imakeyousmile.se\/es\/\",\"sameAs\":[],\"logo\":{\"@type\":\"ImageObject\",\"@id\":\"https:\/\/www.imakeyousmile.se\/es\/#logo\",\"inLanguage\":\"es\",\"url\":\"https:\/\/www.imakeyousmile.se\/wp-content\/uploads\/2020\/10\/HELENA-AMILEY_SVART-1-e1603367975324.png\",\"width\":280,\"height\":93,\"caption\":\"Imakeyousmile\"},\"image\":{\"@id\":\"https:\/\/www.imakeyousmile.se\/es\/#logo\"}},{\"@type\":\"WebSite\",\"@id\":\"https:\/\/www.imakeyousmile.se\/es\/#website\",\"url\":\"https:\/\/www.imakeyousmile.se\/es\/\",\"name\":\"Imakeyousmile.se\",\"description\":\"Helena Amiley - Beauty, Entrepreneur, Lifestyle\",\"publisher\":{\"@id\":\"https:\/\/www.imakeyousmile.se\/es\/#organization\"},\"potentialAction\":[{\"@type\":\"SearchAction\",\"target\":\"https:\/\/www.imakeyousmile.se\/es\/?s={search_term_string}\",\"query-input\":\"required name=search_term_string\"}],\"inLanguage\":\"es\"},{\"@type\":\"ImageObject\",\"@id\":\"https:\/\/www.imakeyousmile.se\/sminktips-for-rodflammig-hy\/#primaryimage\",\"inLanguage\":\"es\",\"url\":\"https:\/\/www.imakeyousmile.se\/wp-content\/uploads\/2020\/10\/annonslankar-4.png\",\"width\":512,\"height\":42},{\"@type\":\"WebPage\",\"@id\":\"https:\/\/www.imakeyousmile.se\/sminktips-for-rodflammig-hy\/#webpage\",\"url\":\"https:\/\/www.imakeyousmile.se\/sminktips-for-rodflammig-hy\/\",\"name\":\"Sminktips f\\u00f6r r\\u00f6dflammig hy | Imakeyousmile.se\",\"isPartOf\":{\"@id\":\"https:\/\/www.imakeyousmile.se\/es\/#website\"},\"primaryImageOfPage\":{\"@id\":\"https:\/\/www.imakeyousmile.se\/sminktips-for-rodflammig-hy\/#primaryimage\"},\"datePublished\":\"2014-01-20T09:22:09+00:00\",\"dateModified\":\"2020-11-01T12:15:50+00:00\",\"description\":\"Mina sminktips f\\u00f6r r\\u00f6dflammig hy som fungerar b\\u00e4st f\\u00f6r mig \\u00e4r en bra gr\\u00f6n concealer samt en t\\u00e4ckande foundation. Jag rekommenderar dessa.\",\"inLanguage\":\"es\",\"potentialAction\":[{\"@type\":\"ReadAction\",\"target\":[\"https:\/\/www.imakeyousmile.se\/sminktips-for-rodflammig-hy\/\"]}]},{\"@type\":\"Article\",\"@id\":\"https:\/\/www.imakeyousmile.se\/sminktips-for-rodflammig-hy\/#article\",\"isPartOf\":{\"@id\":\"https:\/\/www.imakeyousmile.se\/sminktips-for-rodflammig-hy\/#webpage\"},\"author\":{\"@id\":\"https:\/\/www.imakeyousmile.se\/es\/#\/schema\/person\/b0fd43b1c6bb1c60cfd68bff9b4a10fb\"},\"headline\":\"Sminktips f\\u00f6r r\\u00f6dflammig hy\",\"datePublished\":\"2014-01-20T09:22:09+00:00\",\"dateModified\":\"2020-11-01T12:15:50+00:00\",\"mainEntityOfPage\":{\"@id\":\"https:\/\/www.imakeyousmile.se\/sminktips-for-rodflammig-hy\/#webpage\"},\"commentCount\":0,\"publisher\":{\"@id\":\"https:\/\/www.imakeyousmile.se\/es\/#organization\"},\"image\":{\"@id\":\"https:\/\/www.imakeyousmile.se\/sminktips-for-rodflammig-hy\/#primaryimage\"},\"keywords\":\"gr\\u00f6n concealer,nudh mineral grundsmink,t\\u00e4cka r\\u00f6d hud i ansiktet,t\\u00e4cka r\\u00f6dflammig hud,t\\u00e4cka r\\u00f6tt\",\"articleSection\":\"Bassmink,Recensioner &amp; Produkttips\",\"inLanguage\":\"es\",\"potentialAction\":[{\"@type\":\"CommentAction\",\"name\":\"Comment\",\"target\":[\"https:\/\/www.imakeyousmile.se\/sminktips-for-rodflammig-hy\/#respond\"]}]},{\"@type\":\"Person\",\"@id\":\"https:\/\/www.imakeyousmile.se\/es\/#\/schema\/person\/b0fd43b1c6bb1c60cfd68bff9b4a10fb\",\"name\":\"Helena Amiley\",\"image\":{\"@type\":\"ImageObject\",\"@id\":\"https:\/\/www.imakeyousmile.se\/es\/#personlogo\",\"inLanguage\":\"es\",\"url\":\"https:\/\/secure.gravatar.com\/avatar\/5645558e1e355457a23368d7e1b4c904?s=96&d=mm&r=g\",\"caption\":\"Helena Amiley\"},\"description\":\"Jag skriver mest om sk\\u00f6nhet men bjuder \\u00e4ven p\\u00e5 glimtar fr\\u00e5n entrepren\\u00f6rlivet och bygget av v\\u00e5r egen camper van. Vanlife here we come!\",\"sameAs\":[\"https:\/\/www.facebook.com\/imakeyousmile.se\",\"https:\/\/www.instagram.com\/helenaamiley\",\"https:\/\/www.youtube.com\/channel\/UCR5iB6rvpV6Yr8ZjpQfr5mg?view_as=subscriber\"]}]}<\/script>\n<!-- \/ Yoast SEO Premium plugin. -->","_links":{"self":[{"href":"https:\/\/www.imakeyousmile.se\/es\/wp-json\/wp\/v2\/posts\/10856"}],"collection":[{"href":"https:\/\/www.imakeyousmile.se\/es\/wp-json\/wp\/v2\/posts"}],"about":[{"href":"https:\/\/www.imakeyousmile.se\/es\/wp-json\/wp\/v2\/types\/post"}],"author":[{"embeddable":true,"href":"https:\/\/www.imakeyousmile.se\/es\/wp-json\/wp\/v2\/users\/30"}],"replies":[{"embeddable":true,"href":"https:\/\/www.imakeyousmile.se\/es\/wp-json\/wp\/v2\/comments?post=10856"}],"version-history":[{"count":2,"href":"https:\/\/www.imakeyousmile.se\/es\/wp-json\/wp\/v2\/posts\/10856\/revisions"}],"predecessor-version":[{"id":38134,"href":"https:\/\/www.imakeyousmile.se\/es\/wp-json\/wp\/v2\/posts\/10856\/revisions\/38134"}],"wp:attachment":[{"href":"https:\/\/www.imakeyousmile.se\/es\/wp-json\/wp\/v2\/media?parent=10856"}],"wp:term":[{"taxonomy":"category","embeddable":true,"href":"https:\/\/www.imakeyousmile.se\/es\/wp-json\/wp\/v2\/categories?post=10856"},{"taxonomy":"post_tag","embeddable":true,"href":"https:\/\/www.imakeyousmile.se\/es\/wp-json\/wp\/v2\/tags?post=10856"}],"curies":[{"name":"wp","href":"https:\/\/api.w.org\/{rel}","templated":true}]}}