{"id":1101,"date":"2012-01-27T09:00:00","date_gmt":"2012-01-27T08:00:00","guid":{"rendered":"http:\/\/www.imakeyousmile.se\/komplex\/"},"modified":"2012-01-27T09:00:00","modified_gmt":"2012-01-27T08:00:00","slug":"komplex","status":"publish","type":"post","link":"https:\/\/www.imakeyousmile.se\/es\/complejo\/","title":{"rendered":"Complejo"},"content":{"rendered":"<div style=\"clear: both; text-align: left;\">He escrito sobre complejos antes y ahora es el momento de nuevo.<\/div>\n<div style=\"clear: both; text-align: left;\"><\/div>\n<div style=\"clear: both; text-align: left;\">Antes ten\u00eda muy baja autoestima. Sin embargo, fue hace bastante tiempo, as\u00ed que he tenido tiempo para trabajar la mayor parte.<\/div>\n<div style=\"clear: both; text-align: left;\"><\/div>\n<div style=\"clear: both; text-align: left;\">Comenz\u00f3 desde el principio <span style=\"font-size: x-large;\">temprano <\/span>a\u00f1os. Mi primer recuerdo fuerte fue cuando estaba <span style=\"font-size: x-large;\">11 a\u00f1os<\/span>. Iba de camino a casa desde la escuela y un grupo de chicas caminaba detr\u00e1s de m\u00ed gritando que estaba gorda.<em> (que yo tampoco estaba en ese momento<\/em>)<\/div>\n<div style=\"clear: both; text-align: left;\"><\/div>\n<div style=\"clear: both; text-align: left;\">Llegu\u00e9 a casa, llor\u00e9 solo en mi habitaci\u00f3n y luego no quise cenar, <em>11 a\u00f1os ( ! )<\/em> Luego continu\u00f3 con otra pandilla de chicas, y aunque las ignor\u00e9, todav\u00eda tom\u00f3 la psique.<\/div>\n<div style=\"clear: both; text-align: left;\"><\/div>\n<div style=\"clear: both; text-align: left;\"><\/div>\n<div style=\"clear: both; text-align: left;\">Lo que mas hice fue eso <span style=\"font-size: x-large;\">falsa confianza en s\u00ed mismo<\/span>. Podr\u00eda pararme frente al espejo y decir <em>&#8221;<\/em>hoy me veo muy bien! &quot; aunque no me gustaron<em>Sin embargo, hay que tener cuidado para que otros no se lo tomen a mal. El cumplido solo debe tener que ver contigo mismo y no implicar que eres mejor que nadie<\/em>.)<\/div>\n<div style=\"clear: both; text-align: left;\">\u00a0\u00a0<\/div>\n<div style=\"clear: both; text-align: left;\">El dentista me dijo que necesitaba brackets para los m\u00edos <span style=\"font-size: x-large;\">&quot;Colmillos&quot;.<\/span> Me negu\u00e9, lo cual fue mucho por mi inseguridad. Y muchas veces me he arrepentido cuando me sent\u00eda feo en los dientes.<\/div>\n<p>Yo tambien he tenido un gran problema con el mio <span style=\"font-size: x-large;\">nariz<\/span> que tiene una punta &quot;en forma de gota&quot;. Me he sentado durante muchas horas y he intentado empujarlo hacia adentro y planeado una cirug\u00eda en el futuro.<\/p>\n<div style=\"clear: both; text-align: left;\"><\/div>\n<p><\/p>\n<div style=\"clear: both; text-align: left;\">Pero yo <span style=\"font-size: x-large;\">No me importa<\/span> en absoluto sobre esas cosas. Tienes que luchar para llegar a ese punto con tus complejos, pero una vez all\u00ed, \u00a1vale la pena!<\/div>\n<p><\/p>\n<div style=\"clear: both; text-align: center;\"><a href=\"http:\/\/4.bp.blogspot.com\/-LshdpyrtrAE\/TyHZWj9HoII\/AAAAAAAAFrs\/0Yeu8f1eebw\/s1600\/DSCN0483.JPG\" style=\"margin-left: 1em; margin-right: 1em;\"><img decoding=\"async\" border=\"0\" gda=\"true\" height=\"400px\" src=\"http:\/\/4.bp.blogspot.com\/-LshdpyrtrAE\/TyHZWj9HoII\/AAAAAAAAFrs\/0Yeu8f1eebw\/s400\/DSCN0483.JPG\" width=\"366px\" \/><\/a><\/div>\n<div style=\"clear: both; text-align: center;\"><em>Yo y Calle :)<\/em><\/div>\n<div style=\"clear: both; text-align: center;\"><\/div>\n<p><\/p>\n<div style=\"clear: both; text-align: left;\">Antes, solo hab\u00eda visto mi nariz y mis dientes en la imagen de arriba.<\/div>\n<div style=\"text-align: center;\"><span style=\"font-size: x-large;\">\u00a1Lo que veo ahora es una ni\u00f1a muy feliz!<\/span><\/div>","protected":false},"excerpt":{"rendered":"<p>Jag har skrivit om komplex f\u00f6rut och nu \u00e4r det dags igen. Jag hade j\u00e4tted\u00e5ligt sj\u00e4lvf\u00f6rtroende f\u00f6rut. Det var dock ganska l\u00e4nge sen,\u00a0s\u00e5 jag har haft tid att arbeta bort det mesta. Det b\u00f6rjade n\u00e4mligen i v\u00e4ldigt tidig \u00e5lder. Mitt\u00a0f\u00f6rsta starka minne var n\u00e4r jag var 11 \u00e5r. Jag var p\u00e5 v\u00e4g hem fr\u00e5n skolan [&hellip;]<\/p>\n","protected":false},"author":30,"featured_media":0,"comment_status":"open","ping_status":"open","sticky":false,"template":"","format":"standard","meta":{"footnotes":""},"categories":[3],"tags":[],"class_list":["post-1101","post","type-post","status-publish","format-standard","hentry","category-allmant"],"yoast_head":"<!-- This site is optimized with the Yoast SEO Premium plugin v14.9 - https:\/\/yoast.com\/wordpress\/plugins\/seo\/ -->\n<meta name=\"description\" content=\"Komplex | Helena Amiley - H\u00e4r hittar du senaste infromation om sk\u00f6nhet, livsstil, entrepren\u00f6rskap, makeup &amp; tips.\" \/>\n<meta name=\"robots\" content=\"index, follow, max-snippet:-1, max-image-preview:large, max-video-preview:-1\" \/>\n<link rel=\"canonical\" href=\"https:\/\/www.imakeyousmile.se\/es\/komplex\/\" \/>\n<meta property=\"og:locale\" content=\"es_ES\" \/>\n<meta property=\"og:type\" content=\"article\" \/>\n<meta property=\"og:title\" content=\"Komplex | Imakeyousmile.se\" \/>\n<meta property=\"og:description\" content=\"Komplex | Helena Amiley - H\u00e4r hittar du senaste infromation om sk\u00f6nhet, livsstil, entrepren\u00f6rskap, makeup &amp; tips.\" \/>\n<meta property=\"og:url\" content=\"https:\/\/www.imakeyousmile.se\/es\/komplex\/\" \/>\n<meta property=\"og:site_name\" content=\"Imakeyousmile.se\" \/>\n<meta property=\"article:author\" content=\"https:\/\/www.facebook.com\/imakeyousmile.se\" \/>\n<meta property=\"article:published_time\" content=\"2012-01-27T08:00:00+00:00\" \/>\n<meta property=\"og:image\" content=\"http:\/\/4.bp.blogspot.com\/-LshdpyrtrAE\/TyHZWj9HoII\/AAAAAAAAFrs\/0Yeu8f1eebw\/s400\/DSCN0483.JPG\" \/>\n<meta name=\"twitter:card\" content=\"summary_large_image\" \/>\n<script type=\"application\/ld+json\" class=\"yoast-schema-graph\">{\"@context\":\"https:\/\/schema.org\",\"@graph\":[{\"@type\":\"Organization\",\"@id\":\"https:\/\/www.imakeyousmile.se\/es\/#organization\",\"name\":\"Imakeyousmile\",\"url\":\"https:\/\/www.imakeyousmile.se\/es\/\",\"sameAs\":[],\"logo\":{\"@type\":\"ImageObject\",\"@id\":\"https:\/\/www.imakeyousmile.se\/es\/#logo\",\"inLanguage\":\"es\",\"url\":\"https:\/\/www.imakeyousmile.se\/wp-content\/uploads\/2020\/10\/HELENA-AMILEY_SVART-1-e1603367975324.png\",\"width\":280,\"height\":93,\"caption\":\"Imakeyousmile\"},\"image\":{\"@id\":\"https:\/\/www.imakeyousmile.se\/es\/#logo\"}},{\"@type\":\"WebSite\",\"@id\":\"https:\/\/www.imakeyousmile.se\/es\/#website\",\"url\":\"https:\/\/www.imakeyousmile.se\/es\/\",\"name\":\"Imakeyousmile.se\",\"description\":\"Helena Amiley - Beauty, Entrepreneur, Lifestyle\",\"publisher\":{\"@id\":\"https:\/\/www.imakeyousmile.se\/es\/#organization\"},\"potentialAction\":[{\"@type\":\"SearchAction\",\"target\":\"https:\/\/www.imakeyousmile.se\/es\/?s={search_term_string}\",\"query-input\":\"required name=search_term_string\"}],\"inLanguage\":\"es\"},{\"@type\":\"ImageObject\",\"@id\":\"https:\/\/www.imakeyousmile.se\/komplex\/#primaryimage\",\"inLanguage\":\"es\",\"url\":\"http:\/\/4.bp.blogspot.com\/-LshdpyrtrAE\/TyHZWj9HoII\/AAAAAAAAFrs\/0Yeu8f1eebw\/s400\/DSCN0483.JPG\"},{\"@type\":\"WebPage\",\"@id\":\"https:\/\/www.imakeyousmile.se\/komplex\/#webpage\",\"url\":\"https:\/\/www.imakeyousmile.se\/komplex\/\",\"name\":\"Komplex | Imakeyousmile.se\",\"isPartOf\":{\"@id\":\"https:\/\/www.imakeyousmile.se\/es\/#website\"},\"primaryImageOfPage\":{\"@id\":\"https:\/\/www.imakeyousmile.se\/komplex\/#primaryimage\"},\"datePublished\":\"2012-01-27T08:00:00+00:00\",\"dateModified\":\"2012-01-27T08:00:00+00:00\",\"description\":\"Komplex | Helena Amiley - H\\u00e4r hittar du senaste infromation om sk\\u00f6nhet, livsstil, entrepren\\u00f6rskap, makeup & tips.\",\"inLanguage\":\"es\",\"potentialAction\":[{\"@type\":\"ReadAction\",\"target\":[\"https:\/\/www.imakeyousmile.se\/komplex\/\"]}]},{\"@type\":\"Article\",\"@id\":\"https:\/\/www.imakeyousmile.se\/komplex\/#article\",\"isPartOf\":{\"@id\":\"https:\/\/www.imakeyousmile.se\/komplex\/#webpage\"},\"author\":{\"@id\":\"https:\/\/www.imakeyousmile.se\/es\/#\/schema\/person\/b0fd43b1c6bb1c60cfd68bff9b4a10fb\"},\"headline\":\"Komplex\",\"datePublished\":\"2012-01-27T08:00:00+00:00\",\"dateModified\":\"2012-01-27T08:00:00+00:00\",\"mainEntityOfPage\":{\"@id\":\"https:\/\/www.imakeyousmile.se\/komplex\/#webpage\"},\"commentCount\":0,\"publisher\":{\"@id\":\"https:\/\/www.imakeyousmile.se\/es\/#organization\"},\"image\":{\"@id\":\"https:\/\/www.imakeyousmile.se\/komplex\/#primaryimage\"},\"articleSection\":\"\\u00d6vrigt\",\"inLanguage\":\"es\",\"potentialAction\":[{\"@type\":\"CommentAction\",\"name\":\"Comment\",\"target\":[\"https:\/\/www.imakeyousmile.se\/komplex\/#respond\"]}]},{\"@type\":\"Person\",\"@id\":\"https:\/\/www.imakeyousmile.se\/es\/#\/schema\/person\/b0fd43b1c6bb1c60cfd68bff9b4a10fb\",\"name\":\"Helena Amiley\",\"image\":{\"@type\":\"ImageObject\",\"@id\":\"https:\/\/www.imakeyousmile.se\/es\/#personlogo\",\"inLanguage\":\"es\",\"url\":\"https:\/\/secure.gravatar.com\/avatar\/5645558e1e355457a23368d7e1b4c904?s=96&d=mm&r=g\",\"caption\":\"Helena Amiley\"},\"description\":\"Jag skriver mest om sk\\u00f6nhet men bjuder \\u00e4ven p\\u00e5 glimtar fr\\u00e5n entrepren\\u00f6rlivet och bygget av v\\u00e5r egen camper van. Vanlife here we come!\",\"sameAs\":[\"https:\/\/www.facebook.com\/imakeyousmile.se\",\"https:\/\/www.instagram.com\/helenaamiley\",\"https:\/\/www.youtube.com\/channel\/UCR5iB6rvpV6Yr8ZjpQfr5mg?view_as=subscriber\"]}]}<\/script>\n<!-- \/ Yoast SEO Premium plugin. -->","_links":{"self":[{"href":"https:\/\/www.imakeyousmile.se\/es\/wp-json\/wp\/v2\/posts\/1101"}],"collection":[{"href":"https:\/\/www.imakeyousmile.se\/es\/wp-json\/wp\/v2\/posts"}],"about":[{"href":"https:\/\/www.imakeyousmile.se\/es\/wp-json\/wp\/v2\/types\/post"}],"author":[{"embeddable":true,"href":"https:\/\/www.imakeyousmile.se\/es\/wp-json\/wp\/v2\/users\/30"}],"replies":[{"embeddable":true,"href":"https:\/\/www.imakeyousmile.se\/es\/wp-json\/wp\/v2\/comments?post=1101"}],"version-history":[{"count":0,"href":"https:\/\/www.imakeyousmile.se\/es\/wp-json\/wp\/v2\/posts\/1101\/revisions"}],"wp:attachment":[{"href":"https:\/\/www.imakeyousmile.se\/es\/wp-json\/wp\/v2\/media?parent=1101"}],"wp:term":[{"taxonomy":"category","embeddable":true,"href":"https:\/\/www.imakeyousmile.se\/es\/wp-json\/wp\/v2\/categories?post=1101"},{"taxonomy":"post_tag","embeddable":true,"href":"https:\/\/www.imakeyousmile.se\/es\/wp-json\/wp\/v2\/tags?post=1101"}],"curies":[{"name":"wp","href":"https:\/\/api.w.org\/{rel}","templated":true}]}}