{"id":1107,"date":"2012-01-24T15:57:00","date_gmt":"2012-01-24T14:57:00","guid":{"rendered":"http:\/\/www.imakeyousmile.se\/revitalash-efter-7-veckor-mascara\/"},"modified":"2012-01-24T15:57:00","modified_gmt":"2012-01-24T14:57:00","slug":"revitalash-efter-7-veckor-mascara","status":"publish","type":"post","link":"https:\/\/www.imakeyousmile.se\/es\/rimel-revitalash-despues-de-7-semanas\/","title":{"rendered":"Revitalash - Despu\u00e9s de 7 semanas + r\u00edmel"},"content":{"rendered":"<div style=\"clear: both; text-align: left;\">Nunca tom\u00e9 modelos a seguir <span style=\"font-size: x-large;\">con rimel<\/span> antes de empezar a usar Revitalash.<\/div>\n<div style=\"clear: both; text-align: left;\"><\/div>\n<div style=\"clear: both; text-align: left;\">Pero aqu\u00ed hay al menos una imagen que muestra aproximadamente cu\u00e1nto tiempo estuvieron con r\u00edmel: <\/div>\n<div style=\"clear: both; text-align: center;\"><\/div>\n<div style=\"border-bottom: medium none; border-left: medium none; border-right: medium none; border-top: medium none; clear: both; text-align: center;\"><a href=\"http:\/\/3.bp.blogspot.com\/-410aJLxmWoo\/Tx7EidB9jnI\/AAAAAAAAFpY\/vyXG1yrRfyk\/s1600\/kamera+1+134.jpg\" style=\"margin-left: 1em; margin-right: 1em;\"><img decoding=\"async\" border=\"0\" gda=\"true\" height=\"267px\" src=\"http:\/\/3.bp.blogspot.com\/-410aJLxmWoo\/Tx7EidB9jnI\/AAAAAAAAFpY\/vyXG1yrRfyk\/s320\/kamera+1+134.jpg\" width=\"320px\" \/><\/a><\/div>\n<div style=\"clear: both; text-align: center;\"><\/div>\n<div style=\"clear: both; text-align: center;\">He usado la misma marca en la m\u00e1scara de pesta\u00f1as aqu\u00ed que en las im\u00e1genes a continuaci\u00f3n.<\/div>\n<div style=\"clear: both; text-align: center;\"><\/div>\n<div style=\"clear: both; text-align: center;\"><a href=\"http:\/\/3.bp.blogspot.com\/-T09qq8JsXqY\/Tx7F6OGyrvI\/AAAAAAAAFpg\/u1Z_C24NmK0\/s1600\/IMG_8464.JPG\" style=\"margin-left: 1em; margin-right: 1em;\"><img decoding=\"async\" border=\"0\" gda=\"true\" height=\"320px\" src=\"http:\/\/3.bp.blogspot.com\/-T09qq8JsXqY\/Tx7F6OGyrvI\/AAAAAAAAFpg\/u1Z_C24NmK0\/s320\/IMG_8464.JPG\" width=\"316px\" \/><\/a><\/div>\n<p><\/p>\n<div style=\"border-bottom: medium none; border-left: medium none; border-right: medium none; border-top: medium none; clear: both; text-align: center;\"><a href=\"http:\/\/1.bp.blogspot.com\/-8QRErFWfmxo\/Tx7D4jODFuI\/AAAAAAAAFpQ\/JCR7TuuPanM\/s1600\/Kopia+av+IMG_8482.JPG\" style=\"margin-left: 1em; margin-right: 1em;\"><img decoding=\"async\" border=\"0\" gda=\"true\" height=\"131px\" src=\"http:\/\/1.bp.blogspot.com\/-8QRErFWfmxo\/Tx7D4jODFuI\/AAAAAAAAFpQ\/JCR7TuuPanM\/s400\/Kopia+av+IMG_8482.JPG\" width=\"400px\" \/><\/a><\/div>\n<div style=\"border-bottom: medium none; border-left: medium none; border-right: medium none; border-top: medium none; clear: both; text-align: center;\"><\/div>\n<div style=\"border-bottom: medium none; border-left: medium none; border-right: medium none; border-top: medium none; clear: both; text-align: center;\"><a href=\"http:\/\/1.bp.blogspot.com\/-DqxyeQpGwF4\/Tx7D15263YI\/AAAAAAAAFpI\/7n4zhLrJsqo\/s1600\/IMG_8505.JPG\" style=\"margin-left: 1em; margin-right: 1em;\"><img decoding=\"async\" border=\"0\" gda=\"true\" height=\"262px\" src=\"http:\/\/1.bp.blogspot.com\/-DqxyeQpGwF4\/Tx7D15263YI\/AAAAAAAAFpI\/7n4zhLrJsqo\/s320\/IMG_8505.JPG\" width=\"320px\" \/><\/a><\/div>\n<div style=\"border-bottom: medium none; border-left: medium none; border-right: medium none; border-top: medium none; clear: both; text-align: center;\"><em>Cuando miro hacia arriba por completo, las pesta\u00f1as tocan la ceja !!<\/em><\/div>\n<p><\/p>\n<div style=\"text-align: center;\"><span style=\"font-size: x-large;\">Cruel diferencia \u00bfeh?<\/span><span style=\"font-size: large;\">:)<\/span><\/div>","protected":false},"excerpt":{"rendered":"<p>Jag tog aldrig f\u00f6rebilder med mascara innan jag b\u00f6rjade anv\u00e4nda Revitalash. Men h\u00e4r kommer iallafall en bild som visar ungef\u00e4r hur l\u00e5nga dom var med mascara: Har anv\u00e4nt samma m\u00e4rke p\u00e5 mascaran h\u00e4r som p\u00e5 bilderna nedan. N\u00e4r jag tittar upp helt s\u00e5 nuddar fransarna \u00f6gonbrynet!! Grym skillnad va?!:)<\/p>","protected":false},"author":30,"featured_media":0,"comment_status":"open","ping_status":"open","sticky":false,"template":"","format":"standard","meta":{"footnotes":""},"categories":[61,59],"tags":[],"class_list":["post-1107","post","type-post","status-publish","format-standard","hentry","category-ogonfransar","category-recensioner-produkttips"],"yoast_head":"<!-- This site is optimized with the Yoast SEO Premium plugin v14.9 - https:\/\/yoast.com\/wordpress\/plugins\/seo\/ -->\n<meta name=\"description\" content=\"Revitalash - Efter 7 veckor + mascara | Helena Amiley - H\u00e4r hittar du senaste infromation om sk\u00f6nhet, livsstil, entrepren\u00f6rskap, makeup &amp; tips.\" \/>\n<meta name=\"robots\" content=\"index, follow, max-snippet:-1, max-image-preview:large, max-video-preview:-1\" \/>\n<link rel=\"canonical\" href=\"https:\/\/www.imakeyousmile.se\/es\/revitalash-efter-7-veckor-mascara\/\" \/>\n<meta property=\"og:locale\" content=\"es_ES\" \/>\n<meta property=\"og:type\" content=\"article\" \/>\n<meta property=\"og:title\" content=\"Revitalash - Efter 7 veckor + mascara | Imakeyousmile.se\" \/>\n<meta property=\"og:description\" content=\"Revitalash - Efter 7 veckor + mascara | Helena Amiley - H\u00e4r hittar du senaste infromation om sk\u00f6nhet, livsstil, entrepren\u00f6rskap, makeup &amp; tips.\" \/>\n<meta property=\"og:url\" content=\"https:\/\/www.imakeyousmile.se\/es\/revitalash-efter-7-veckor-mascara\/\" \/>\n<meta property=\"og:site_name\" content=\"Imakeyousmile.se\" \/>\n<meta property=\"article:author\" content=\"https:\/\/www.facebook.com\/imakeyousmile.se\" \/>\n<meta property=\"article:published_time\" content=\"2012-01-24T14:57:00+00:00\" \/>\n<meta property=\"og:image\" content=\"http:\/\/3.bp.blogspot.com\/-410aJLxmWoo\/Tx7EidB9jnI\/AAAAAAAAFpY\/vyXG1yrRfyk\/s320\/kamera+1+134.jpg\" \/>\n<meta name=\"twitter:card\" content=\"summary_large_image\" \/>\n<script type=\"application\/ld+json\" class=\"yoast-schema-graph\">{\"@context\":\"https:\/\/schema.org\",\"@graph\":[{\"@type\":\"Organization\",\"@id\":\"https:\/\/www.imakeyousmile.se\/es\/#organization\",\"name\":\"Imakeyousmile\",\"url\":\"https:\/\/www.imakeyousmile.se\/es\/\",\"sameAs\":[],\"logo\":{\"@type\":\"ImageObject\",\"@id\":\"https:\/\/www.imakeyousmile.se\/es\/#logo\",\"inLanguage\":\"es\",\"url\":\"https:\/\/www.imakeyousmile.se\/wp-content\/uploads\/2020\/10\/HELENA-AMILEY_SVART-1-e1603367975324.png\",\"width\":280,\"height\":93,\"caption\":\"Imakeyousmile\"},\"image\":{\"@id\":\"https:\/\/www.imakeyousmile.se\/es\/#logo\"}},{\"@type\":\"WebSite\",\"@id\":\"https:\/\/www.imakeyousmile.se\/es\/#website\",\"url\":\"https:\/\/www.imakeyousmile.se\/es\/\",\"name\":\"Imakeyousmile.se\",\"description\":\"Helena Amiley - Beauty, Entrepreneur, Lifestyle\",\"publisher\":{\"@id\":\"https:\/\/www.imakeyousmile.se\/es\/#organization\"},\"potentialAction\":[{\"@type\":\"SearchAction\",\"target\":\"https:\/\/www.imakeyousmile.se\/es\/?s={search_term_string}\",\"query-input\":\"required name=search_term_string\"}],\"inLanguage\":\"es\"},{\"@type\":\"ImageObject\",\"@id\":\"https:\/\/www.imakeyousmile.se\/revitalash-efter-7-veckor-mascara\/#primaryimage\",\"inLanguage\":\"es\",\"url\":\"http:\/\/3.bp.blogspot.com\/-410aJLxmWoo\/Tx7EidB9jnI\/AAAAAAAAFpY\/vyXG1yrRfyk\/s320\/kamera+1+134.jpg\"},{\"@type\":\"WebPage\",\"@id\":\"https:\/\/www.imakeyousmile.se\/revitalash-efter-7-veckor-mascara\/#webpage\",\"url\":\"https:\/\/www.imakeyousmile.se\/revitalash-efter-7-veckor-mascara\/\",\"name\":\"Revitalash - Efter 7 veckor + mascara | Imakeyousmile.se\",\"isPartOf\":{\"@id\":\"https:\/\/www.imakeyousmile.se\/es\/#website\"},\"primaryImageOfPage\":{\"@id\":\"https:\/\/www.imakeyousmile.se\/revitalash-efter-7-veckor-mascara\/#primaryimage\"},\"datePublished\":\"2012-01-24T14:57:00+00:00\",\"dateModified\":\"2012-01-24T14:57:00+00:00\",\"description\":\"Revitalash - Efter 7 veckor + mascara | Helena Amiley - H\\u00e4r hittar du senaste infromation om sk\\u00f6nhet, livsstil, entrepren\\u00f6rskap, makeup & tips.\",\"inLanguage\":\"es\",\"potentialAction\":[{\"@type\":\"ReadAction\",\"target\":[\"https:\/\/www.imakeyousmile.se\/revitalash-efter-7-veckor-mascara\/\"]}]},{\"@type\":\"Article\",\"@id\":\"https:\/\/www.imakeyousmile.se\/revitalash-efter-7-veckor-mascara\/#article\",\"isPartOf\":{\"@id\":\"https:\/\/www.imakeyousmile.se\/revitalash-efter-7-veckor-mascara\/#webpage\"},\"author\":{\"@id\":\"https:\/\/www.imakeyousmile.se\/es\/#\/schema\/person\/b0fd43b1c6bb1c60cfd68bff9b4a10fb\"},\"headline\":\"Revitalash &#8211; Efter 7 veckor + mascara\",\"datePublished\":\"2012-01-24T14:57:00+00:00\",\"dateModified\":\"2012-01-24T14:57:00+00:00\",\"mainEntityOfPage\":{\"@id\":\"https:\/\/www.imakeyousmile.se\/revitalash-efter-7-veckor-mascara\/#webpage\"},\"commentCount\":0,\"publisher\":{\"@id\":\"https:\/\/www.imakeyousmile.se\/es\/#organization\"},\"image\":{\"@id\":\"https:\/\/www.imakeyousmile.se\/revitalash-efter-7-veckor-mascara\/#primaryimage\"},\"articleSection\":\"\\u00d6gonfransar,Recensioner &amp; Produkttips\",\"inLanguage\":\"es\",\"potentialAction\":[{\"@type\":\"CommentAction\",\"name\":\"Comment\",\"target\":[\"https:\/\/www.imakeyousmile.se\/revitalash-efter-7-veckor-mascara\/#respond\"]}]},{\"@type\":\"Person\",\"@id\":\"https:\/\/www.imakeyousmile.se\/es\/#\/schema\/person\/b0fd43b1c6bb1c60cfd68bff9b4a10fb\",\"name\":\"Helena Amiley\",\"image\":{\"@type\":\"ImageObject\",\"@id\":\"https:\/\/www.imakeyousmile.se\/es\/#personlogo\",\"inLanguage\":\"es\",\"url\":\"https:\/\/secure.gravatar.com\/avatar\/5645558e1e355457a23368d7e1b4c904?s=96&d=mm&r=g\",\"caption\":\"Helena Amiley\"},\"description\":\"Jag skriver mest om sk\\u00f6nhet men bjuder \\u00e4ven p\\u00e5 glimtar fr\\u00e5n entrepren\\u00f6rlivet och bygget av v\\u00e5r egen camper van. Vanlife here we come!\",\"sameAs\":[\"https:\/\/www.facebook.com\/imakeyousmile.se\",\"https:\/\/www.instagram.com\/helenaamiley\",\"https:\/\/www.youtube.com\/channel\/UCR5iB6rvpV6Yr8ZjpQfr5mg?view_as=subscriber\"]}]}<\/script>\n<!-- \/ Yoast SEO Premium plugin. -->","_links":{"self":[{"href":"https:\/\/www.imakeyousmile.se\/es\/wp-json\/wp\/v2\/posts\/1107"}],"collection":[{"href":"https:\/\/www.imakeyousmile.se\/es\/wp-json\/wp\/v2\/posts"}],"about":[{"href":"https:\/\/www.imakeyousmile.se\/es\/wp-json\/wp\/v2\/types\/post"}],"author":[{"embeddable":true,"href":"https:\/\/www.imakeyousmile.se\/es\/wp-json\/wp\/v2\/users\/30"}],"replies":[{"embeddable":true,"href":"https:\/\/www.imakeyousmile.se\/es\/wp-json\/wp\/v2\/comments?post=1107"}],"version-history":[{"count":0,"href":"https:\/\/www.imakeyousmile.se\/es\/wp-json\/wp\/v2\/posts\/1107\/revisions"}],"wp:attachment":[{"href":"https:\/\/www.imakeyousmile.se\/es\/wp-json\/wp\/v2\/media?parent=1107"}],"wp:term":[{"taxonomy":"category","embeddable":true,"href":"https:\/\/www.imakeyousmile.se\/es\/wp-json\/wp\/v2\/categories?post=1107"},{"taxonomy":"post_tag","embeddable":true,"href":"https:\/\/www.imakeyousmile.se\/es\/wp-json\/wp\/v2\/tags?post=1107"}],"curies":[{"name":"wp","href":"https:\/\/api.w.org\/{rel}","templated":true}]}}