{"id":1116,"date":"2012-01-19T12:37:00","date_gmt":"2012-01-19T11:37:00","guid":{"rendered":"http:\/\/www.imakeyousmile.se\/fargglad-eyeliner\/"},"modified":"2012-01-19T12:37:00","modified_gmt":"2012-01-19T11:37:00","slug":"fargglad-eyeliner","status":"publish","type":"post","link":"https:\/\/www.imakeyousmile.se\/es\/delineador-de-ojos-colorido\/","title":{"rendered":"Delineador de ojos colorido"},"content":{"rendered":"<div style=\"clear: both; text-align: left;\">No s\u00e9 exactamente por qu\u00e9, pero me he vuelto tan enorme <span style=\"font-size: x-large;\">sentimientos de primavera <\/span>los \u00faltimos d\u00edas. Un poco extra\u00f1o porque tengo un resfriado y todav\u00eda sueno como un arbusto de arroz. Y probablemente no haya sido un clima excesivamente agradable, ni tampoco demasiado caluroso.<\/div>\n<div style=\"clear: both; text-align: left;\"><\/div>\n<div style=\"clear: both; text-align: left;\">Tal vez sea porque est\u00e1 empezando a suceder <span style=\"font-size: x-large;\">mas brillante<\/span> \u00bfafuera? :)<\/div>\n<div style=\"clear: both; text-align: left;\"><\/div>\n<div style=\"clear: both; text-align: left;\">Bueno, sea lo que sea, \u00a1solo me dan ganas de hacer un mont\u00f3n de maquillaje colorido!<\/div>\n<div style=\"clear: both; text-align: left;\">Aqu\u00ed viene hoy:<\/div>\n<div style=\"clear: both; text-align: center;\"><\/div>\n<div style=\"clear: both; text-align: center;\"><\/div>\n<div style=\"clear: both; text-align: center;\"><a href=\"http:\/\/2.bp.blogspot.com\/-cgFlWSdDBIw\/Txf8-wBjUvI\/AAAAAAAAFmE\/czMmfuj8TP0\/s1600\/IMG_8374.JPG\" style=\"margin-left: 1em; margin-right: 1em;\"><img decoding=\"async\" border=\"0\" height=\"145px\" nfa=\"true\" src=\"http:\/\/2.bp.blogspot.com\/-cgFlWSdDBIw\/Txf8-wBjUvI\/AAAAAAAAFmE\/czMmfuj8TP0\/s400\/IMG_8374.JPG\" width=\"400px\" \/><\/a><\/div>\n<div style=\"clear: both; text-align: center;\"><\/div>\n<div style=\"clear: both; text-align: center;\"><em>\u00a1Un maquillaje bastante natural a pesar de que es tan colorido!<\/em><\/div>\n<div style=\"clear: both; text-align: center;\"><\/div>\n<div style=\"clear: both; text-align: center;\">Incluso puedes aplicar color en la l\u00ednea inferior de las pesta\u00f1as, como las mismas sombras pero sin agua para que no se vuelvan como delineador de ojos. Hab\u00eda sido genial :)<\/div>\n<p><\/p>\n<div style=\"clear: both; text-align: center;\"><a href=\"http:\/\/3.bp.blogspot.com\/-rwDNm2wyy8w\/Txf9AHWzJTI\/AAAAAAAAFmM\/GZoHvuOVp5c\/s1600\/IMG_8369.JPG\" style=\"margin-left: 1em; margin-right: 1em;\"><img decoding=\"async\" border=\"0\" height=\"308px\" nfa=\"true\" src=\"http:\/\/3.bp.blogspot.com\/-rwDNm2wyy8w\/Txf9AHWzJTI\/AAAAAAAAFmM\/GZoHvuOVp5c\/s320\/IMG_8369.JPG\" width=\"320px\" \/><\/a><\/div>\n<div style=\"clear: both; text-align: center;\"><em>El delineador de ojos est\u00e1 hecho solo con agua + sombras Eyedust de Kryolan (las sombras favoritas de Annika)<\/em><\/div>\n<div style=\"clear: both; text-align: center;\"><\/div>\n<div style=\"clear: both; text-align: center;\"><span style=\"color: #ffe599; font-size: large;\"><strong>Amarillo claro <\/strong><\/span>delineador de ojos en la parte inferior de la l\u00ednea de las pesta\u00f1as.<\/div>\n<div style=\"clear: both; text-align: center;\"><span style=\"color: #e06666; font-size: large;\"><strong><span style=\"color: #ea9999;\">Rosado<\/span> <\/strong><\/span>delineador de ojos en el medio de la l\u00ednea de las pesta\u00f1as.<\/div>\n<div style=\"clear: both; text-align: center;\"><span style=\"color: #6fa8dc; font-size: large;\"><strong>Azul <\/strong><\/span>delineador de ojos al final de la l\u00ednea de las pesta\u00f1as + ala.<\/div>\n<div style=\"clear: both; text-align: center;\"><\/div>\n<div style=\"clear: both; text-align: center;\"><span style=\"color: #f9cb9c; font-size: large;\"><strong>Blanco crema<\/strong><\/span> sombra de ojos en el p\u00e1rpado, <em>Glo Minerals, pl\u00e1tano.<\/em><\/div>\n<div style=\"clear: both; text-align: center;\"><span style=\"color: #e69138; font-size: large;\"><strong>Marr\u00f3n claro <\/strong><\/span>sombra de ojos a lo largo de la l\u00ednea del globo, <em>180 palets.<\/em><\/div>\n<div style=\"clear: both; text-align: center;\"><\/div>\n<div style=\"clear: both; text-align: center;\"><span style=\"color: #999999; font-size: large;\">Delineador de ojos blanco<\/span> en la l\u00ednea interior de las pesta\u00f1as, un poco en la esquina del ojo, <em>H&amp;M.<\/em><\/div>\n<div style=\"clear: both; text-align: center;\"><strong><span style=\"font-size: large;\">Delineador de ojos negro<\/span><\/strong> en la parte inferior de la l\u00ednea de las pesta\u00f1as inferiores, <em>Glo Minerales.<\/em><\/div>\n<div style=\"clear: both; text-align: center;\"><\/div>\n<div style=\"clear: both; text-align: center;\"><strong><span style=\"font-size: large;\">R\u00edmel negro<\/span><\/strong> en las pesta\u00f1as superiores, <em>Pesta\u00f1as volum\u00e9tricas Fiberwig.<\/em><\/div>\n<div style=\"clear: both; text-align: center;\"><span style=\"color: #0b5394; font-size: large;\"><strong>R\u00edmel azul<\/strong><\/span> en las pesta\u00f1as inferiores, <em>Maxfactor False Lash Effect.<\/em><\/div>\n<p><\/p>\n<div style=\"clear: both; text-align: center;\"><\/div>\n<p><\/p>\n<div style=\"text-align: center;\"><span style=\"font-size: x-large;\">\u00a1Des\u00e9ame suerte en el examen de matem\u00e1ticas ahora!<\/span><\/div>","protected":false},"excerpt":{"rendered":"<p>Jag vet inte exakt varf\u00f6r, men har f\u00e5tt s\u00e5nna enorma v\u00e5rk\u00e4nslor de senaste dagarna. Lite konstigt d\u00e5 jag \u00e4r f\u00f6rkyld och fortfarande l\u00e5ter som en risbuske. Och det har v\u00e4l inte varit \u00f6verdrivet fint v\u00e4der, eller varmt heller. Det kanske\u00a0\u00e4r f\u00f6r att det b\u00f6rjar\u00a0bli ljusare ute? :) N\u00e5v\u00e4l, vad det \u00e4n \u00e4r s\u00e5 f\u00e5r det [&hellip;]<\/p>\n","protected":false},"author":30,"featured_media":0,"comment_status":"open","ping_status":"open","sticky":false,"template":"","format":"standard","meta":{"footnotes":""},"categories":[3],"tags":[],"class_list":["post-1116","post","type-post","status-publish","format-standard","hentry","category-allmant"],"yoast_head":"<!-- This site is optimized with the Yoast SEO Premium plugin v14.9 - https:\/\/yoast.com\/wordpress\/plugins\/seo\/ -->\n<meta name=\"description\" content=\"F\u00e4rgglad Eyeliner | Helena Amiley - H\u00e4r hittar du senaste infromation om sk\u00f6nhet, livsstil, entrepren\u00f6rskap, makeup &amp; tips.\" \/>\n<meta name=\"robots\" content=\"index, follow, max-snippet:-1, max-image-preview:large, max-video-preview:-1\" \/>\n<link rel=\"canonical\" href=\"https:\/\/www.imakeyousmile.se\/es\/fargglad-eyeliner\/\" \/>\n<meta property=\"og:locale\" content=\"es_ES\" \/>\n<meta property=\"og:type\" content=\"article\" \/>\n<meta property=\"og:title\" content=\"F\u00e4rgglad Eyeliner | Imakeyousmile.se\" \/>\n<meta property=\"og:description\" content=\"F\u00e4rgglad Eyeliner | Helena Amiley - H\u00e4r hittar du senaste infromation om sk\u00f6nhet, livsstil, entrepren\u00f6rskap, makeup &amp; tips.\" \/>\n<meta property=\"og:url\" content=\"https:\/\/www.imakeyousmile.se\/es\/fargglad-eyeliner\/\" \/>\n<meta property=\"og:site_name\" content=\"Imakeyousmile.se\" \/>\n<meta property=\"article:author\" content=\"https:\/\/www.facebook.com\/imakeyousmile.se\" \/>\n<meta property=\"article:published_time\" content=\"2012-01-19T11:37:00+00:00\" \/>\n<meta property=\"og:image\" content=\"http:\/\/2.bp.blogspot.com\/-cgFlWSdDBIw\/Txf8-wBjUvI\/AAAAAAAAFmE\/czMmfuj8TP0\/s400\/IMG_8374.JPG\" \/>\n<meta name=\"twitter:card\" content=\"summary_large_image\" \/>\n<script type=\"application\/ld+json\" class=\"yoast-schema-graph\">{\"@context\":\"https:\/\/schema.org\",\"@graph\":[{\"@type\":\"Organization\",\"@id\":\"https:\/\/www.imakeyousmile.se\/es\/#organization\",\"name\":\"Imakeyousmile\",\"url\":\"https:\/\/www.imakeyousmile.se\/es\/\",\"sameAs\":[],\"logo\":{\"@type\":\"ImageObject\",\"@id\":\"https:\/\/www.imakeyousmile.se\/es\/#logo\",\"inLanguage\":\"es\",\"url\":\"https:\/\/www.imakeyousmile.se\/wp-content\/uploads\/2020\/10\/HELENA-AMILEY_SVART-1-e1603367975324.png\",\"width\":280,\"height\":93,\"caption\":\"Imakeyousmile\"},\"image\":{\"@id\":\"https:\/\/www.imakeyousmile.se\/es\/#logo\"}},{\"@type\":\"WebSite\",\"@id\":\"https:\/\/www.imakeyousmile.se\/es\/#website\",\"url\":\"https:\/\/www.imakeyousmile.se\/es\/\",\"name\":\"Imakeyousmile.se\",\"description\":\"Helena Amiley - Beauty, Entrepreneur, Lifestyle\",\"publisher\":{\"@id\":\"https:\/\/www.imakeyousmile.se\/es\/#organization\"},\"potentialAction\":[{\"@type\":\"SearchAction\",\"target\":\"https:\/\/www.imakeyousmile.se\/es\/?s={search_term_string}\",\"query-input\":\"required name=search_term_string\"}],\"inLanguage\":\"es\"},{\"@type\":\"ImageObject\",\"@id\":\"https:\/\/www.imakeyousmile.se\/fargglad-eyeliner\/#primaryimage\",\"inLanguage\":\"es\",\"url\":\"http:\/\/2.bp.blogspot.com\/-cgFlWSdDBIw\/Txf8-wBjUvI\/AAAAAAAAFmE\/czMmfuj8TP0\/s400\/IMG_8374.JPG\"},{\"@type\":\"WebPage\",\"@id\":\"https:\/\/www.imakeyousmile.se\/fargglad-eyeliner\/#webpage\",\"url\":\"https:\/\/www.imakeyousmile.se\/fargglad-eyeliner\/\",\"name\":\"F\\u00e4rgglad Eyeliner | Imakeyousmile.se\",\"isPartOf\":{\"@id\":\"https:\/\/www.imakeyousmile.se\/es\/#website\"},\"primaryImageOfPage\":{\"@id\":\"https:\/\/www.imakeyousmile.se\/fargglad-eyeliner\/#primaryimage\"},\"datePublished\":\"2012-01-19T11:37:00+00:00\",\"dateModified\":\"2012-01-19T11:37:00+00:00\",\"description\":\"F\\u00e4rgglad Eyeliner | Helena Amiley - H\\u00e4r hittar du senaste infromation om sk\\u00f6nhet, livsstil, entrepren\\u00f6rskap, makeup & tips.\",\"inLanguage\":\"es\",\"potentialAction\":[{\"@type\":\"ReadAction\",\"target\":[\"https:\/\/www.imakeyousmile.se\/fargglad-eyeliner\/\"]}]},{\"@type\":\"Article\",\"@id\":\"https:\/\/www.imakeyousmile.se\/fargglad-eyeliner\/#article\",\"isPartOf\":{\"@id\":\"https:\/\/www.imakeyousmile.se\/fargglad-eyeliner\/#webpage\"},\"author\":{\"@id\":\"https:\/\/www.imakeyousmile.se\/es\/#\/schema\/person\/b0fd43b1c6bb1c60cfd68bff9b4a10fb\"},\"headline\":\"F\\u00e4rgglad Eyeliner\",\"datePublished\":\"2012-01-19T11:37:00+00:00\",\"dateModified\":\"2012-01-19T11:37:00+00:00\",\"mainEntityOfPage\":{\"@id\":\"https:\/\/www.imakeyousmile.se\/fargglad-eyeliner\/#webpage\"},\"commentCount\":0,\"publisher\":{\"@id\":\"https:\/\/www.imakeyousmile.se\/es\/#organization\"},\"image\":{\"@id\":\"https:\/\/www.imakeyousmile.se\/fargglad-eyeliner\/#primaryimage\"},\"articleSection\":\"\\u00d6vrigt\",\"inLanguage\":\"es\",\"potentialAction\":[{\"@type\":\"CommentAction\",\"name\":\"Comment\",\"target\":[\"https:\/\/www.imakeyousmile.se\/fargglad-eyeliner\/#respond\"]}]},{\"@type\":\"Person\",\"@id\":\"https:\/\/www.imakeyousmile.se\/es\/#\/schema\/person\/b0fd43b1c6bb1c60cfd68bff9b4a10fb\",\"name\":\"Helena Amiley\",\"image\":{\"@type\":\"ImageObject\",\"@id\":\"https:\/\/www.imakeyousmile.se\/es\/#personlogo\",\"inLanguage\":\"es\",\"url\":\"https:\/\/secure.gravatar.com\/avatar\/5645558e1e355457a23368d7e1b4c904?s=96&d=mm&r=g\",\"caption\":\"Helena Amiley\"},\"description\":\"Jag skriver mest om sk\\u00f6nhet men bjuder \\u00e4ven p\\u00e5 glimtar fr\\u00e5n entrepren\\u00f6rlivet och bygget av v\\u00e5r egen camper van. Vanlife here we come!\",\"sameAs\":[\"https:\/\/www.facebook.com\/imakeyousmile.se\",\"https:\/\/www.instagram.com\/helenaamiley\",\"https:\/\/www.youtube.com\/channel\/UCR5iB6rvpV6Yr8ZjpQfr5mg?view_as=subscriber\"]}]}<\/script>\n<!-- \/ Yoast SEO Premium plugin. -->","_links":{"self":[{"href":"https:\/\/www.imakeyousmile.se\/es\/wp-json\/wp\/v2\/posts\/1116"}],"collection":[{"href":"https:\/\/www.imakeyousmile.se\/es\/wp-json\/wp\/v2\/posts"}],"about":[{"href":"https:\/\/www.imakeyousmile.se\/es\/wp-json\/wp\/v2\/types\/post"}],"author":[{"embeddable":true,"href":"https:\/\/www.imakeyousmile.se\/es\/wp-json\/wp\/v2\/users\/30"}],"replies":[{"embeddable":true,"href":"https:\/\/www.imakeyousmile.se\/es\/wp-json\/wp\/v2\/comments?post=1116"}],"version-history":[{"count":0,"href":"https:\/\/www.imakeyousmile.se\/es\/wp-json\/wp\/v2\/posts\/1116\/revisions"}],"wp:attachment":[{"href":"https:\/\/www.imakeyousmile.se\/es\/wp-json\/wp\/v2\/media?parent=1116"}],"wp:term":[{"taxonomy":"category","embeddable":true,"href":"https:\/\/www.imakeyousmile.se\/es\/wp-json\/wp\/v2\/categories?post=1116"},{"taxonomy":"post_tag","embeddable":true,"href":"https:\/\/www.imakeyousmile.se\/es\/wp-json\/wp\/v2\/tags?post=1116"}],"curies":[{"name":"wp","href":"https:\/\/api.w.org\/{rel}","templated":true}]}}