{"id":1125,"date":"2012-01-14T21:40:00","date_gmt":"2012-01-14T20:40:00","guid":{"rendered":"http:\/\/www.imakeyousmile.se\/brynplockning-naturlig-sminkning\/"},"modified":"2014-08-16T09:12:45","modified_gmt":"2014-08-16T07:12:45","slug":"brynplockning-naturlig-sminkning","status":"publish","type":"post","link":"https:\/\/www.imakeyousmile.se\/es\/maquillaje-natural-depilacion-de-cejas\/","title":{"rendered":"Recogida de cejas + Maquillaje natural"},"content":{"rendered":"<div style=\"clear: both; text-align: left;\">Hice un &quot;cambio de imagen&quot; en Julia a principios de esta semana, con depilaci\u00f3n de cejas y maquillaje :)<\/div>\n<div style=\"clear: both; text-align: left;\"><\/div>\n<div style=\"clear: both; text-align: left;\"><\/div>\n<div style=\"clear: both; text-align: left;\">Ella est\u00e1 comenzando a convertirse en una verdadera <span style=\"font-size: x-large;\">cliente regular<\/span> conmigo cuando se trata de cejas, lo cual creo que es s\u00faper divertido porque s\u00e9 que ella le tiene mucho miedo, as\u00ed que me siento honrada.<\/div>\n<div style=\"clear: both; text-align: left;\"><\/div>\n<div style=\"clear: both; text-align: left;\"><\/div>\n<div style=\"clear: both; text-align: left;\">Pero tambi\u00e9n porque es uno <span style=\"font-size: x-large;\">desaf\u00edo <\/span>como sus cejas desde el suelo hacia arriba son muy diferentes + las pajitas crecen tanto como quieren.<\/div>\n<div style=\"clear: both; text-align: left;\"><\/div>\n<div style=\"clear: both; text-align: left;\"><\/div>\n<p>Adem\u00e1s, piensa que es muy doloroso pellizcarse las cejas, por lo que hay que sacarlas de a poco. \u00a1Pero ahora creo que est\u00e1 empezando a acercarse a un resultado final realmente bueno!<\/p>\n<div style=\"clear: both; text-align: center;\"><\/div>\n<div style=\"clear: both; text-align: center;\"><\/div>\n<div style=\"clear: both; text-align: center;\"><a style=\"margin-left: 1em; margin-right: 1em;\" href=\"http:\/\/3.bp.blogspot.com\/-dpwFe3vu4tI\/TxHiJzYnjhI\/AAAAAAAAFgs\/-DzWwN59xNY\/s1600\/IMG_8014.JPG\"><img decoding=\"async\" src=\"http:\/\/3.bp.blogspot.com\/-dpwFe3vu4tI\/TxHiJzYnjhI\/AAAAAAAAFgs\/-DzWwN59xNY\/s400\/IMG_8014.JPG\" alt=\"\" width=\"400px\" height=\"138px\" border=\"0\" \/><\/a><\/div>\n<div style=\"clear: both; text-align: center;\"><\/div>\n<div style=\"clear: both; text-align: center;\"><em>Antes de depilarse las cejas.<\/em><\/div>\n<div style=\"clear: both; text-align: center;\"><\/div>\n<div style=\"clear: both; text-align: center;\">Como dije, le he depilado las cejas antes, pero han crecido mucho desde la \u00faltima vez.<\/div>\n<div style=\"clear: both; text-align: center;\">\u00a1Pero sigue siendo una mejora con respecto a antes de que eligiera!<\/div>\n<div style=\"clear: both; text-align: center;\"><a style=\"margin-left: 1em; margin-right: 1em;\" href=\"http:\/\/4.bp.blogspot.com\/-tbcgseLMYvg\/TxHiMoE_BHI\/AAAAAAAAFg0\/nldYys9ugeY\/s1600\/IMG_8027.JPG\"><img decoding=\"async\" src=\"http:\/\/4.bp.blogspot.com\/-tbcgseLMYvg\/TxHiMoE_BHI\/AAAAAAAAFg0\/nldYys9ugeY\/s400\/IMG_8027.JPG\" alt=\"\" width=\"400px\" height=\"131px\" border=\"0\" \/><\/a><\/div>\n<div style=\"clear: both; text-align: center;\"><\/div>\n<div style=\"clear: both; text-align: center;\"><em>Despu\u00e9s del depilado de cejas + relleno con sombra de cejas de Glo Minerals.<\/em><\/div>\n<div style=\"clear: both; text-align: center;\"><a style=\"margin-left: 1em; margin-right: 1em;\" href=\"http:\/\/4.bp.blogspot.com\/-O-V5myaT7wc\/TxHiQDxhTsI\/AAAAAAAAFg8\/yH9QHHh5acM\/s1600\/IMG_8037.JPG\"><img decoding=\"async\" src=\"http:\/\/4.bp.blogspot.com\/-O-V5myaT7wc\/TxHiQDxhTsI\/AAAAAAAAFg8\/yH9QHHh5acM\/s320\/IMG_8037.JPG\" alt=\"\" width=\"320px\" height=\"282px\" border=\"0\" \/><\/a><\/div>\n<div style=\"clear: both; text-align: center;\"><em>(Todas las sombras de ojos son de Glo Minerals)<\/em><\/div>\n<div style=\"clear: both; text-align: center;\"><\/div>\n<div style=\"clear: both; text-align: center;\"><span style=\"color: #ffd966; font-size: large;\"><strong><span style=\"color: #f9cb9c;\">Blanco crema<\/span> <\/strong><\/span>sombra de ojos en el interior del p\u00e1rpado y en la l\u00ednea de las pesta\u00f1as inferiores, <em>Pl\u00e1tano.<\/em><\/div>\n<div style=\"clear: both; text-align: center;\"><span style=\"color: #e69138; font-size: large;\"><strong>marr\u00f3n dorado<\/strong><\/span> sombra de ojos en el medio del p\u00e1rpado y en la l\u00ednea de las pesta\u00f1as inferiores, <em>CopperSheen (paleta de madera<\/em>)<\/div>\n<div style=\"clear: both; text-align: center;\"><strong><span style=\"font-size: large;\"><span style=\"color: #b45f06;\">marr\u00f3n<\/span> <\/span><\/strong>sombra de ojos al final de la l\u00ednea de las pesta\u00f1as inferiores y a lo largo de la l\u00ednea del globo, <em>CopperSheen (paleta de madera<\/em>)<\/div>\n<div style=\"clear: both; text-align: center;\"><\/div>\n<div style=\"clear: both; text-align: center;\"><strong><span style=\"font-size: large;\">Interior negro<\/span><\/strong> (<em>entre las pesta\u00f1as<\/em>) con sombra de ojos, <em>180 palets<\/em>.<\/div>\n<div style=\"clear: both; text-align: center;\"><strong><span style=\"font-size: large;\">R\u00edmel negro<\/span><\/strong> en todas las pesta\u00f1as,<em> djv beautenizer Fiberwig LX<\/em>.<\/div>\n<div style=\"clear: both; text-align: center;\"><a style=\"margin-left: 1em; margin-right: 1em;\" href=\"http:\/\/4.bp.blogspot.com\/-k4gbaEG-7-Q\/TxHiR5N1w_I\/AAAAAAAAFhE\/82VkDod_NRo\/s1600\/IMG_8031.JPG\"><img decoding=\"async\" src=\"http:\/\/4.bp.blogspot.com\/-k4gbaEG-7-Q\/TxHiR5N1w_I\/AAAAAAAAFhE\/82VkDod_NRo\/s640\/IMG_8031.JPG\" alt=\"\" width=\"410px\" height=\"640px\" border=\"0\" \/><\/a><\/div>\n<div style=\"clear: both; text-align: center;\"><strong>Colorete debajo de los p\u00f3mulos<\/strong> &#8211; <em>Gl\u00f3Rubor Atardecer<\/em>.<\/div>\n<div style=\"clear: both; text-align: center;\"><strong>Colorete en los p\u00f3mulos<\/strong> &#8211; <em>Gl\u00f3Rubor Dulce<\/em>.<\/div>\n<div style=\"clear: both; text-align: center;\"><strong>Brillo de labios <\/strong>&#8211;\u00a0<em>Gl\u00f3Gloss Amado<\/em>.<\/div>\n<p>Julia no suele maquillarse mucho de lo contrario, as\u00ed que esta es bonita. <span style=\"font-size: x-large;\">arreglado<\/span> B\u00fascala. El delineador de ojos en la l\u00ednea superior de las pesta\u00f1as y el r\u00edmel es est\u00e1ndar, pero nunca usa base, rubor, sombras de ojos o similares.<\/p>\n<p>As\u00ed que eleg\u00ed un maquillaje natural como m\u00e1ximo solo<span style=\"font-size: x-large;\"> Destacar<\/span> las bonitas caracter\u00edsticas que ya tiene, \u00a1y estaba muy feliz!<\/p>\n<div style=\"text-align: center;\"><span style=\"font-size: x-large;\">\u00a1Un poco puede hacer mucho!<\/span><\/div>","protected":false},"excerpt":{"rendered":"<p>Gjorde en &#8221;makeover&#8221; p\u00e5 Julia tidigare i veckan, med brynplockning och sminkning :) Hon b\u00f6rjar bli en riktig stamkund hos mig n\u00e4r det g\u00e4ller brynen, vilket jag tycker \u00e4r superkul f\u00f6r jag vet att hon \u00e4r ganska r\u00e4dd om dom, s\u00e5 jag k\u00e4nner mig hedrad. Men ocks\u00e5 f\u00f6r att det \u00e4r en utmaning d\u00e5 hennes [&hellip;]<\/p>\n","protected":false},"author":30,"featured_media":0,"comment_status":"open","ping_status":"open","sticky":false,"template":"","format":"standard","meta":{"footnotes":""},"categories":[12],"tags":[],"class_list":["post-1125","post","type-post","status-publish","format-standard","hentry","category-ogonbryn"],"yoast_head":"<!-- This site is optimized with the Yoast SEO Premium plugin v14.9 - https:\/\/yoast.com\/wordpress\/plugins\/seo\/ -->\n<meta name=\"description\" content=\"Brynplockning + Naturlig sminkning | Helena Amiley - H\u00e4r hittar du senaste infromation om sk\u00f6nhet, livsstil, entrepren\u00f6rskap, makeup &amp; tips.\" \/>\n<meta name=\"robots\" content=\"index, follow, max-snippet:-1, max-image-preview:large, max-video-preview:-1\" \/>\n<link rel=\"canonical\" href=\"https:\/\/www.imakeyousmile.se\/es\/brynplockning-naturlig-sminkning\/\" \/>\n<meta property=\"og:locale\" content=\"es_ES\" \/>\n<meta property=\"og:type\" content=\"article\" \/>\n<meta property=\"og:title\" content=\"Brynplockning + Naturlig sminkning | Imakeyousmile.se\" \/>\n<meta property=\"og:description\" content=\"Brynplockning + Naturlig sminkning | Helena Amiley - H\u00e4r hittar du senaste infromation om sk\u00f6nhet, livsstil, entrepren\u00f6rskap, makeup &amp; tips.\" \/>\n<meta property=\"og:url\" content=\"https:\/\/www.imakeyousmile.se\/es\/brynplockning-naturlig-sminkning\/\" \/>\n<meta property=\"og:site_name\" content=\"Imakeyousmile.se\" \/>\n<meta property=\"article:author\" content=\"https:\/\/www.facebook.com\/imakeyousmile.se\" \/>\n<meta property=\"article:published_time\" content=\"2012-01-14T20:40:00+00:00\" \/>\n<meta property=\"article:modified_time\" content=\"2014-08-16T07:12:45+00:00\" \/>\n<meta property=\"og:image\" content=\"http:\/\/3.bp.blogspot.com\/-dpwFe3vu4tI\/TxHiJzYnjhI\/AAAAAAAAFgs\/-DzWwN59xNY\/s400\/IMG_8014.JPG\" \/>\n<meta name=\"twitter:card\" content=\"summary_large_image\" \/>\n<script type=\"application\/ld+json\" class=\"yoast-schema-graph\">{\"@context\":\"https:\/\/schema.org\",\"@graph\":[{\"@type\":\"Organization\",\"@id\":\"https:\/\/www.imakeyousmile.se\/es\/#organization\",\"name\":\"Imakeyousmile\",\"url\":\"https:\/\/www.imakeyousmile.se\/es\/\",\"sameAs\":[],\"logo\":{\"@type\":\"ImageObject\",\"@id\":\"https:\/\/www.imakeyousmile.se\/es\/#logo\",\"inLanguage\":\"es\",\"url\":\"https:\/\/www.imakeyousmile.se\/wp-content\/uploads\/2020\/10\/HELENA-AMILEY_SVART-1-e1603367975324.png\",\"width\":280,\"height\":93,\"caption\":\"Imakeyousmile\"},\"image\":{\"@id\":\"https:\/\/www.imakeyousmile.se\/es\/#logo\"}},{\"@type\":\"WebSite\",\"@id\":\"https:\/\/www.imakeyousmile.se\/es\/#website\",\"url\":\"https:\/\/www.imakeyousmile.se\/es\/\",\"name\":\"Imakeyousmile.se\",\"description\":\"Helena Amiley - Beauty, Entrepreneur, Lifestyle\",\"publisher\":{\"@id\":\"https:\/\/www.imakeyousmile.se\/es\/#organization\"},\"potentialAction\":[{\"@type\":\"SearchAction\",\"target\":\"https:\/\/www.imakeyousmile.se\/es\/?s={search_term_string}\",\"query-input\":\"required name=search_term_string\"}],\"inLanguage\":\"es\"},{\"@type\":\"ImageObject\",\"@id\":\"https:\/\/www.imakeyousmile.se\/brynplockning-naturlig-sminkning\/#primaryimage\",\"inLanguage\":\"es\",\"url\":\"http:\/\/3.bp.blogspot.com\/-dpwFe3vu4tI\/TxHiJzYnjhI\/AAAAAAAAFgs\/-DzWwN59xNY\/s400\/IMG_8014.JPG\"},{\"@type\":\"WebPage\",\"@id\":\"https:\/\/www.imakeyousmile.se\/brynplockning-naturlig-sminkning\/#webpage\",\"url\":\"https:\/\/www.imakeyousmile.se\/brynplockning-naturlig-sminkning\/\",\"name\":\"Brynplockning + Naturlig sminkning | Imakeyousmile.se\",\"isPartOf\":{\"@id\":\"https:\/\/www.imakeyousmile.se\/es\/#website\"},\"primaryImageOfPage\":{\"@id\":\"https:\/\/www.imakeyousmile.se\/brynplockning-naturlig-sminkning\/#primaryimage\"},\"datePublished\":\"2012-01-14T20:40:00+00:00\",\"dateModified\":\"2014-08-16T07:12:45+00:00\",\"description\":\"Brynplockning + Naturlig sminkning | Helena Amiley - H\\u00e4r hittar du senaste infromation om sk\\u00f6nhet, livsstil, entrepren\\u00f6rskap, makeup & tips.\",\"inLanguage\":\"es\",\"potentialAction\":[{\"@type\":\"ReadAction\",\"target\":[\"https:\/\/www.imakeyousmile.se\/brynplockning-naturlig-sminkning\/\"]}]},{\"@type\":\"Article\",\"@id\":\"https:\/\/www.imakeyousmile.se\/brynplockning-naturlig-sminkning\/#article\",\"isPartOf\":{\"@id\":\"https:\/\/www.imakeyousmile.se\/brynplockning-naturlig-sminkning\/#webpage\"},\"author\":{\"@id\":\"https:\/\/www.imakeyousmile.se\/es\/#\/schema\/person\/b0fd43b1c6bb1c60cfd68bff9b4a10fb\"},\"headline\":\"Brynplockning + Naturlig sminkning\",\"datePublished\":\"2012-01-14T20:40:00+00:00\",\"dateModified\":\"2014-08-16T07:12:45+00:00\",\"mainEntityOfPage\":{\"@id\":\"https:\/\/www.imakeyousmile.se\/brynplockning-naturlig-sminkning\/#webpage\"},\"commentCount\":0,\"publisher\":{\"@id\":\"https:\/\/www.imakeyousmile.se\/es\/#organization\"},\"image\":{\"@id\":\"https:\/\/www.imakeyousmile.se\/brynplockning-naturlig-sminkning\/#primaryimage\"},\"articleSection\":\"\\u00d6gonbryn\",\"inLanguage\":\"es\",\"potentialAction\":[{\"@type\":\"CommentAction\",\"name\":\"Comment\",\"target\":[\"https:\/\/www.imakeyousmile.se\/brynplockning-naturlig-sminkning\/#respond\"]}]},{\"@type\":\"Person\",\"@id\":\"https:\/\/www.imakeyousmile.se\/es\/#\/schema\/person\/b0fd43b1c6bb1c60cfd68bff9b4a10fb\",\"name\":\"Helena Amiley\",\"image\":{\"@type\":\"ImageObject\",\"@id\":\"https:\/\/www.imakeyousmile.se\/es\/#personlogo\",\"inLanguage\":\"es\",\"url\":\"https:\/\/secure.gravatar.com\/avatar\/5645558e1e355457a23368d7e1b4c904?s=96&d=mm&r=g\",\"caption\":\"Helena Amiley\"},\"description\":\"Jag skriver mest om sk\\u00f6nhet men bjuder \\u00e4ven p\\u00e5 glimtar fr\\u00e5n entrepren\\u00f6rlivet och bygget av v\\u00e5r egen camper van. Vanlife here we come!\",\"sameAs\":[\"https:\/\/www.facebook.com\/imakeyousmile.se\",\"https:\/\/www.instagram.com\/helenaamiley\",\"https:\/\/www.youtube.com\/channel\/UCR5iB6rvpV6Yr8ZjpQfr5mg?view_as=subscriber\"]}]}<\/script>\n<!-- \/ Yoast SEO Premium plugin. -->","_links":{"self":[{"href":"https:\/\/www.imakeyousmile.se\/es\/wp-json\/wp\/v2\/posts\/1125"}],"collection":[{"href":"https:\/\/www.imakeyousmile.se\/es\/wp-json\/wp\/v2\/posts"}],"about":[{"href":"https:\/\/www.imakeyousmile.se\/es\/wp-json\/wp\/v2\/types\/post"}],"author":[{"embeddable":true,"href":"https:\/\/www.imakeyousmile.se\/es\/wp-json\/wp\/v2\/users\/30"}],"replies":[{"embeddable":true,"href":"https:\/\/www.imakeyousmile.se\/es\/wp-json\/wp\/v2\/comments?post=1125"}],"version-history":[{"count":0,"href":"https:\/\/www.imakeyousmile.se\/es\/wp-json\/wp\/v2\/posts\/1125\/revisions"}],"wp:attachment":[{"href":"https:\/\/www.imakeyousmile.se\/es\/wp-json\/wp\/v2\/media?parent=1125"}],"wp:term":[{"taxonomy":"category","embeddable":true,"href":"https:\/\/www.imakeyousmile.se\/es\/wp-json\/wp\/v2\/categories?post=1125"},{"taxonomy":"post_tag","embeddable":true,"href":"https:\/\/www.imakeyousmile.se\/es\/wp-json\/wp\/v2\/tags?post=1125"}],"curies":[{"name":"wp","href":"https:\/\/api.w.org\/{rel}","templated":true}]}}