{"id":11321,"date":"2014-02-13T08:34:05","date_gmt":"2014-02-13T07:34:05","guid":{"rendered":"http:\/\/www.imakeyousmile.se\/?p=11321"},"modified":"2021-09-01T05:37:05","modified_gmt":"2021-09-01T03:37:05","slug":"alla-hjartans-dag-pa-yves-rocher","status":"publish","type":"post","link":"https:\/\/www.imakeyousmile.se\/es\/alla-hjartans-dag-pa-yves-rocher\/","title":{"rendered":"San Valent\u00edn en Yves Rocher"},"content":{"rendered":"<p>Que me gusta <a href=\"https:\/\/dot.yves-rocher.se\/t\/t?a=138068268&amp;as=1548102449&amp;t=2&amp;tk=1&amp;epi=search-replace-yves-lipliner&amp;url=https:\/\/www.yves-rocher.se\/smink\/laeppar\/laeppenna\/c\/22300\" target=\"_blank\" rel=\"noopener\">Yves Rocher <\/a>\u00bfNo hay nada que te hayas perdido, creo? :) Sus productos aparecen en las publicaciones y se maquillan un poco de vez en cuando aqu\u00ed en el blog.<\/p>\n<p>Por lo tanto, pens\u00e9 en contarte sobre su incre\u00edble campa\u00f1a en el D\u00eda de San Valent\u00edn: cuando compras, \u00a1obtienes un producto opcional sin costo adicional! No es el m\u00e1s barato o tiene que comprar una cierta cantidad para obtenerlo, \u00a1pero es simplemente el art\u00edculo que coloca primero en el carrito de compras y puede elegir de toda la p\u00e1gina! :)<\/p>\n<p>La oferta es v\u00e1lida desde hoy 13 de febrero hasta el domingo 16 de febrero a las 24.00.<\/p>\n<p><a href=\"https:\/\/dot.yves-rocher.se\/t\/t?a=138068268&amp;as=1548102449&amp;t=2&amp;tk=1&amp;epi=search-replace-yves-lipliner&amp;url=https:\/\/www.yves-rocher.se\/smink\/laeppar\/laeppenna\/c\/22300\" target=\"_blank\" rel=\"noopener\"><span style=\"text-decoration: underline;\">haga clic aqu\u00ed<\/span><\/a> para acceder al sitio web!<\/p>\n<p><a href=\"http:\/\/www.imakeyousmile.se\/wp-content\/uploads\/2014\/02\/alla-hj\u00e4rtans-dag-yves-rocher.jpg\"><img loading=\"lazy\" decoding=\"async\" class=\"alignnone size-full wp-image-11322\" src=\"http:\/\/www.imakeyousmile.se\/wp-content\/uploads\/2014\/02\/alla-hj\u00e4rtans-dag-yves-rocher.jpg\" alt=\"dia de san valentin yves rocher\" width=\"722\" height=\"830\" srcset=\"https:\/\/www.imakeyousmile.se\/wp-content\/uploads\/2014\/02\/alla-hj\u00e4rtans-dag-yves-rocher.jpg 722w, https:\/\/www.imakeyousmile.se\/wp-content\/uploads\/2014\/02\/alla-hj\u00e4rtans-dag-yves-rocher-260x300.jpg 260w\" sizes=\"(max-width: 722px) 100vw, 722px\" \/><\/a><\/p>\n<p>&nbsp;<\/p>\n<p>\u00bfQuieres consejos sobre qu\u00e9 comprar? :) Aqu\u00ed est\u00e1n algunos de mis favoritos:<\/p>\n<p><a href=\"https:\/\/dot.yves-rocher.se\/t\/t?a=138068268&amp;as=1548102449&amp;t=2&amp;tk=1&amp;epi=search-replace-yves-penna&amp;url=https:\/\/www.yves-rocher.se\/smink\/ogon\/ogonpenna-och-eyeliner\/c\/23200\" target=\"_blank\" rel=\"noopener\">L\u00e1piz de ojos impermeable<\/a>, est\u00e1 disponible tanto en negro como en colores (y me gustar\u00eda que tambi\u00e9n hicieran uno en blanco \/ beige). \u00a1Se sienta excelente todo el d\u00eda!<\/p>\n<p><a href=\"https:\/\/dot.yves-rocher.se\/t\/t?a=138068268&amp;as=1548102449&amp;t=2&amp;tk=1&amp;epi=search-replace-yves-parlemo&amp;url=https:\/\/www.yves-rocher.se\/smink\/ansikte\/rouge\/solpuder-paerlemorskimrande-monoi\/p\/86396\" target=\"_blank\" rel=\"noopener\">Brillo suelto de n\u00e1car<\/a> Tambi\u00e9n es incomparablemente agradable, tengo los tonos Golden y Crystal y me encantan ambos que brillan mucho!<\/p>\n<p><a href=\"https:\/\/dot.yves-rocher.se\/t\/t?a=138068268&amp;as=1548102449&amp;t=2&amp;tk=1&amp;epi=search-replace-yves-lipliner&amp;url=https:\/\/www.yves-rocher.se\/smink\/laeppar\/laeppenna\/c\/22300\" target=\"_blank\" rel=\"noopener\">Sombra de ojos brillante<\/a>, para los que amamos el brillo, estas sombras son maravillosas. Hay muchas sombras de brillo que brillan muy bien en el empaque, pero en el p\u00e1rpado se vuelve opaco como cualquier sombra de ojos. \u00a1Pero Yves Rocher ha tenido \u00e9xito con el suyo!<\/p>\n<p><a href=\"https:\/\/dot.yves-rocher.se\/t\/t?a=138068268&amp;as=1548102449&amp;t=2&amp;tk=1&amp;epi=search-replace-yves-lipliner&amp;url=https:\/\/www.yves-rocher.se\/smink\/laeppar\/laeppenna\/c\/22300\" target=\"_blank\" rel=\"noopener\">Delineador de labios autom\u00e1tico<\/a> es un excelente delineador de labios que suelo usar en todo el labio, \u00a1se ajusta como un guante! El tono 32 Rouge Fonc\u00e9 es mi favorito.<\/p>\n<p>Ahora siento la necesidad de maquillarme con el brillo de n\u00e1car jeje, \u00a1creo que hoy ser\u00e1 un maquillaje brillante de San Valent\u00edn! :)<\/p>\n<p><strong>\u00a1Los abrazos son!<\/strong><\/p>","protected":false},"excerpt":{"rendered":"<p>Att jag gillar Yves Rocher \u00e4r ingenting ni har missat tror jag? :) Deras produkter dyker upp i inl\u00e4gg och sminkningar lite d\u00e5 och d\u00e5 h\u00e4r i bloggen. Jag t\u00e4nkte d\u00e4rf\u00f6r tipsa er om deras grymma kampanj \u00f6ver Alla hj\u00e4rtans dag &#8211; n\u00e4r man handlar s\u00e5 f\u00e5r man en valfri produkt utan extra kostnad! Inte [&hellip;]<\/p>\n","protected":false},"author":30,"featured_media":0,"comment_status":"open","ping_status":"closed","sticky":false,"template":"","format":"standard","meta":{"footnotes":""},"categories":[3,59],"tags":[1733,1735,1734],"class_list":["post-11321","post","type-post","status-publish","format-standard","hentry","category-allmant","category-recensioner-produkttips","tag-alla-hjartans-dag-erbjudande","tag-yves-rocher-alla-hjartans-dag","tag-yves-rocher-erbjudande"],"yoast_head":"<!-- This site is optimized with the Yoast SEO Premium plugin v14.9 - https:\/\/yoast.com\/wordpress\/plugins\/seo\/ -->\n<meta name=\"description\" content=\"Alla hj\u00e4rtans dag p\u00e5 Yves Rocher | Helena Amiley - H\u00e4r hittar du senaste infromation om sk\u00f6nhet, livsstil, entrepren\u00f6rskap, makeup &amp; tips.\" \/>\n<meta name=\"robots\" content=\"index, follow, max-snippet:-1, max-image-preview:large, max-video-preview:-1\" \/>\n<link rel=\"canonical\" href=\"https:\/\/www.imakeyousmile.se\/es\/alla-hjartans-dag-pa-yves-rocher\/\" \/>\n<meta property=\"og:locale\" content=\"es_ES\" \/>\n<meta property=\"og:type\" content=\"article\" \/>\n<meta property=\"og:title\" content=\"Alla hj\u00e4rtans dag p\u00e5 Yves Rocher | Imakeyousmile.se\" \/>\n<meta property=\"og:description\" content=\"Alla hj\u00e4rtans dag p\u00e5 Yves Rocher | Helena Amiley - H\u00e4r hittar du senaste infromation om sk\u00f6nhet, livsstil, entrepren\u00f6rskap, makeup &amp; tips.\" \/>\n<meta property=\"og:url\" content=\"https:\/\/www.imakeyousmile.se\/es\/alla-hjartans-dag-pa-yves-rocher\/\" \/>\n<meta property=\"og:site_name\" content=\"Imakeyousmile.se\" \/>\n<meta property=\"article:author\" content=\"https:\/\/www.facebook.com\/imakeyousmile.se\" \/>\n<meta property=\"article:published_time\" content=\"2014-02-13T07:34:05+00:00\" \/>\n<meta property=\"article:modified_time\" content=\"2021-09-01T03:37:05+00:00\" \/>\n<meta property=\"og:image\" content=\"http:\/\/www.imakeyousmile.se\/wp-content\/uploads\/2014\/02\/alla-hj\u00e4rtans-dag-yves-rocher.jpg\" \/>\n<meta name=\"twitter:card\" content=\"summary_large_image\" \/>\n<script type=\"application\/ld+json\" class=\"yoast-schema-graph\">{\"@context\":\"https:\/\/schema.org\",\"@graph\":[{\"@type\":\"Organization\",\"@id\":\"https:\/\/www.imakeyousmile.se\/es\/#organization\",\"name\":\"Imakeyousmile\",\"url\":\"https:\/\/www.imakeyousmile.se\/es\/\",\"sameAs\":[],\"logo\":{\"@type\":\"ImageObject\",\"@id\":\"https:\/\/www.imakeyousmile.se\/es\/#logo\",\"inLanguage\":\"es\",\"url\":\"https:\/\/www.imakeyousmile.se\/wp-content\/uploads\/2020\/10\/HELENA-AMILEY_SVART-1-e1603367975324.png\",\"width\":280,\"height\":93,\"caption\":\"Imakeyousmile\"},\"image\":{\"@id\":\"https:\/\/www.imakeyousmile.se\/es\/#logo\"}},{\"@type\":\"WebSite\",\"@id\":\"https:\/\/www.imakeyousmile.se\/es\/#website\",\"url\":\"https:\/\/www.imakeyousmile.se\/es\/\",\"name\":\"Imakeyousmile.se\",\"description\":\"Helena Amiley - Beauty, Entrepreneur, Lifestyle\",\"publisher\":{\"@id\":\"https:\/\/www.imakeyousmile.se\/es\/#organization\"},\"potentialAction\":[{\"@type\":\"SearchAction\",\"target\":\"https:\/\/www.imakeyousmile.se\/es\/?s={search_term_string}\",\"query-input\":\"required name=search_term_string\"}],\"inLanguage\":\"es\"},{\"@type\":\"ImageObject\",\"@id\":\"https:\/\/www.imakeyousmile.se\/alla-hjartans-dag-pa-yves-rocher\/#primaryimage\",\"inLanguage\":\"es\",\"url\":\"http:\/\/www.imakeyousmile.se\/wp-content\/uploads\/2014\/02\/alla-hj\\u00e4rtans-dag-yves-rocher.jpg\"},{\"@type\":\"WebPage\",\"@id\":\"https:\/\/www.imakeyousmile.se\/alla-hjartans-dag-pa-yves-rocher\/#webpage\",\"url\":\"https:\/\/www.imakeyousmile.se\/alla-hjartans-dag-pa-yves-rocher\/\",\"name\":\"Alla hj\\u00e4rtans dag p\\u00e5 Yves Rocher | Imakeyousmile.se\",\"isPartOf\":{\"@id\":\"https:\/\/www.imakeyousmile.se\/es\/#website\"},\"primaryImageOfPage\":{\"@id\":\"https:\/\/www.imakeyousmile.se\/alla-hjartans-dag-pa-yves-rocher\/#primaryimage\"},\"datePublished\":\"2014-02-13T07:34:05+00:00\",\"dateModified\":\"2021-09-01T03:37:05+00:00\",\"description\":\"Alla hj\\u00e4rtans dag p\\u00e5 Yves Rocher | Helena Amiley - H\\u00e4r hittar du senaste infromation om sk\\u00f6nhet, livsstil, entrepren\\u00f6rskap, makeup & tips.\",\"inLanguage\":\"es\",\"potentialAction\":[{\"@type\":\"ReadAction\",\"target\":[\"https:\/\/www.imakeyousmile.se\/alla-hjartans-dag-pa-yves-rocher\/\"]}]},{\"@type\":\"Article\",\"@id\":\"https:\/\/www.imakeyousmile.se\/alla-hjartans-dag-pa-yves-rocher\/#article\",\"isPartOf\":{\"@id\":\"https:\/\/www.imakeyousmile.se\/alla-hjartans-dag-pa-yves-rocher\/#webpage\"},\"author\":{\"@id\":\"https:\/\/www.imakeyousmile.se\/es\/#\/schema\/person\/b0fd43b1c6bb1c60cfd68bff9b4a10fb\"},\"headline\":\"Alla hj\\u00e4rtans dag p\\u00e5 Yves Rocher\",\"datePublished\":\"2014-02-13T07:34:05+00:00\",\"dateModified\":\"2021-09-01T03:37:05+00:00\",\"mainEntityOfPage\":{\"@id\":\"https:\/\/www.imakeyousmile.se\/alla-hjartans-dag-pa-yves-rocher\/#webpage\"},\"commentCount\":0,\"publisher\":{\"@id\":\"https:\/\/www.imakeyousmile.se\/es\/#organization\"},\"image\":{\"@id\":\"https:\/\/www.imakeyousmile.se\/alla-hjartans-dag-pa-yves-rocher\/#primaryimage\"},\"keywords\":\"alla hj\\u00e4rtans dag erbjudande,yves rocher alla hj\\u00e4rtans dag,yves rocher erbjudande\",\"articleSection\":\"\\u00d6vrigt,Recensioner &amp; Produkttips\",\"inLanguage\":\"es\",\"potentialAction\":[{\"@type\":\"CommentAction\",\"name\":\"Comment\",\"target\":[\"https:\/\/www.imakeyousmile.se\/alla-hjartans-dag-pa-yves-rocher\/#respond\"]}]},{\"@type\":\"Person\",\"@id\":\"https:\/\/www.imakeyousmile.se\/es\/#\/schema\/person\/b0fd43b1c6bb1c60cfd68bff9b4a10fb\",\"name\":\"Helena Amiley\",\"image\":{\"@type\":\"ImageObject\",\"@id\":\"https:\/\/www.imakeyousmile.se\/es\/#personlogo\",\"inLanguage\":\"es\",\"url\":\"https:\/\/secure.gravatar.com\/avatar\/5645558e1e355457a23368d7e1b4c904?s=96&d=mm&r=g\",\"caption\":\"Helena Amiley\"},\"description\":\"Jag skriver mest om sk\\u00f6nhet men bjuder \\u00e4ven p\\u00e5 glimtar fr\\u00e5n entrepren\\u00f6rlivet och bygget av v\\u00e5r egen camper van. Vanlife here we come!\",\"sameAs\":[\"https:\/\/www.facebook.com\/imakeyousmile.se\",\"https:\/\/www.instagram.com\/helenaamiley\",\"https:\/\/www.youtube.com\/channel\/UCR5iB6rvpV6Yr8ZjpQfr5mg?view_as=subscriber\"]}]}<\/script>\n<!-- \/ Yoast SEO Premium plugin. -->","_links":{"self":[{"href":"https:\/\/www.imakeyousmile.se\/es\/wp-json\/wp\/v2\/posts\/11321"}],"collection":[{"href":"https:\/\/www.imakeyousmile.se\/es\/wp-json\/wp\/v2\/posts"}],"about":[{"href":"https:\/\/www.imakeyousmile.se\/es\/wp-json\/wp\/v2\/types\/post"}],"author":[{"embeddable":true,"href":"https:\/\/www.imakeyousmile.se\/es\/wp-json\/wp\/v2\/users\/30"}],"replies":[{"embeddable":true,"href":"https:\/\/www.imakeyousmile.se\/es\/wp-json\/wp\/v2\/comments?post=11321"}],"version-history":[{"count":2,"href":"https:\/\/www.imakeyousmile.se\/es\/wp-json\/wp\/v2\/posts\/11321\/revisions"}],"predecessor-version":[{"id":40436,"href":"https:\/\/www.imakeyousmile.se\/es\/wp-json\/wp\/v2\/posts\/11321\/revisions\/40436"}],"wp:attachment":[{"href":"https:\/\/www.imakeyousmile.se\/es\/wp-json\/wp\/v2\/media?parent=11321"}],"wp:term":[{"taxonomy":"category","embeddable":true,"href":"https:\/\/www.imakeyousmile.se\/es\/wp-json\/wp\/v2\/categories?post=11321"},{"taxonomy":"post_tag","embeddable":true,"href":"https:\/\/www.imakeyousmile.se\/es\/wp-json\/wp\/v2\/tags?post=11321"}],"curies":[{"name":"wp","href":"https:\/\/api.w.org\/{rel}","templated":true}]}}