{"id":1141,"date":"2012-01-05T22:54:00","date_gmt":"2012-01-05T21:54:00","guid":{"rendered":"http:\/\/www.imakeyousmile.se\/shading-highlights-och-rouge\/"},"modified":"2012-01-05T22:54:00","modified_gmt":"2012-01-05T21:54:00","slug":"shading-highlights-och-rouge","status":"publish","type":"post","link":"https:\/\/www.imakeyousmile.se\/es\/sombreado-reflejos-och-rouge\/","title":{"rendered":"Sombreado, mechas y rubor"},"content":{"rendered":"<div style=\"clear: both; text-align: left;\">La gente suele hablar de &quot;sombreado&quot; y &quot;reflejos&quot;, y eso es simplemente lo que te pones para dar m\u00e1s forma al rostro despu\u00e9s de haber puesto los cimientos.<\/div>\n<div style=\"clear: both; text-align: left;\"><\/div>\n<div style=\"clear: both; text-align: left;\"><span style=\"font-size: x-large;\">Sombreado<\/span> es una sombra un poco m\u00e1s oscura que se coloca en las partes &quot;profundas&quot; del rostro, como debajo de los p\u00f3mulos y en las sienes.<\/div>\n<div style=\"clear: both; text-align: left;\"><\/div>\n<div style=\"clear: both; text-align: left;\"><\/div>\n<div style=\"clear: both; text-align: left;\">Y <span style=\"font-size: x-large;\">resaltador<\/span> es lo contrario, un tono m\u00e1s claro lo pones en los lugares donde quieres &quot;resaltar&quot; m\u00e1s, como la nariz, los p\u00f3mulos y la frente.<\/div>\n<div style=\"clear: both; text-align: left;\"><\/div>\n<div style=\"clear: both; text-align: left;\">La mayor\u00eda solo usa <span style=\"font-size: x-large;\">colorete<\/span>, un tono m\u00e1s rosado, pero en realidad es solo para darle a la piel un tono &quot;m\u00e1s saludable&quot;.<\/div>\n<div style=\"clear: both; text-align: left;\">\u00a0<\/div>\n<div style=\"clear: both; text-align: left;\">Aqu\u00ed hay una peque\u00f1a revisi\u00f3n r\u00e1pida sobre c\u00f3mo aplicar sombreado y rubor (<em>por lo general, no usa reflejos en la cara<\/em>)<\/div>\n<div style=\"clear: both; text-align: left;\"><\/div>\n<div style=\"clear: both; text-align: left;\">Har <span style=\"font-size: x-large;\">exagerado <\/span>un poco con el maquillaje para que puedas lucir lo mejor posible, de lo contrario, no tengas tanto rubor, ya que f\u00e1cilmente se vuelve demasiado antinatural :)<\/div>\n<div style=\"clear: both; text-align: center;\">\u00a0<\/div>\n<div style=\"clear: both; text-align: center;\"><a href=\"http:\/\/2.bp.blogspot.com\/-WswepMNCFIM\/TwYXb49FNXI\/AAAAAAAAFZg\/Gyy7iIl6BAk\/s1600\/IMG_7803.JPG\" style=\"margin-left: 1em; margin-right: 1em;\"><img loading=\"lazy\" decoding=\"async\" border=\"0\" height=\"640\" rea=\"true\" src=\"http:\/\/2.bp.blogspot.com\/-WswepMNCFIM\/TwYXb49FNXI\/AAAAAAAAFZg\/Gyy7iIl6BAk\/s640\/IMG_7803.JPG\" width=\"380\" \/><\/a><\/div>\n<div style=\"clear: both; text-align: center;\"><\/div>\n<div style=\"clear: both; text-align: center;\">Solo base y cejas rellenas.<\/div>\n<div style=\"clear: both; text-align: center;\">Por supuesto que ves bastante <span style=\"font-size: x-large;\">plano<\/span> \u00bfafuera?<\/div>\n<p><\/p>\n<div style=\"border: currentColor; clear: both; text-align: center;\"><a href=\"http:\/\/2.bp.blogspot.com\/-cOQ-EFSC7zs\/TwYXeJbC8dI\/AAAAAAAAFZw\/-0hnadgalKQ\/s1600\/IMG_7807.JPG\" style=\"margin-left: 1em; margin-right: 1em;\"><img loading=\"lazy\" decoding=\"async\" border=\"0\" height=\"640\" rea=\"true\" src=\"http:\/\/2.bp.blogspot.com\/-cOQ-EFSC7zs\/TwYXeJbC8dI\/AAAAAAAAFZw\/-0hnadgalKQ\/s640\/IMG_7807.JPG\" width=\"398\" \/><\/a><\/div>\n<div style=\"border: currentColor; clear: both; text-align: center;\"><\/div>\n<div style=\"border: currentColor; clear: both; text-align: center;\">Han usado rubor <em>Gl\u00f3Rubor Atardecer<\/em>, que es un poco m\u00e1s<span style=\"font-size: large;\"> marr\u00f3n<\/span> la direcci\u00f3n.<\/div>\n<div style=\"border: currentColor; clear: both; text-align: center;\">Lo he puesto <strong>debajo de los p\u00f3mulos<\/strong>, a los lados de <strong>hakan<\/strong> y en <strong>los templos<\/strong>. para darle al rostro un aspecto m\u00e1s 3D.<\/div>\n<div style=\"border: currentColor; clear: both; text-align: center;\"><\/div>\n<div style=\"border: currentColor; clear: both; text-align: center;\"><em>(Si hubiera puesto el iluminador, lo habr\u00eda puesto en el medio del ment\u00f3n, en la nariz y en el medio de la frente).<\/em><\/div>\n<div style=\"border: currentColor; clear: both; text-align: center;\"><\/div>\n<div style=\"border: currentColor; clear: both; text-align: center;\"><a href=\"http:\/\/2.bp.blogspot.com\/-yNmAQgr0X6c\/TwYXcociVEI\/AAAAAAAAFZk\/TpEHfu7MGUw\/s1600\/IMG_7815.JPG\" style=\"margin-left: 1em; margin-right: 1em;\"><img loading=\"lazy\" decoding=\"async\" border=\"0\" height=\"640\" rea=\"true\" src=\"http:\/\/2.bp.blogspot.com\/-yNmAQgr0X6c\/TwYXcociVEI\/AAAAAAAAFZk\/TpEHfu7MGUw\/s640\/IMG_7815.JPG\" width=\"404\" \/><\/a><\/div>\n<div style=\"border: currentColor; clear: both; text-align: center;\"><\/div>\n<div style=\"border: currentColor; clear: both; text-align: center;\">Luego agregu\u00e9 uno m\u00e1s <span style=\"font-size: large;\">rosado rojo<\/span> <strong>en el p\u00f3mulo<\/strong>, <em>Gl\u00f3Blush Papaya.<\/em><\/div>\n<p><\/p>\n<div style=\"clear: both; text-align: center;\"><a href=\"http:\/\/1.bp.blogspot.com\/-hAWtQchTjXU\/TwYXe78io5I\/AAAAAAAAFZ4\/06OOspvcjLI\/s1600\/IMG_7822.JPG\" style=\"margin-left: 1em; margin-right: 1em;\"><img loading=\"lazy\" decoding=\"async\" border=\"0\" height=\"640\" rea=\"true\" src=\"http:\/\/1.bp.blogspot.com\/-hAWtQchTjXU\/TwYXe78io5I\/AAAAAAAAFZ4\/06OOspvcjLI\/s640\/IMG_7822.JPG\" width=\"372\" \/><\/a><\/div>\n<div style=\"clear: both; text-align: center;\">Terminado con uno <span style=\"font-size: large;\">reluciente m\u00e1s brillante<\/span> rubor rosado encendido <strong>la parte superior de los p\u00f3mulos<\/strong> y en <strong>Las &quot;mejillas de manzana&quot;.<\/strong><\/div>\n<div style=\"clear: both; text-align: center;\">El rubor da un poco m\u00e1s de color y el brillo da un efecto de resaltador que realza a\u00fan m\u00e1s los p\u00f3mulos.<\/div>\n<div style=\"clear: both; text-align: center;\"><em>Gl\u00f3Blush Sweet.<\/em><\/div>\n<div style=\"clear: both; text-align: center;\"><\/div>\n<div style=\"clear: both; text-align: center;\"><a href=\"http:\/\/i1092.photobucket.com\/albums\/i412\/isoniemi\/glo-minerals.jpg\" style=\"margin-left: 1em; margin-right: 1em;\"><img loading=\"lazy\" decoding=\"async\" border=\"0\" height=\"123\" src=\"http:\/\/i1092.photobucket.com\/albums\/i412\/isoniemi\/glo-minerals.jpg\" width=\"320\" \/><\/a><\/div>\n<div style=\"clear: both; text-align: center;\"><\/div>\n<p>Los rubores que he usado son de <em>Glo Minerales<\/em> &quot;GloBlush Powder Rouge&quot; y est\u00e1 disponible en<strong> <\/strong><a href=\"http:\/\/creativemakeup.se\/\"><strong>Creativemakeup.se<\/strong><\/a>!<\/p>\n<div style=\"text-align: center;\"><span style=\"font-size: x-large;\">\u00a1Espero que esto haya sido \u00fatil!<\/span><\/div>","protected":false},"excerpt":{"rendered":"<p>Man brukar prata om &#8221;shading&#8221; och &#8221;highlights&#8221;, och det \u00e4r helt enkelt det man\u00a0l\u00e4gger f\u00f6r att forma ansiktet mer efter man lagt foundation. Shading \u00e4r en lite m\u00f6rkare skugga man l\u00e4gger i ansiktets &#8221;djupa&#8221; delar s\u00e5 som under kindbenen och i tinningarna. Och highlighter \u00e4r tv\u00e4rtom, en ljusare skugga man l\u00e4gger p\u00e5 de st\u00e4llen man [&hellip;]<\/p>\n","protected":false},"author":30,"featured_media":0,"comment_status":"open","ping_status":"open","sticky":false,"template":"","format":"standard","meta":{"footnotes":""},"categories":[59],"tags":[],"class_list":["post-1141","post","type-post","status-publish","format-standard","hentry","category-recensioner-produkttips"],"yoast_head":"<!-- This site is optimized with the Yoast SEO Premium plugin v14.9 - https:\/\/yoast.com\/wordpress\/plugins\/seo\/ -->\n<meta name=\"description\" content=\"Shading, highlights och rouge | Helena Amiley - H\u00e4r hittar du senaste infromation om sk\u00f6nhet, livsstil, entrepren\u00f6rskap, makeup &amp; tips.\" \/>\n<meta name=\"robots\" content=\"index, follow, max-snippet:-1, max-image-preview:large, max-video-preview:-1\" \/>\n<link rel=\"canonical\" href=\"https:\/\/www.imakeyousmile.se\/es\/shading-highlights-och-rouge\/\" \/>\n<meta property=\"og:locale\" content=\"es_ES\" \/>\n<meta property=\"og:type\" content=\"article\" \/>\n<meta property=\"og:title\" content=\"Shading, highlights och rouge | Imakeyousmile.se\" \/>\n<meta property=\"og:description\" content=\"Shading, highlights och rouge | Helena Amiley - H\u00e4r hittar du senaste infromation om sk\u00f6nhet, livsstil, entrepren\u00f6rskap, makeup &amp; tips.\" \/>\n<meta property=\"og:url\" content=\"https:\/\/www.imakeyousmile.se\/es\/shading-highlights-och-rouge\/\" \/>\n<meta property=\"og:site_name\" content=\"Imakeyousmile.se\" \/>\n<meta property=\"article:author\" content=\"https:\/\/www.facebook.com\/imakeyousmile.se\" \/>\n<meta property=\"article:published_time\" content=\"2012-01-05T21:54:00+00:00\" \/>\n<meta property=\"og:image\" content=\"http:\/\/2.bp.blogspot.com\/-WswepMNCFIM\/TwYXb49FNXI\/AAAAAAAAFZg\/Gyy7iIl6BAk\/s640\/IMG_7803.JPG\" \/>\n<meta name=\"twitter:card\" content=\"summary_large_image\" \/>\n<script type=\"application\/ld+json\" class=\"yoast-schema-graph\">{\"@context\":\"https:\/\/schema.org\",\"@graph\":[{\"@type\":\"Organization\",\"@id\":\"https:\/\/www.imakeyousmile.se\/es\/#organization\",\"name\":\"Imakeyousmile\",\"url\":\"https:\/\/www.imakeyousmile.se\/es\/\",\"sameAs\":[],\"logo\":{\"@type\":\"ImageObject\",\"@id\":\"https:\/\/www.imakeyousmile.se\/es\/#logo\",\"inLanguage\":\"es\",\"url\":\"https:\/\/www.imakeyousmile.se\/wp-content\/uploads\/2020\/10\/HELENA-AMILEY_SVART-1-e1603367975324.png\",\"width\":280,\"height\":93,\"caption\":\"Imakeyousmile\"},\"image\":{\"@id\":\"https:\/\/www.imakeyousmile.se\/es\/#logo\"}},{\"@type\":\"WebSite\",\"@id\":\"https:\/\/www.imakeyousmile.se\/es\/#website\",\"url\":\"https:\/\/www.imakeyousmile.se\/es\/\",\"name\":\"Imakeyousmile.se\",\"description\":\"Helena Amiley - Beauty, Entrepreneur, Lifestyle\",\"publisher\":{\"@id\":\"https:\/\/www.imakeyousmile.se\/es\/#organization\"},\"potentialAction\":[{\"@type\":\"SearchAction\",\"target\":\"https:\/\/www.imakeyousmile.se\/es\/?s={search_term_string}\",\"query-input\":\"required name=search_term_string\"}],\"inLanguage\":\"es\"},{\"@type\":\"ImageObject\",\"@id\":\"https:\/\/www.imakeyousmile.se\/shading-highlights-och-rouge\/#primaryimage\",\"inLanguage\":\"es\",\"url\":\"http:\/\/2.bp.blogspot.com\/-WswepMNCFIM\/TwYXb49FNXI\/AAAAAAAAFZg\/Gyy7iIl6BAk\/s640\/IMG_7803.JPG\"},{\"@type\":\"WebPage\",\"@id\":\"https:\/\/www.imakeyousmile.se\/shading-highlights-och-rouge\/#webpage\",\"url\":\"https:\/\/www.imakeyousmile.se\/shading-highlights-och-rouge\/\",\"name\":\"Shading, highlights och rouge | Imakeyousmile.se\",\"isPartOf\":{\"@id\":\"https:\/\/www.imakeyousmile.se\/es\/#website\"},\"primaryImageOfPage\":{\"@id\":\"https:\/\/www.imakeyousmile.se\/shading-highlights-och-rouge\/#primaryimage\"},\"datePublished\":\"2012-01-05T21:54:00+00:00\",\"dateModified\":\"2012-01-05T21:54:00+00:00\",\"description\":\"Shading, highlights och rouge | Helena Amiley - H\\u00e4r hittar du senaste infromation om sk\\u00f6nhet, livsstil, entrepren\\u00f6rskap, makeup & tips.\",\"inLanguage\":\"es\",\"potentialAction\":[{\"@type\":\"ReadAction\",\"target\":[\"https:\/\/www.imakeyousmile.se\/shading-highlights-och-rouge\/\"]}]},{\"@type\":\"Article\",\"@id\":\"https:\/\/www.imakeyousmile.se\/shading-highlights-och-rouge\/#article\",\"isPartOf\":{\"@id\":\"https:\/\/www.imakeyousmile.se\/shading-highlights-och-rouge\/#webpage\"},\"author\":{\"@id\":\"https:\/\/www.imakeyousmile.se\/es\/#\/schema\/person\/b0fd43b1c6bb1c60cfd68bff9b4a10fb\"},\"headline\":\"Shading, highlights och rouge\",\"datePublished\":\"2012-01-05T21:54:00+00:00\",\"dateModified\":\"2012-01-05T21:54:00+00:00\",\"mainEntityOfPage\":{\"@id\":\"https:\/\/www.imakeyousmile.se\/shading-highlights-och-rouge\/#webpage\"},\"commentCount\":0,\"publisher\":{\"@id\":\"https:\/\/www.imakeyousmile.se\/es\/#organization\"},\"image\":{\"@id\":\"https:\/\/www.imakeyousmile.se\/shading-highlights-och-rouge\/#primaryimage\"},\"articleSection\":\"Recensioner &amp; Produkttips\",\"inLanguage\":\"es\",\"potentialAction\":[{\"@type\":\"CommentAction\",\"name\":\"Comment\",\"target\":[\"https:\/\/www.imakeyousmile.se\/shading-highlights-och-rouge\/#respond\"]}]},{\"@type\":\"Person\",\"@id\":\"https:\/\/www.imakeyousmile.se\/es\/#\/schema\/person\/b0fd43b1c6bb1c60cfd68bff9b4a10fb\",\"name\":\"Helena Amiley\",\"image\":{\"@type\":\"ImageObject\",\"@id\":\"https:\/\/www.imakeyousmile.se\/es\/#personlogo\",\"inLanguage\":\"es\",\"url\":\"https:\/\/secure.gravatar.com\/avatar\/5645558e1e355457a23368d7e1b4c904?s=96&d=mm&r=g\",\"caption\":\"Helena Amiley\"},\"description\":\"Jag skriver mest om sk\\u00f6nhet men bjuder \\u00e4ven p\\u00e5 glimtar fr\\u00e5n entrepren\\u00f6rlivet och bygget av v\\u00e5r egen camper van. Vanlife here we come!\",\"sameAs\":[\"https:\/\/www.facebook.com\/imakeyousmile.se\",\"https:\/\/www.instagram.com\/helenaamiley\",\"https:\/\/www.youtube.com\/channel\/UCR5iB6rvpV6Yr8ZjpQfr5mg?view_as=subscriber\"]}]}<\/script>\n<!-- \/ Yoast SEO Premium plugin. -->","_links":{"self":[{"href":"https:\/\/www.imakeyousmile.se\/es\/wp-json\/wp\/v2\/posts\/1141"}],"collection":[{"href":"https:\/\/www.imakeyousmile.se\/es\/wp-json\/wp\/v2\/posts"}],"about":[{"href":"https:\/\/www.imakeyousmile.se\/es\/wp-json\/wp\/v2\/types\/post"}],"author":[{"embeddable":true,"href":"https:\/\/www.imakeyousmile.se\/es\/wp-json\/wp\/v2\/users\/30"}],"replies":[{"embeddable":true,"href":"https:\/\/www.imakeyousmile.se\/es\/wp-json\/wp\/v2\/comments?post=1141"}],"version-history":[{"count":0,"href":"https:\/\/www.imakeyousmile.se\/es\/wp-json\/wp\/v2\/posts\/1141\/revisions"}],"wp:attachment":[{"href":"https:\/\/www.imakeyousmile.se\/es\/wp-json\/wp\/v2\/media?parent=1141"}],"wp:term":[{"taxonomy":"category","embeddable":true,"href":"https:\/\/www.imakeyousmile.se\/es\/wp-json\/wp\/v2\/categories?post=1141"},{"taxonomy":"post_tag","embeddable":true,"href":"https:\/\/www.imakeyousmile.se\/es\/wp-json\/wp\/v2\/tags?post=1141"}],"curies":[{"name":"wp","href":"https:\/\/api.w.org\/{rel}","templated":true}]}}