{"id":1145,"date":"2012-01-04T08:00:00","date_gmt":"2012-01-04T07:00:00","guid":{"rendered":"http:\/\/www.imakeyousmile.se\/glo-minerals-eyeshadow-trio-coffe\/"},"modified":"2014-08-11T20:17:38","modified_gmt":"2014-08-11T18:17:38","slug":"glo-minerals-eyeshadow-trio-coffe","status":"publish","type":"post","link":"https:\/\/www.imakeyousmile.se\/es\/glo-minerales-sombra-de-ojos-trio-coffe\/","title":{"rendered":"Glow Minerals - Tr\u00edo de sombras de ojos Coffe"},"content":{"rendered":"<div style=\"clear: both; text-align: left;\">\u00a1Aqu\u00ed est\u00e1 el segundo maquillaje que hice ayer en Frida!<\/div>\n<div style=\"clear: both; text-align: center;\"><\/div>\n<div style=\"clear: both; text-align: center;\"><\/div>\n<div style=\"clear: both; text-align: center;\"><a style=\"margin-left: 1em; margin-right: 1em;\" href=\"http:\/\/3.bp.blogspot.com\/-xkxajvkfKF0\/TwOnBAsXizI\/AAAAAAAAFWY\/JZbHjKZZUxQ\/s1600\/IMG_7703.JPG\"><img loading=\"lazy\" decoding=\"async\" src=\"http:\/\/3.bp.blogspot.com\/-xkxajvkfKF0\/TwOnBAsXizI\/AAAAAAAAFWY\/JZbHjKZZUxQ\/s400\/IMG_7703.JPG\" alt=\"\" width=\"400\" height=\"147\" border=\"0\" \/><\/a><\/div>\n<div style=\"clear: both; text-align: center;\"><a style=\"margin-left: 1em; margin-right: 1em;\" href=\"http:\/\/1.bp.blogspot.com\/-Dd5k1eUOX8o\/TwOnDa9CNcI\/AAAAAAAAFWk\/4W3JcC0oT-E\/s1600\/IMG_7712.JPG\"><img loading=\"lazy\" decoding=\"async\" src=\"http:\/\/1.bp.blogspot.com\/-Dd5k1eUOX8o\/TwOnDa9CNcI\/AAAAAAAAFWk\/4W3JcC0oT-E\/s400\/IMG_7712.JPG\" alt=\"\" width=\"400\" height=\"146\" border=\"0\" \/><\/a><\/div>\n<div style=\"clear: both; text-align: center;\"><\/div>\n<div style=\"clear: both; text-align: center;\"><\/div>\n<div style=\"clear: both; text-align: center;\"><\/div>\n<div style=\"clear: both; text-align: center;\"><\/div>\n<div style=\"text-align: center;\">Ha utilizado la paleta tr\u00edo de <em>Glo Minerals (tr\u00edo de sombras de ojos, Coffe)<\/em><\/div>\n<div style=\"text-align: center;\"><span style=\"color: #e06666;\">Dos rosas<\/span> y uno <span style=\"color: #783f04;\">marr\u00f3n<\/span><span style=\"color: #741b47;\">lila<\/span> sombra, aunque el maquillaje se vea <span style=\"color: #783f04;\">marr\u00f3n<\/span> y <span style=\"color: #e69138;\">dorado<\/span> Fuera de las fotos, no s\u00e9 para nada qu\u00e9 sac\u00f3 mi c\u00e1mara.<\/div>\n<div style=\"clear: both; text-align: center;\"><\/div>\n<div style=\"clear: both; text-align: center;\"><\/div>\n<div style=\"clear: both; text-align: center;\"><a style=\"margin-left: 1em; margin-right: 1em;\" href=\"http:\/\/1.bp.blogspot.com\/-O3NDTs2PexA\/TwOnCRrWZqI\/AAAAAAAAFWg\/kJ44fM1EzUc\/s1600\/IMG_7709.JPG\"><img loading=\"lazy\" decoding=\"async\" src=\"http:\/\/1.bp.blogspot.com\/-O3NDTs2PexA\/TwOnCRrWZqI\/AAAAAAAAFWg\/kJ44fM1EzUc\/s320\/IMG_7709.JPG\" alt=\"\" width=\"320\" height=\"316\" border=\"0\" \/><\/a><\/div>\n<div style=\"clear: both; text-align: center;\"><\/div>\n<div style=\"clear: both; text-align: center;\"><span style=\"color: #ea9999; font-size: large;\"><strong>Rosa claro<\/strong><\/span> sombra de ojos en el interior del p\u00e1rpado y en la parte inferior de la l\u00ednea de las pesta\u00f1as inferiores.<\/div>\n<div style=\"clear: both; text-align: center;\"><span style=\"color: #e06666; font-size: large;\"><strong>Rosa brillante<\/strong><\/span>\u00a0sombra de ojos en el medio del p\u00e1rpado y en el medio de la l\u00ednea de las pesta\u00f1as inferiores.<\/div>\n<div style=\"clear: both; text-align: center;\"><strong><span style=\"font-size: large;\"><span style=\"color: #783f04;\">marr\u00f3n<\/span><span style=\"color: #741b47;\">lila<\/span><\/span><\/strong> sombra de ojos al final de la l\u00ednea de las pesta\u00f1as inferiores, al final del p\u00e1rpado y a lo largo de la l\u00ednea del globo.<\/div>\n<div style=\"clear: both; text-align: center;\"><\/div>\n<div style=\"clear: both; text-align: center;\"><strong><span style=\"font-size: large;\">Delineador de ojos pastel negro<\/span><\/strong> en toda la l\u00ednea de las pesta\u00f1as + ala, <em>Kryolan.<\/em><\/div>\n<div style=\"clear: both; text-align: center;\"><strong><span style=\"font-size: large;\">R\u00edmel negro<\/span><\/strong> en las pesta\u00f1as superiores<em>, Fiberwig LX.<\/em><\/div>\n<div style=\"clear: both; text-align: center;\"><\/div>\n<div style=\"clear: both; text-align: center;\"><span style=\"color: #b45f06; font-size: large;\"><strong>Sombra de cejas<\/strong><\/span><em>, Glo Minerales,<\/em>\u00a0<em>D\u00fao de polvo de cejas Glo (Taupe y Brown)<\/em><\/div>\n<div style=\"clear: both; text-align: center;\"><a style=\"margin-left: 1em; margin-right: 1em;\" href=\"http:\/\/2.bp.blogspot.com\/-eZvephuhDkg\/TwOnFRqBwyI\/AAAAAAAAFWw\/uYOblvKh6Cw\/s1600\/IMG_7714.JPG\"><img loading=\"lazy\" decoding=\"async\" src=\"http:\/\/2.bp.blogspot.com\/-eZvephuhDkg\/TwOnFRqBwyI\/AAAAAAAAFWw\/uYOblvKh6Cw\/s640\/IMG_7714.JPG\" alt=\"\" width=\"420\" height=\"640\" border=\"0\" \/><\/a><\/div>\n<div style=\"clear: both; text-align: center;\"><\/div>\n<div style=\"clear: both; text-align: center;\">Colorete en los p\u00f3mulos -\u00a0<em>Glo Minerales,<\/em>\u00a0<em>Gl\u00f3Blush Papaya<\/em>.<\/div>\n<div style=\"clear: both; text-align: center;\">Colorete en las &quot;mejillas de manzana&quot; -\u00a0<em>Glo Minerales<\/em>,\u00a0<em>Gl\u00f3Rubor Dulce<\/em>.<\/div>\n<div style=\"clear: both; text-align: center;\">Brillo de labios, <em>Glo Minerals, Gl\u00f3Gloss Lily.<\/em><\/div>\n<div style=\"clear: both; text-align: center;\"><a style=\"margin-left: 1em; margin-right: 1em;\" href=\"http:\/\/4.bp.blogspot.com\/-wr_HTOwfvnE\/TwOnGRJxT-I\/AAAAAAAAFW4\/Au103gzrDuc\/s1600\/IMG_7726.JPG\"><img loading=\"lazy\" decoding=\"async\" src=\"http:\/\/4.bp.blogspot.com\/-wr_HTOwfvnE\/TwOnGRJxT-I\/AAAAAAAAFW4\/Au103gzrDuc\/s640\/IMG_7726.JPG\" alt=\"\" width=\"400\" height=\"640\" border=\"0\" \/><\/a><\/div>\n<div style=\"text-align: center;\"><span style=\"font-size: x-large;\">\u00bfQu\u00e9 piensas?<\/span><\/div>","protected":false},"excerpt":{"rendered":"<p>H\u00e4r kommer den andra sminkningen som jag gjorde p\u00e5 Frida ig\u00e5r! Har anv\u00e4nt triopalett fr\u00e5n Glo Minerals (Eyeshadow trio, Coffe) Tv\u00e5 rosa och en brunlila skugga, trots\u00a0att sminkningen ser brun och guldig ut p\u00e5 bilderna, vet inte alls vad som tog \u00e5t min kamera. Ljusrosa \u00f6gonskugga innerst p\u00e5 \u00f6gonlocket och innerst p\u00e5 undre fransraden. Skimrig [&hellip;]<\/p>\n","protected":false},"author":30,"featured_media":0,"comment_status":"open","ping_status":"open","sticky":false,"template":"","format":"standard","meta":{"footnotes":""},"categories":[3],"tags":[],"class_list":["post-1145","post","type-post","status-publish","format-standard","hentry","category-allmant"],"yoast_head":"<!-- This site is optimized with the Yoast SEO Premium plugin v14.9 - https:\/\/yoast.com\/wordpress\/plugins\/seo\/ -->\n<meta name=\"description\" content=\"Gl\u00f3 Minerals - Eyeshadow trio Coffe | Helena Amiley - H\u00e4r hittar du senaste infromation om sk\u00f6nhet, livsstil, entrepren\u00f6rskap, makeup &amp; tips.\" \/>\n<meta name=\"robots\" content=\"index, follow, max-snippet:-1, max-image-preview:large, max-video-preview:-1\" \/>\n<link rel=\"canonical\" href=\"https:\/\/www.imakeyousmile.se\/es\/glo-minerals-eyeshadow-trio-coffe\/\" \/>\n<meta property=\"og:locale\" content=\"es_ES\" \/>\n<meta property=\"og:type\" content=\"article\" \/>\n<meta property=\"og:title\" content=\"Gl\u00f3 Minerals - Eyeshadow trio Coffe | Imakeyousmile.se\" \/>\n<meta property=\"og:description\" content=\"Gl\u00f3 Minerals - Eyeshadow trio Coffe | Helena Amiley - H\u00e4r hittar du senaste infromation om sk\u00f6nhet, livsstil, entrepren\u00f6rskap, makeup &amp; tips.\" \/>\n<meta property=\"og:url\" content=\"https:\/\/www.imakeyousmile.se\/es\/glo-minerals-eyeshadow-trio-coffe\/\" \/>\n<meta property=\"og:site_name\" content=\"Imakeyousmile.se\" \/>\n<meta property=\"article:author\" content=\"https:\/\/www.facebook.com\/imakeyousmile.se\" \/>\n<meta property=\"article:published_time\" content=\"2012-01-04T07:00:00+00:00\" \/>\n<meta property=\"article:modified_time\" content=\"2014-08-11T18:17:38+00:00\" \/>\n<meta property=\"og:image\" content=\"http:\/\/3.bp.blogspot.com\/-xkxajvkfKF0\/TwOnBAsXizI\/AAAAAAAAFWY\/JZbHjKZZUxQ\/s400\/IMG_7703.JPG\" \/>\n<meta name=\"twitter:card\" content=\"summary_large_image\" \/>\n<script type=\"application\/ld+json\" class=\"yoast-schema-graph\">{\"@context\":\"https:\/\/schema.org\",\"@graph\":[{\"@type\":\"Organization\",\"@id\":\"https:\/\/www.imakeyousmile.se\/es\/#organization\",\"name\":\"Imakeyousmile\",\"url\":\"https:\/\/www.imakeyousmile.se\/es\/\",\"sameAs\":[],\"logo\":{\"@type\":\"ImageObject\",\"@id\":\"https:\/\/www.imakeyousmile.se\/es\/#logo\",\"inLanguage\":\"es\",\"url\":\"https:\/\/www.imakeyousmile.se\/wp-content\/uploads\/2020\/10\/HELENA-AMILEY_SVART-1-e1603367975324.png\",\"width\":280,\"height\":93,\"caption\":\"Imakeyousmile\"},\"image\":{\"@id\":\"https:\/\/www.imakeyousmile.se\/es\/#logo\"}},{\"@type\":\"WebSite\",\"@id\":\"https:\/\/www.imakeyousmile.se\/es\/#website\",\"url\":\"https:\/\/www.imakeyousmile.se\/es\/\",\"name\":\"Imakeyousmile.se\",\"description\":\"Helena Amiley - Beauty, Entrepreneur, Lifestyle\",\"publisher\":{\"@id\":\"https:\/\/www.imakeyousmile.se\/es\/#organization\"},\"potentialAction\":[{\"@type\":\"SearchAction\",\"target\":\"https:\/\/www.imakeyousmile.se\/es\/?s={search_term_string}\",\"query-input\":\"required name=search_term_string\"}],\"inLanguage\":\"es\"},{\"@type\":\"ImageObject\",\"@id\":\"https:\/\/www.imakeyousmile.se\/glo-minerals-eyeshadow-trio-coffe\/#primaryimage\",\"inLanguage\":\"es\",\"url\":\"http:\/\/3.bp.blogspot.com\/-xkxajvkfKF0\/TwOnBAsXizI\/AAAAAAAAFWY\/JZbHjKZZUxQ\/s400\/IMG_7703.JPG\"},{\"@type\":\"WebPage\",\"@id\":\"https:\/\/www.imakeyousmile.se\/glo-minerals-eyeshadow-trio-coffe\/#webpage\",\"url\":\"https:\/\/www.imakeyousmile.se\/glo-minerals-eyeshadow-trio-coffe\/\",\"name\":\"Gl\\u00f3 Minerals - Eyeshadow trio Coffe | Imakeyousmile.se\",\"isPartOf\":{\"@id\":\"https:\/\/www.imakeyousmile.se\/es\/#website\"},\"primaryImageOfPage\":{\"@id\":\"https:\/\/www.imakeyousmile.se\/glo-minerals-eyeshadow-trio-coffe\/#primaryimage\"},\"datePublished\":\"2012-01-04T07:00:00+00:00\",\"dateModified\":\"2014-08-11T18:17:38+00:00\",\"description\":\"Gl\\u00f3 Minerals - Eyeshadow trio Coffe | Helena Amiley - H\\u00e4r hittar du senaste infromation om sk\\u00f6nhet, livsstil, entrepren\\u00f6rskap, makeup & tips.\",\"inLanguage\":\"es\",\"potentialAction\":[{\"@type\":\"ReadAction\",\"target\":[\"https:\/\/www.imakeyousmile.se\/glo-minerals-eyeshadow-trio-coffe\/\"]}]},{\"@type\":\"Article\",\"@id\":\"https:\/\/www.imakeyousmile.se\/glo-minerals-eyeshadow-trio-coffe\/#article\",\"isPartOf\":{\"@id\":\"https:\/\/www.imakeyousmile.se\/glo-minerals-eyeshadow-trio-coffe\/#webpage\"},\"author\":{\"@id\":\"https:\/\/www.imakeyousmile.se\/es\/#\/schema\/person\/b0fd43b1c6bb1c60cfd68bff9b4a10fb\"},\"headline\":\"Gl\\u00f3 Minerals &#8211; Eyeshadow trio Coffe\",\"datePublished\":\"2012-01-04T07:00:00+00:00\",\"dateModified\":\"2014-08-11T18:17:38+00:00\",\"mainEntityOfPage\":{\"@id\":\"https:\/\/www.imakeyousmile.se\/glo-minerals-eyeshadow-trio-coffe\/#webpage\"},\"commentCount\":0,\"publisher\":{\"@id\":\"https:\/\/www.imakeyousmile.se\/es\/#organization\"},\"image\":{\"@id\":\"https:\/\/www.imakeyousmile.se\/glo-minerals-eyeshadow-trio-coffe\/#primaryimage\"},\"articleSection\":\"\\u00d6vrigt\",\"inLanguage\":\"es\",\"potentialAction\":[{\"@type\":\"CommentAction\",\"name\":\"Comment\",\"target\":[\"https:\/\/www.imakeyousmile.se\/glo-minerals-eyeshadow-trio-coffe\/#respond\"]}]},{\"@type\":\"Person\",\"@id\":\"https:\/\/www.imakeyousmile.se\/es\/#\/schema\/person\/b0fd43b1c6bb1c60cfd68bff9b4a10fb\",\"name\":\"Helena Amiley\",\"image\":{\"@type\":\"ImageObject\",\"@id\":\"https:\/\/www.imakeyousmile.se\/es\/#personlogo\",\"inLanguage\":\"es\",\"url\":\"https:\/\/secure.gravatar.com\/avatar\/5645558e1e355457a23368d7e1b4c904?s=96&d=mm&r=g\",\"caption\":\"Helena Amiley\"},\"description\":\"Jag skriver mest om sk\\u00f6nhet men bjuder \\u00e4ven p\\u00e5 glimtar fr\\u00e5n entrepren\\u00f6rlivet och bygget av v\\u00e5r egen camper van. Vanlife here we come!\",\"sameAs\":[\"https:\/\/www.facebook.com\/imakeyousmile.se\",\"https:\/\/www.instagram.com\/helenaamiley\",\"https:\/\/www.youtube.com\/channel\/UCR5iB6rvpV6Yr8ZjpQfr5mg?view_as=subscriber\"]}]}<\/script>\n<!-- \/ Yoast SEO Premium plugin. -->","_links":{"self":[{"href":"https:\/\/www.imakeyousmile.se\/es\/wp-json\/wp\/v2\/posts\/1145"}],"collection":[{"href":"https:\/\/www.imakeyousmile.se\/es\/wp-json\/wp\/v2\/posts"}],"about":[{"href":"https:\/\/www.imakeyousmile.se\/es\/wp-json\/wp\/v2\/types\/post"}],"author":[{"embeddable":true,"href":"https:\/\/www.imakeyousmile.se\/es\/wp-json\/wp\/v2\/users\/30"}],"replies":[{"embeddable":true,"href":"https:\/\/www.imakeyousmile.se\/es\/wp-json\/wp\/v2\/comments?post=1145"}],"version-history":[{"count":0,"href":"https:\/\/www.imakeyousmile.se\/es\/wp-json\/wp\/v2\/posts\/1145\/revisions"}],"wp:attachment":[{"href":"https:\/\/www.imakeyousmile.se\/es\/wp-json\/wp\/v2\/media?parent=1145"}],"wp:term":[{"taxonomy":"category","embeddable":true,"href":"https:\/\/www.imakeyousmile.se\/es\/wp-json\/wp\/v2\/categories?post=1145"},{"taxonomy":"post_tag","embeddable":true,"href":"https:\/\/www.imakeyousmile.se\/es\/wp-json\/wp\/v2\/tags?post=1145"}],"curies":[{"name":"wp","href":"https:\/\/api.w.org\/{rel}","templated":true}]}}