{"id":1151,"date":"2012-01-02T18:57:00","date_gmt":"2012-01-02T17:57:00","guid":{"rendered":"http:\/\/www.imakeyousmile.se\/d-j-v-beautenizer-fiberwig-lx-fiberwig-volume-lash\/"},"modified":"2012-12-02T18:34:00","modified_gmt":"2012-12-02T17:34:00","slug":"d-j-v-beautenizer-fiberwig-lx-fiberwig-volume-lash","status":"publish","type":"post","link":"https:\/\/www.imakeyousmile.se\/es\/djv-beautenizer-fiberwig-lx-fiberwig-volumen-pestanas\/","title":{"rendered":"djv beautenizer - Fiberwig LX y Fiberwig volume lash"},"content":{"rendered":"<p>El r\u00edmel Fiberwig sobre el que escrib\u00ed antes, ha llegado <span style=\"font-size: x-large;\">dos<\/span> nuevas versiones mejoradas. Y la marca ahora se llama <em>djv beautenizer.<\/em><\/p>\n<p>Las m\u00e1scaras de Fiberwig encapsulan cada pesta\u00f1a en una membrana de alta fibra. Tanto libre de manchas como a prueba de frotamientos, y se lava f\u00e1cilmente con agua tibia (<em>\u00a1No necesitas desmaquillarte en absoluto!)<\/em><\/p>\n<p><strong><span style=\"text-decoration: underline;\">Ventajas de la nueva versi\u00f3n:<\/span><\/strong><br \/>\n<strong>\u2022 Contiene el doble de fibra alargada.<\/strong><br \/>\n<strong>\u2022 Contiene aceites de cuidado que mantienen las pesta\u00f1as sanas y el\u00e1sticas.<\/strong><br \/>\n<strong>\u2022 Tiene un cepillo curvo para facilitar la aplicaci\u00f3n.<\/strong><\/p>\n<p>No noto ninguna diferencia importante respecto al anterior. <em>Peluca de fibra<\/em> y la nueva versi\u00f3n <em>Peluca de fibra LX<\/em>. Sin embargo, me gusta mucho m\u00e1s el cepillo de Fiberwig LX.<\/p>\n<p>Sin embargo, noto <span style=\"font-size: x-large;\">gran diferencia<\/span> en la segunda versi\u00f3n, <em>Pesta\u00f1as de volumen Fiberwig<\/em> que deber\u00eda dar m\u00e1s volumen, \u00a1y realmente lo hace!<\/p>\n<div style=\"clear: both; text-align: center;\"><a style=\"margin-left: 1em; margin-right: 1em;\" href=\"http:\/\/3.bp.blogspot.com\/-BatWU-BAlxY\/TwHoxOnF-1I\/AAAAAAAAFSI\/sBv0mR4H8G0\/s1600\/IMG_7482.JPG\"><img loading=\"lazy\" decoding=\"async\" src=\"http:\/\/3.bp.blogspot.com\/-BatWU-BAlxY\/TwHoxOnF-1I\/AAAAAAAAFSI\/sBv0mR4H8G0\/s320\/IMG_7482.JPG\" alt=\"\" width=\"320\" height=\"271\" border=\"0\" \/><\/a><\/div>\n<div style=\"clear: both; text-align: center;\"><\/div>\n<div style=\"text-align: center;\">As\u00ed se volvieron mis pesta\u00f1as con eso <span style=\"font-size: x-large;\">versi\u00f3n antigua<\/span> de Fiberwig.<\/div>\n<div style=\"clear: both; text-align: center;\">\n<\/div>\n<div style=\"clear: both; text-align: center;\"><a style=\"margin-left: 1em; margin-right: 1em;\" href=\"http:\/\/4.bp.blogspot.com\/-1-cV1hR3zQs\/TwHpEYDPjqI\/AAAAAAAAFSY\/OihBYqHHAUc\/s1600\/fiberwig+LX+mascara.jpg\"><img loading=\"lazy\" decoding=\"async\" src=\"http:\/\/4.bp.blogspot.com\/-1-cV1hR3zQs\/TwHpEYDPjqI\/AAAAAAAAFSY\/OihBYqHHAUc\/s320\/fiberwig+LX+mascara.jpg\" alt=\"\" width=\"320\" height=\"256\" border=\"0\" \/><\/a><\/div>\n<div style=\"clear: both; text-align: center;\"><\/div>\n<div style=\"clear: both; text-align: center;\"><em>Nuevo Fiberwig LX.<\/em><\/div>\n<div style=\"clear: both; text-align: center;\"><a style=\"margin-left: 1em; margin-right: 1em;\" href=\"http:\/\/1.bp.blogspot.com\/-mU4jDm62ETI\/TwHpIB9JpFI\/AAAAAAAAFSg\/Jn_iM1U4kug\/s1600\/IMG_7459.JPG\"><img loading=\"lazy\" decoding=\"async\" src=\"http:\/\/1.bp.blogspot.com\/-mU4jDm62ETI\/TwHpIB9JpFI\/AAAAAAAAFSg\/Jn_iM1U4kug\/s320\/IMG_7459.JPG\" alt=\"\" width=\"320\" height=\"262\" border=\"0\" \/><\/a><\/div>\n<div style=\"clear: both; text-align: center;\"><\/div>\n<div style=\"clear: both; text-align: center;\">No hay gran diferencia como dije, \u00a1excepto la aplicaci\u00f3n!<\/div>\n<div style=\"clear: both; text-align: center;\"><a style=\"margin-left: 1em; margin-right: 1em;\" href=\"http:\/\/3.bp.blogspot.com\/-hqKlNjEGq6c\/TwHpK2Taq0I\/AAAAAAAAFSo\/UsUeW11QoBA\/s1600\/fiberwig+volume+lash.jpg\"><img decoding=\"async\" src=\"http:\/\/3.bp.blogspot.com\/-hqKlNjEGq6c\/TwHpK2Taq0I\/AAAAAAAAFSo\/UsUeW11QoBA\/s1600\/fiberwig+volume+lash.jpg\" alt=\"\" border=\"0\" \/><\/a><\/div>\n<div style=\"clear: both; text-align: center;\"><\/div>\n<div style=\"clear: both; text-align: center;\"><em>Nuevas pesta\u00f1as de volumen Fiberwig.<\/em><\/div>\n<div style=\"clear: both; text-align: center;\"><a style=\"margin-left: 1em; margin-right: 1em;\" href=\"http:\/\/2.bp.blogspot.com\/-dLPa9I7Wbyg\/TwHpOF_R1kI\/AAAAAAAAFSw\/Fn3VT-hS3WA\/s1600\/IMG_7476.JPG\"><img loading=\"lazy\" decoding=\"async\" src=\"http:\/\/2.bp.blogspot.com\/-dLPa9I7Wbyg\/TwHpOF_R1kI\/AAAAAAAAFSw\/Fn3VT-hS3WA\/s320\/IMG_7476.JPG\" alt=\"\" width=\"320\" height=\"262\" border=\"0\" \/><\/a><\/div>\n<div style=\"clear: both; text-align: center;\"><em>\u00a1Pero mira el volumen aqu\u00ed!<\/em><\/div>\n<div style=\"clear: both; text-align: center;\"><\/div>\n<div style=\"clear: both; text-align: center;\"><\/div>\n<p>Creo que ambas m\u00e1scaras son geniales, pero si tuviera que elegir una, elegir\u00eda <em>Fiberwig LX.<\/em><\/p>\n<p>Obtiene un volumen extremadamente bueno con\u00a0<em>Pesta\u00f1as de volumen Fiberwig<\/em>, pero en la vida cotidiana probablemente elija un poco m\u00e1s <span style=\"font-size: x-large;\">discreto<\/span> y pesta\u00f1as separadas. El resultado no fue nada complicado con la m\u00e1scara Volume, pero tienes que trabajar un poco m\u00e1s para que las pesta\u00f1as luzcan bien.<\/p>\n<p>Pero si puedes darte un capricho, por supuesto te recomiendo\u00a0<span style=\"font-size: x-large;\">ambos <\/span>las m\u00e1scaras en la bolsa de maquillaje, una para todos los d\u00edas y otra para la fiesta :)<br \/>\n<strong><br \/>\n<\/strong><br \/>\n<strong>Fiberwig Volume Lash tambi\u00e9n es <span style=\"font-size: large;\"><span style=\"font-size: x-large;\">ganador<\/span> <\/span>de los mejores fijadores de pesta\u00f1as en los Tara Beauty Awards 2011 con la motivaci\u00f3n:<\/strong><br \/>\n<strong><br \/>\n<\/strong><br \/>\n<strong><em>\u201cUnos pocos trazos con el pincel en forma de cono dan pesta\u00f1as con una agradable separaci\u00f3n y un volumen fant\u00e1stico. Adem\u00e1s, las pesta\u00f1as se limpian solo con agua tibia. \u00a1Amor a primera vista!&quot;<\/em><\/strong><br \/>\n<strong><em><\/em><\/strong><br \/>\n<strong><em><\/em><\/strong><br \/>\n<strong><em><\/em><\/strong><br \/>\n<em>(Ambas m\u00e1scaras est\u00e1n disponibles para su compra <\/em><a href=\"http:\/\/creativemakeup.se\/\"><strong><em>Creativemakeup.se<\/em><\/strong><\/a><em>)<\/em><\/p>\n<div style=\"text-align: center;\"><span style=\"font-size: x-large;\">\u00a1No del todo mal! <\/span><span style=\"font-size: large;\">:)<\/span><\/div>","protected":false},"excerpt":{"rendered":"<p>Fiberwig mascaran som jag skrivit om tidigare, har\u00a0kommit i tv\u00e5 nya f\u00f6rb\u00e4ttrade versioner. Och m\u00e4rket heter\u00a0nu d.j.v beautenizer. Fiberwig&#8217;s mascaror\u00a0kapslar in varje frans i en fiberrik hinna. B\u00e5de kladdfri och gnuggs\u00e4ker, och tv\u00e4ttas enkelt bort med ljummet vatten (man beh\u00f6ver ingen sminkborttagning alls!) Den nya versionenens f\u00f6rdelar: \u2022Inneh\u00e5ller dubbelt s\u00e5 mycket f\u00f6rl\u00e4ngande fibrer. \u2022Inneh\u00e5ller v\u00e5rdande [&hellip;]<\/p>\n","protected":false},"author":30,"featured_media":0,"comment_status":"open","ping_status":"open","sticky":false,"template":"","format":"standard","meta":{"footnotes":""},"categories":[61,59],"tags":[],"class_list":["post-1151","post","type-post","status-publish","format-standard","hentry","category-ogonfransar","category-recensioner-produkttips"],"yoast_head":"<!-- This site is optimized with the Yoast SEO Premium plugin v14.9 - https:\/\/yoast.com\/wordpress\/plugins\/seo\/ -->\n<meta name=\"description\" content=\"d.j.v beautenizer - Fiberwig LX &amp; Fiberwig volume lash | Helena Amiley - H\u00e4r hittar du senaste infromation om sk\u00f6nhet, livsstil, entrepren\u00f6rskap, makeup &amp; tips.\" \/>\n<meta name=\"robots\" content=\"index, follow, max-snippet:-1, max-image-preview:large, max-video-preview:-1\" \/>\n<link rel=\"canonical\" href=\"https:\/\/www.imakeyousmile.se\/es\/d-j-v-beautenizer-fiberwig-lx-fiberwig-volume-lash\/\" \/>\n<meta property=\"og:locale\" content=\"es_ES\" \/>\n<meta property=\"og:type\" content=\"article\" \/>\n<meta property=\"og:title\" content=\"d.j.v beautenizer - Fiberwig LX &amp; Fiberwig volume lash | Imakeyousmile.se\" \/>\n<meta property=\"og:description\" content=\"d.j.v beautenizer - Fiberwig LX &amp; Fiberwig volume lash | Helena Amiley - H\u00e4r hittar du senaste infromation om sk\u00f6nhet, livsstil, entrepren\u00f6rskap, makeup &amp; tips.\" \/>\n<meta property=\"og:url\" content=\"https:\/\/www.imakeyousmile.se\/es\/d-j-v-beautenizer-fiberwig-lx-fiberwig-volume-lash\/\" \/>\n<meta property=\"og:site_name\" content=\"Imakeyousmile.se\" \/>\n<meta property=\"article:author\" content=\"https:\/\/www.facebook.com\/imakeyousmile.se\" \/>\n<meta property=\"article:published_time\" content=\"2012-01-02T17:57:00+00:00\" \/>\n<meta property=\"article:modified_time\" content=\"2012-12-02T17:34:00+00:00\" \/>\n<meta property=\"og:image\" content=\"http:\/\/3.bp.blogspot.com\/-BatWU-BAlxY\/TwHoxOnF-1I\/AAAAAAAAFSI\/sBv0mR4H8G0\/s320\/IMG_7482.JPG\" \/>\n<meta name=\"twitter:card\" content=\"summary_large_image\" \/>\n<script type=\"application\/ld+json\" class=\"yoast-schema-graph\">{\"@context\":\"https:\/\/schema.org\",\"@graph\":[{\"@type\":\"Organization\",\"@id\":\"https:\/\/www.imakeyousmile.se\/es\/#organization\",\"name\":\"Imakeyousmile\",\"url\":\"https:\/\/www.imakeyousmile.se\/es\/\",\"sameAs\":[],\"logo\":{\"@type\":\"ImageObject\",\"@id\":\"https:\/\/www.imakeyousmile.se\/es\/#logo\",\"inLanguage\":\"es\",\"url\":\"https:\/\/www.imakeyousmile.se\/wp-content\/uploads\/2020\/10\/HELENA-AMILEY_SVART-1-e1603367975324.png\",\"width\":280,\"height\":93,\"caption\":\"Imakeyousmile\"},\"image\":{\"@id\":\"https:\/\/www.imakeyousmile.se\/es\/#logo\"}},{\"@type\":\"WebSite\",\"@id\":\"https:\/\/www.imakeyousmile.se\/es\/#website\",\"url\":\"https:\/\/www.imakeyousmile.se\/es\/\",\"name\":\"Imakeyousmile.se\",\"description\":\"Helena Amiley - Beauty, Entrepreneur, Lifestyle\",\"publisher\":{\"@id\":\"https:\/\/www.imakeyousmile.se\/es\/#organization\"},\"potentialAction\":[{\"@type\":\"SearchAction\",\"target\":\"https:\/\/www.imakeyousmile.se\/es\/?s={search_term_string}\",\"query-input\":\"required name=search_term_string\"}],\"inLanguage\":\"es\"},{\"@type\":\"ImageObject\",\"@id\":\"https:\/\/www.imakeyousmile.se\/d-j-v-beautenizer-fiberwig-lx-fiberwig-volume-lash\/#primaryimage\",\"inLanguage\":\"es\",\"url\":\"http:\/\/3.bp.blogspot.com\/-BatWU-BAlxY\/TwHoxOnF-1I\/AAAAAAAAFSI\/sBv0mR4H8G0\/s320\/IMG_7482.JPG\"},{\"@type\":\"WebPage\",\"@id\":\"https:\/\/www.imakeyousmile.se\/d-j-v-beautenizer-fiberwig-lx-fiberwig-volume-lash\/#webpage\",\"url\":\"https:\/\/www.imakeyousmile.se\/d-j-v-beautenizer-fiberwig-lx-fiberwig-volume-lash\/\",\"name\":\"d.j.v beautenizer - Fiberwig LX & Fiberwig volume lash | Imakeyousmile.se\",\"isPartOf\":{\"@id\":\"https:\/\/www.imakeyousmile.se\/es\/#website\"},\"primaryImageOfPage\":{\"@id\":\"https:\/\/www.imakeyousmile.se\/d-j-v-beautenizer-fiberwig-lx-fiberwig-volume-lash\/#primaryimage\"},\"datePublished\":\"2012-01-02T17:57:00+00:00\",\"dateModified\":\"2012-12-02T17:34:00+00:00\",\"description\":\"d.j.v beautenizer - Fiberwig LX & Fiberwig volume lash | Helena Amiley - H\\u00e4r hittar du senaste infromation om sk\\u00f6nhet, livsstil, entrepren\\u00f6rskap, makeup & tips.\",\"inLanguage\":\"es\",\"potentialAction\":[{\"@type\":\"ReadAction\",\"target\":[\"https:\/\/www.imakeyousmile.se\/d-j-v-beautenizer-fiberwig-lx-fiberwig-volume-lash\/\"]}]},{\"@type\":\"Article\",\"@id\":\"https:\/\/www.imakeyousmile.se\/d-j-v-beautenizer-fiberwig-lx-fiberwig-volume-lash\/#article\",\"isPartOf\":{\"@id\":\"https:\/\/www.imakeyousmile.se\/d-j-v-beautenizer-fiberwig-lx-fiberwig-volume-lash\/#webpage\"},\"author\":{\"@id\":\"https:\/\/www.imakeyousmile.se\/es\/#\/schema\/person\/b0fd43b1c6bb1c60cfd68bff9b4a10fb\"},\"headline\":\"d.j.v beautenizer &#8211; Fiberwig LX &#038; Fiberwig volume lash\",\"datePublished\":\"2012-01-02T17:57:00+00:00\",\"dateModified\":\"2012-12-02T17:34:00+00:00\",\"mainEntityOfPage\":{\"@id\":\"https:\/\/www.imakeyousmile.se\/d-j-v-beautenizer-fiberwig-lx-fiberwig-volume-lash\/#webpage\"},\"commentCount\":0,\"publisher\":{\"@id\":\"https:\/\/www.imakeyousmile.se\/es\/#organization\"},\"image\":{\"@id\":\"https:\/\/www.imakeyousmile.se\/d-j-v-beautenizer-fiberwig-lx-fiberwig-volume-lash\/#primaryimage\"},\"articleSection\":\"\\u00d6gonfransar,Recensioner &amp; Produkttips\",\"inLanguage\":\"es\",\"potentialAction\":[{\"@type\":\"CommentAction\",\"name\":\"Comment\",\"target\":[\"https:\/\/www.imakeyousmile.se\/d-j-v-beautenizer-fiberwig-lx-fiberwig-volume-lash\/#respond\"]}]},{\"@type\":\"Person\",\"@id\":\"https:\/\/www.imakeyousmile.se\/es\/#\/schema\/person\/b0fd43b1c6bb1c60cfd68bff9b4a10fb\",\"name\":\"Helena Amiley\",\"image\":{\"@type\":\"ImageObject\",\"@id\":\"https:\/\/www.imakeyousmile.se\/es\/#personlogo\",\"inLanguage\":\"es\",\"url\":\"https:\/\/secure.gravatar.com\/avatar\/5645558e1e355457a23368d7e1b4c904?s=96&d=mm&r=g\",\"caption\":\"Helena Amiley\"},\"description\":\"Jag skriver mest om sk\\u00f6nhet men bjuder \\u00e4ven p\\u00e5 glimtar fr\\u00e5n entrepren\\u00f6rlivet och bygget av v\\u00e5r egen camper van. Vanlife here we come!\",\"sameAs\":[\"https:\/\/www.facebook.com\/imakeyousmile.se\",\"https:\/\/www.instagram.com\/helenaamiley\",\"https:\/\/www.youtube.com\/channel\/UCR5iB6rvpV6Yr8ZjpQfr5mg?view_as=subscriber\"]}]}<\/script>\n<!-- \/ Yoast SEO Premium plugin. -->","_links":{"self":[{"href":"https:\/\/www.imakeyousmile.se\/es\/wp-json\/wp\/v2\/posts\/1151"}],"collection":[{"href":"https:\/\/www.imakeyousmile.se\/es\/wp-json\/wp\/v2\/posts"}],"about":[{"href":"https:\/\/www.imakeyousmile.se\/es\/wp-json\/wp\/v2\/types\/post"}],"author":[{"embeddable":true,"href":"https:\/\/www.imakeyousmile.se\/es\/wp-json\/wp\/v2\/users\/30"}],"replies":[{"embeddable":true,"href":"https:\/\/www.imakeyousmile.se\/es\/wp-json\/wp\/v2\/comments?post=1151"}],"version-history":[{"count":0,"href":"https:\/\/www.imakeyousmile.se\/es\/wp-json\/wp\/v2\/posts\/1151\/revisions"}],"wp:attachment":[{"href":"https:\/\/www.imakeyousmile.se\/es\/wp-json\/wp\/v2\/media?parent=1151"}],"wp:term":[{"taxonomy":"category","embeddable":true,"href":"https:\/\/www.imakeyousmile.se\/es\/wp-json\/wp\/v2\/categories?post=1151"},{"taxonomy":"post_tag","embeddable":true,"href":"https:\/\/www.imakeyousmile.se\/es\/wp-json\/wp\/v2\/tags?post=1151"}],"curies":[{"name":"wp","href":"https:\/\/api.w.org\/{rel}","templated":true}]}}