{"id":11698,"date":"2014-03-01T08:17:31","date_gmt":"2014-03-01T07:17:31","guid":{"rendered":"http:\/\/www.imakeyousmile.se\/?p=11698"},"modified":"2021-09-14T20:20:43","modified_gmt":"2021-09-14T18:20:43","slug":"sparkling-makeup","status":"publish","type":"post","link":"https:\/\/www.imakeyousmile.se\/es\/maquillaje-brillante\/","title":{"rendered":"Maquillaje brillante"},"content":{"rendered":"<p>\u00a1Buen d\u00eda s\u00e1bado!<\/p>\n<p>Si vas a ir a la cocina esta noche, aqu\u00ed tienes algo de inspiraci\u00f3n :)<\/p>\n<p>El brillo en el p\u00e1rpado son dos sombras de ojos en crema diferentes mezcladas entre s\u00ed, y solo lo frot\u00e9 con un pincel de sombra de ojos plano despu\u00e9s de fumar la l\u00ednea del globo. Busenkelt!<\/p>\n<p><a href=\"http:\/\/www.imakeyousmile.se\/wp-content\/uploads\/2014\/02\/IMG_2428_11.jpg\"><img loading=\"lazy\" decoding=\"async\" src=\"http:\/\/www.imakeyousmile.se\/wp-content\/uploads\/2014\/02\/IMG_2428_11-1024x581.jpg\" alt=\"IMG_2428_11\" width=\"1024\" height=\"581\" \/><\/a><\/p>\n<p>El sol casi se hab\u00eda puesto cuando me maquill\u00e9 ayer, por eso las fotos est\u00e1n un poco gris\u00e1ceas.<\/p>\n<p><a href=\"http:\/\/www.imakeyousmile.se\/wp-content\/uploads\/2014\/02\/kr\u00e4m\u00f6gonskuggor.jpg\"><img loading=\"lazy\" decoding=\"async\" class=\"alignnone size-full wp-image-11704\" src=\"http:\/\/www.imakeyousmile.se\/wp-content\/uploads\/2014\/02\/kr\u00e4m\u00f6gonskuggor.jpg\" alt=\"sombras de ojos en crema\" width=\"488\" height=\"576\" srcset=\"https:\/\/www.imakeyousmile.se\/wp-content\/uploads\/2014\/02\/kr\u00e4m\u00f6gonskuggor.jpg 488w, https:\/\/www.imakeyousmile.se\/wp-content\/uploads\/2014\/02\/kr\u00e4m\u00f6gonskuggor-254x300.jpg 254w\" sizes=\"(max-width: 488px) 100vw, 488px\" \/><\/a><\/p>\n<p>&nbsp;<\/p>\n<p>Sombra de ojos en crema con purpurina azul y plateada mezcladas entre s\u00ed, \u00a1combo de mierda!<\/p>\n<p><a href=\"http:\/\/www.imakeyousmile.se\/wp-content\/uploads\/2014\/02\/IMG_2428_1-kopia1.jpg\"><img loading=\"lazy\" decoding=\"async\" class=\"alignnone size-large wp-image-11702\" src=\"http:\/\/www.imakeyousmile.se\/wp-content\/uploads\/2014\/02\/IMG_2428_1-kopia1-1024x1015.jpg\" alt=\"IMG_2428_1 --- copia1\" width=\"1024\" height=\"1015\" srcset=\"https:\/\/www.imakeyousmile.se\/wp-content\/uploads\/2014\/02\/IMG_2428_1-kopia1-1024x1015.jpg 1024w, https:\/\/www.imakeyousmile.se\/wp-content\/uploads\/2014\/02\/IMG_2428_1-kopia1-150x150.jpg 150w, https:\/\/www.imakeyousmile.se\/wp-content\/uploads\/2014\/02\/IMG_2428_1-kopia1-300x297.jpg 300w, https:\/\/www.imakeyousmile.se\/wp-content\/uploads\/2014\/02\/IMG_2428_1-kopia1.jpg 1377w\" sizes=\"(max-width: 1024px) 100vw, 1024px\" \/><\/a><\/p>\n<p>&nbsp;<\/p>\n<p><strong><span style=\"color: #000000;\">Sombra de ojos negra<\/span><\/strong> ahumado en la l\u00ednea de las pesta\u00f1as inferiores y en la l\u00ednea del globo,<a href=\"https:\/\/ion.lyko.com\/t\/t?a=1117786221&amp;as=1548102449&amp;t=2&amp;tk=1&amp;epi=search-replae-88palette&amp;url=https:\/\/lyko.com\/sv\/pashion\/pashion-cosmetic-88-eye-palette-pashion\/\" target=\"_blank\" rel=\"noopener\"> Paleta iMys earthy 88.<\/a><br \/>\n<strong><span style=\"color: #999999;\">Sombra de ojos plateada<\/span><\/strong>, <a href=\"https:\/\/go.nordicfeel.se\/t\/t?a=872761485&amp;as=1548102449&amp;t=2&amp;tk=1&amp;epi=search-replace-glitter&amp;url=https:\/\/www.nordicfeel.se\/search?q=glitter%20%C3%B6gonskugga\" target=\"_blank\" rel=\"noopener\">Glaseado con purpurina demasiado cara (chispas plateadas) <\/a>mezclado con<strong><span style=\"color: #3366ff;\"> sombra de ojos azul<\/span><\/strong>, <a href=\"https:\/\/ion.lyko.com\/t\/t?a=1117786221&amp;as=1548102449&amp;t=2&amp;tk=1&amp;epi=search-replace-isadoraeyeshadow&amp;url=https:\/\/lyko.com\/sv\/sok?q=isadora+blue+eyeshadow\" target=\"_blank\" rel=\"noopener\">Sombra de ojos IsaDora Cream Mousse (30 Galazy) <\/a>\u00a0m\u00e1s interno en el p\u00e1rpado y en la esquina del ojo.<br \/>\n<strong><span style=\"color: #000000;\">Delineador de ojos negro<\/span><\/strong> a lo largo de la l\u00ednea de flotaci\u00f3n y la l\u00ednea de las pesta\u00f1as superiores, <a href=\"https:\/\/dot.yves-rocher.se\/t\/t?a=138068268&amp;as=1548102449&amp;t=2&amp;tk=1&amp;epi=search-replace-yveskajal&amp;url=https:\/\/www.yves-rocher.se\/smink\/ogon\/ogonpenna-och-eyeliner\/c\/23200\" target=\"_blank\" rel=\"noopener\">Delineador de ojos Yves Rocher (01 Noir)<br \/>\n<\/a><strong>R\u00edmel negro<\/strong> en todas las pesta\u00f1as, <em>M\u00e1scara Oriflame The ONE Volume Blast.<\/em><\/p>\n<p><a href=\"http:\/\/www.imakeyousmile.se\/wp-content\/uploads\/2014\/02\/IMG_2477_111.jpg\"><img loading=\"lazy\" decoding=\"async\" class=\"alignnone size-large wp-image-11701\" src=\"http:\/\/www.imakeyousmile.se\/wp-content\/uploads\/2014\/02\/IMG_2477_111-866x1024.jpg\" alt=\"IMG_2477_111\" width=\"866\" height=\"1024\" srcset=\"https:\/\/www.imakeyousmile.se\/wp-content\/uploads\/2014\/02\/IMG_2477_111-866x1024.jpg 866w, https:\/\/www.imakeyousmile.se\/wp-content\/uploads\/2014\/02\/IMG_2477_111-253x300.jpg 253w\" sizes=\"(max-width: 866px) 100vw, 866px\" \/><\/a><\/p>\n<p>&nbsp;<\/p>\n<p>\u00a1Habr\u00e1 un tutorial en los labios en modernmom.se m\u00e1s tarde hoy! :)<\/p>\n<p><strong>\u00a1Abrazo!<\/strong><\/p>","protected":false},"excerpt":{"rendered":"<p>Godmorgon l\u00f6rdag! Om ni ska ut p\u00e5 galej ikv\u00e4ll s\u00e5 kommer lite inspiration h\u00e4r :) Glittret p\u00e5 \u00f6gonlocket \u00e4r tv\u00e5 olika kr\u00e4m\u00f6gonskuggor blandade med varandra, och jag har bara duttat dit det med en platt \u00f6gonskuggsborste efter att jag sotade globlinjen. Busenkelt! Solen hade n\u00e4stan g\u00e5tt ner n\u00e4r jag gjorde sminkningen ig\u00e5r, det \u00e4r d\u00e4rf\u00f6r [&hellip;]<\/p>\n","protected":false},"author":30,"featured_media":11703,"comment_status":"open","ping_status":"closed","sticky":false,"template":"","format":"standard","meta":{"footnotes":""},"categories":[9],"tags":[95,143,1447,1355,1824],"class_list":["post-11698","post","type-post","status-publish","format-standard","has-post-thumbnail","hentry","category-partysminkningar","tag-glittersminkning","tag-glittrig-sminkning","tag-glittrig-sotning","tag-kramogonskugga","tag-sotade-ogon-med-glitter"],"yoast_head":"<!-- This site is optimized with the Yoast SEO Premium plugin v14.9 - https:\/\/yoast.com\/wordpress\/plugins\/seo\/ -->\n<meta name=\"description\" content=\"Sparkling makeup | Helena Amiley - H\u00e4r hittar du senaste infromation om sk\u00f6nhet, livsstil, entrepren\u00f6rskap, makeup &amp; tips.\" \/>\n<meta name=\"robots\" content=\"index, follow, max-snippet:-1, max-image-preview:large, max-video-preview:-1\" \/>\n<link rel=\"canonical\" href=\"https:\/\/www.imakeyousmile.se\/es\/sparkling-makeup\/\" \/>\n<meta property=\"og:locale\" content=\"es_ES\" \/>\n<meta property=\"og:type\" content=\"article\" \/>\n<meta property=\"og:title\" content=\"Sparkling makeup | Imakeyousmile.se\" \/>\n<meta property=\"og:description\" content=\"Sparkling makeup | Helena Amiley - H\u00e4r hittar du senaste infromation om sk\u00f6nhet, livsstil, entrepren\u00f6rskap, makeup &amp; tips.\" \/>\n<meta property=\"og:url\" content=\"https:\/\/www.imakeyousmile.se\/es\/sparkling-makeup\/\" \/>\n<meta property=\"og:site_name\" content=\"Imakeyousmile.se\" \/>\n<meta property=\"article:author\" content=\"https:\/\/www.facebook.com\/imakeyousmile.se\" \/>\n<meta property=\"article:published_time\" content=\"2014-03-01T07:17:31+00:00\" \/>\n<meta property=\"article:modified_time\" content=\"2021-09-14T18:20:43+00:00\" \/>\n<meta property=\"og:image\" content=\"https:\/\/www.imakeyousmile.se\/wp-content\/uploads\/2014\/02\/IMG_2428_11.jpg\" \/>\n\t<meta property=\"og:image:width\" content=\"2560\" \/>\n\t<meta property=\"og:image:height\" content=\"1454\" \/>\n<meta name=\"twitter:card\" content=\"summary_large_image\" \/>\n<script type=\"application\/ld+json\" class=\"yoast-schema-graph\">{\"@context\":\"https:\/\/schema.org\",\"@graph\":[{\"@type\":\"Organization\",\"@id\":\"https:\/\/www.imakeyousmile.se\/es\/#organization\",\"name\":\"Imakeyousmile\",\"url\":\"https:\/\/www.imakeyousmile.se\/es\/\",\"sameAs\":[],\"logo\":{\"@type\":\"ImageObject\",\"@id\":\"https:\/\/www.imakeyousmile.se\/es\/#logo\",\"inLanguage\":\"es\",\"url\":\"https:\/\/www.imakeyousmile.se\/wp-content\/uploads\/2020\/10\/HELENA-AMILEY_SVART-1-e1603367975324.png\",\"width\":280,\"height\":93,\"caption\":\"Imakeyousmile\"},\"image\":{\"@id\":\"https:\/\/www.imakeyousmile.se\/es\/#logo\"}},{\"@type\":\"WebSite\",\"@id\":\"https:\/\/www.imakeyousmile.se\/es\/#website\",\"url\":\"https:\/\/www.imakeyousmile.se\/es\/\",\"name\":\"Imakeyousmile.se\",\"description\":\"Helena Amiley - Beauty, Entrepreneur, Lifestyle\",\"publisher\":{\"@id\":\"https:\/\/www.imakeyousmile.se\/es\/#organization\"},\"potentialAction\":[{\"@type\":\"SearchAction\",\"target\":\"https:\/\/www.imakeyousmile.se\/es\/?s={search_term_string}\",\"query-input\":\"required name=search_term_string\"}],\"inLanguage\":\"es\"},{\"@type\":\"ImageObject\",\"@id\":\"https:\/\/www.imakeyousmile.se\/sparkling-makeup\/#primaryimage\",\"inLanguage\":\"es\",\"url\":\"https:\/\/www.imakeyousmile.se\/wp-content\/uploads\/2014\/02\/IMG_2428_11.jpg\",\"width\":2560,\"height\":1454},{\"@type\":\"WebPage\",\"@id\":\"https:\/\/www.imakeyousmile.se\/sparkling-makeup\/#webpage\",\"url\":\"https:\/\/www.imakeyousmile.se\/sparkling-makeup\/\",\"name\":\"Sparkling makeup | Imakeyousmile.se\",\"isPartOf\":{\"@id\":\"https:\/\/www.imakeyousmile.se\/es\/#website\"},\"primaryImageOfPage\":{\"@id\":\"https:\/\/www.imakeyousmile.se\/sparkling-makeup\/#primaryimage\"},\"datePublished\":\"2014-03-01T07:17:31+00:00\",\"dateModified\":\"2021-09-14T18:20:43+00:00\",\"description\":\"Sparkling makeup | Helena Amiley - H\\u00e4r hittar du senaste infromation om sk\\u00f6nhet, livsstil, entrepren\\u00f6rskap, makeup & tips.\",\"inLanguage\":\"es\",\"potentialAction\":[{\"@type\":\"ReadAction\",\"target\":[\"https:\/\/www.imakeyousmile.se\/sparkling-makeup\/\"]}]},{\"@type\":\"Article\",\"@id\":\"https:\/\/www.imakeyousmile.se\/sparkling-makeup\/#article\",\"isPartOf\":{\"@id\":\"https:\/\/www.imakeyousmile.se\/sparkling-makeup\/#webpage\"},\"author\":{\"@id\":\"https:\/\/www.imakeyousmile.se\/es\/#\/schema\/person\/b0fd43b1c6bb1c60cfd68bff9b4a10fb\"},\"headline\":\"Sparkling makeup\",\"datePublished\":\"2014-03-01T07:17:31+00:00\",\"dateModified\":\"2021-09-14T18:20:43+00:00\",\"mainEntityOfPage\":{\"@id\":\"https:\/\/www.imakeyousmile.se\/sparkling-makeup\/#webpage\"},\"commentCount\":0,\"publisher\":{\"@id\":\"https:\/\/www.imakeyousmile.se\/es\/#organization\"},\"image\":{\"@id\":\"https:\/\/www.imakeyousmile.se\/sparkling-makeup\/#primaryimage\"},\"keywords\":\"glittersminkning,Glittrig sminkning,glittrig sotning,kr\\u00e4m\\u00f6gonskugga,sotade \\u00f6gon med glitter\",\"articleSection\":\"M\\u00f6rka \/ festliga sminkningar\",\"inLanguage\":\"es\",\"potentialAction\":[{\"@type\":\"CommentAction\",\"name\":\"Comment\",\"target\":[\"https:\/\/www.imakeyousmile.se\/sparkling-makeup\/#respond\"]}]},{\"@type\":\"Person\",\"@id\":\"https:\/\/www.imakeyousmile.se\/es\/#\/schema\/person\/b0fd43b1c6bb1c60cfd68bff9b4a10fb\",\"name\":\"Helena Amiley\",\"image\":{\"@type\":\"ImageObject\",\"@id\":\"https:\/\/www.imakeyousmile.se\/es\/#personlogo\",\"inLanguage\":\"es\",\"url\":\"https:\/\/secure.gravatar.com\/avatar\/5645558e1e355457a23368d7e1b4c904?s=96&d=mm&r=g\",\"caption\":\"Helena Amiley\"},\"description\":\"Jag skriver mest om sk\\u00f6nhet men bjuder \\u00e4ven p\\u00e5 glimtar fr\\u00e5n entrepren\\u00f6rlivet och bygget av v\\u00e5r egen camper van. Vanlife here we come!\",\"sameAs\":[\"https:\/\/www.facebook.com\/imakeyousmile.se\",\"https:\/\/www.instagram.com\/helenaamiley\",\"https:\/\/www.youtube.com\/channel\/UCR5iB6rvpV6Yr8ZjpQfr5mg?view_as=subscriber\"]}]}<\/script>\n<!-- \/ Yoast SEO Premium plugin. -->","_links":{"self":[{"href":"https:\/\/www.imakeyousmile.se\/es\/wp-json\/wp\/v2\/posts\/11698"}],"collection":[{"href":"https:\/\/www.imakeyousmile.se\/es\/wp-json\/wp\/v2\/posts"}],"about":[{"href":"https:\/\/www.imakeyousmile.se\/es\/wp-json\/wp\/v2\/types\/post"}],"author":[{"embeddable":true,"href":"https:\/\/www.imakeyousmile.se\/es\/wp-json\/wp\/v2\/users\/30"}],"replies":[{"embeddable":true,"href":"https:\/\/www.imakeyousmile.se\/es\/wp-json\/wp\/v2\/comments?post=11698"}],"version-history":[{"count":2,"href":"https:\/\/www.imakeyousmile.se\/es\/wp-json\/wp\/v2\/posts\/11698\/revisions"}],"predecessor-version":[{"id":40792,"href":"https:\/\/www.imakeyousmile.se\/es\/wp-json\/wp\/v2\/posts\/11698\/revisions\/40792"}],"wp:featuredmedia":[{"embeddable":true,"href":"https:\/\/www.imakeyousmile.se\/es\/wp-json\/wp\/v2\/media\/11703"}],"wp:attachment":[{"href":"https:\/\/www.imakeyousmile.se\/es\/wp-json\/wp\/v2\/media?parent=11698"}],"wp:term":[{"taxonomy":"category","embeddable":true,"href":"https:\/\/www.imakeyousmile.se\/es\/wp-json\/wp\/v2\/categories?post=11698"},{"taxonomy":"post_tag","embeddable":true,"href":"https:\/\/www.imakeyousmile.se\/es\/wp-json\/wp\/v2\/tags?post=11698"}],"curies":[{"name":"wp","href":"https:\/\/api.w.org\/{rel}","templated":true}]}}