{"id":1182,"date":"2011-12-17T22:08:00","date_gmt":"2011-12-17T21:08:00","guid":{"rendered":"http:\/\/www.imakeyousmile.se\/revitalash-efter-2-veckor\/"},"modified":"2011-12-17T22:08:00","modified_gmt":"2011-12-17T21:08:00","slug":"revitalash-efter-2-veckor","status":"publish","type":"post","link":"https:\/\/www.imakeyousmile.se\/es\/revitalash-despues-2-semanas\/","title":{"rendered":"Revitalash - Despu\u00e9s de 2 semanas"},"content":{"rendered":"<div style=\"clear: both; text-align: left;\">Como mencion\u00e9 anteriormente, comenc\u00e9 a usar Revitalash<em> (una industria de pesta\u00f1as que hace que las pesta\u00f1as sean m\u00e1s largas y densas)<\/em><\/div>\n<div style=\"clear: both; text-align: left;\"><\/div>\n<div style=\"clear: both; text-align: left;\">Toma de 2 a 10 semanas antes de que note alguna diferencia. Y he estado pensando toda la semana que not\u00e9 una diferencia, pero creo que es imaginaci\u00f3n porque es <span style=\"font-size: x-large;\">solo hoy<\/span> Han pasado 2 semanas.<\/div>\n<div style=\"clear: both; text-align: left;\"><\/div>\n<div style=\"clear: both; text-align: left;\"><\/div>\n<div style=\"clear: both; text-align: left;\">Pero luego tom\u00e9 una foto y la compar\u00e9 con la imagen previa para ver si era imaginaci\u00f3n o no. Y adivina qu\u00e9, <span style=\"font-size: x-large;\">no imaginaci\u00f3n<\/span>!!! :)<\/div>\n<div style=\"clear: both; text-align: left;\"><\/div>\n<div style=\"clear: both; text-align: center;\"><\/div>\n<div style=\"clear: both; text-align: center;\"><a href=\"http:\/\/1.bp.blogspot.com\/-7wB-eGR4YP0\/Tu0C0bSReUI\/AAAAAAAAE_8\/WtRUwb_RfRY\/s1600\/DSCN0435.JPG\" style=\"margin-left: 1em; margin-right: 1em;\"><img decoding=\"async\" border=\"0\" height=\"152px\" oda=\"true\" src=\"http:\/\/1.bp.blogspot.com\/-7wB-eGR4YP0\/Tu0C0bSReUI\/AAAAAAAAE_8\/WtRUwb_RfRY\/s400\/DSCN0435.JPG\" width=\"400px\" \/><\/a><\/div>\n<p><\/p>\n<div style=\"clear: both; text-align: center;\"><a href=\"http:\/\/2.bp.blogspot.com\/-eR-RrJESU6U\/Tu0C1TOzhlI\/AAAAAAAAFAE\/0dH4z7T_pCc\/s1600\/IMG_6344.JPG\" style=\"margin-left: 1em; margin-right: 1em;\"><img decoding=\"async\" border=\"0\" height=\"152px\" oda=\"true\" src=\"http:\/\/2.bp.blogspot.com\/-eR-RrJESU6U\/Tu0C1TOzhlI\/AAAAAAAAFAE\/0dH4z7T_pCc\/s400\/IMG_6344.JPG\" width=\"400px\" \/><\/a><\/div>\n<div style=\"clear: both; text-align: center;\"><em>Luz ligeramente diferente para que mis pesta\u00f1as se vean m\u00e1s oscuras en la imagen secundaria, pero no las he coloreado.<\/em><\/div>\n<p><\/p>\n<div style=\"text-align: center;\"><span style=\"font-size: x-large;\">\u00a1Piensa en lo bonitos que quedan despu\u00e9s de 10 semanas!<\/span><\/div>\n<div style=\"text-align: center;\"><span style=\"font-size: large;\">:)<\/span><\/div>","protected":false},"excerpt":{"rendered":"<p>Som jag n\u00e4mnt tidigare har jag b\u00f6rjat anv\u00e4nda Revitalash (en fransn\u00e4ring som g\u00f6r \u00f6gonfransarna l\u00e4ngre och t\u00e4tare) Det tar 2-10 veckor innan man m\u00e4rker n\u00e5gon skillnad. Och jag har tyckt\u00a0hela veckan\u00a0att jag m\u00e4rkt skillnad, men har trott att det \u00e4r inbillning eftersom det f\u00f6rst idag har g\u00e5tt 2 veckor. Men s\u00e5 fotade jag och j\u00e4mf\u00f6rde [&hellip;]<\/p>\n","protected":false},"author":30,"featured_media":0,"comment_status":"open","ping_status":"open","sticky":false,"template":"","format":"standard","meta":{"footnotes":""},"categories":[61,59],"tags":[],"class_list":["post-1182","post","type-post","status-publish","format-standard","hentry","category-ogonfransar","category-recensioner-produkttips"],"yoast_head":"<!-- This site is optimized with the Yoast SEO Premium plugin v14.9 - https:\/\/yoast.com\/wordpress\/plugins\/seo\/ -->\n<meta name=\"description\" content=\"Revitalash - Efter 2 veckor | Helena Amiley - H\u00e4r hittar du senaste infromation om sk\u00f6nhet, livsstil, entrepren\u00f6rskap, makeup &amp; tips.\" \/>\n<meta name=\"robots\" content=\"index, follow, max-snippet:-1, max-image-preview:large, max-video-preview:-1\" \/>\n<link rel=\"canonical\" href=\"https:\/\/www.imakeyousmile.se\/es\/revitalash-efter-2-veckor\/\" \/>\n<meta property=\"og:locale\" content=\"es_ES\" \/>\n<meta property=\"og:type\" content=\"article\" \/>\n<meta property=\"og:title\" content=\"Revitalash - Efter 2 veckor | Imakeyousmile.se\" \/>\n<meta property=\"og:description\" content=\"Revitalash - Efter 2 veckor | Helena Amiley - H\u00e4r hittar du senaste infromation om sk\u00f6nhet, livsstil, entrepren\u00f6rskap, makeup &amp; tips.\" \/>\n<meta property=\"og:url\" content=\"https:\/\/www.imakeyousmile.se\/es\/revitalash-efter-2-veckor\/\" \/>\n<meta property=\"og:site_name\" content=\"Imakeyousmile.se\" \/>\n<meta property=\"article:author\" content=\"https:\/\/www.facebook.com\/imakeyousmile.se\" \/>\n<meta property=\"article:published_time\" content=\"2011-12-17T21:08:00+00:00\" \/>\n<meta property=\"og:image\" content=\"http:\/\/1.bp.blogspot.com\/-7wB-eGR4YP0\/Tu0C0bSReUI\/AAAAAAAAE_8\/WtRUwb_RfRY\/s400\/DSCN0435.JPG\" \/>\n<meta name=\"twitter:card\" content=\"summary_large_image\" \/>\n<script type=\"application\/ld+json\" class=\"yoast-schema-graph\">{\"@context\":\"https:\/\/schema.org\",\"@graph\":[{\"@type\":\"Organization\",\"@id\":\"https:\/\/www.imakeyousmile.se\/es\/#organization\",\"name\":\"Imakeyousmile\",\"url\":\"https:\/\/www.imakeyousmile.se\/es\/\",\"sameAs\":[],\"logo\":{\"@type\":\"ImageObject\",\"@id\":\"https:\/\/www.imakeyousmile.se\/es\/#logo\",\"inLanguage\":\"es\",\"url\":\"https:\/\/www.imakeyousmile.se\/wp-content\/uploads\/2020\/10\/HELENA-AMILEY_SVART-1-e1603367975324.png\",\"width\":280,\"height\":93,\"caption\":\"Imakeyousmile\"},\"image\":{\"@id\":\"https:\/\/www.imakeyousmile.se\/es\/#logo\"}},{\"@type\":\"WebSite\",\"@id\":\"https:\/\/www.imakeyousmile.se\/es\/#website\",\"url\":\"https:\/\/www.imakeyousmile.se\/es\/\",\"name\":\"Imakeyousmile.se\",\"description\":\"Helena Amiley - Beauty, Entrepreneur, Lifestyle\",\"publisher\":{\"@id\":\"https:\/\/www.imakeyousmile.se\/es\/#organization\"},\"potentialAction\":[{\"@type\":\"SearchAction\",\"target\":\"https:\/\/www.imakeyousmile.se\/es\/?s={search_term_string}\",\"query-input\":\"required name=search_term_string\"}],\"inLanguage\":\"es\"},{\"@type\":\"ImageObject\",\"@id\":\"https:\/\/www.imakeyousmile.se\/revitalash-efter-2-veckor\/#primaryimage\",\"inLanguage\":\"es\",\"url\":\"http:\/\/1.bp.blogspot.com\/-7wB-eGR4YP0\/Tu0C0bSReUI\/AAAAAAAAE_8\/WtRUwb_RfRY\/s400\/DSCN0435.JPG\"},{\"@type\":\"WebPage\",\"@id\":\"https:\/\/www.imakeyousmile.se\/revitalash-efter-2-veckor\/#webpage\",\"url\":\"https:\/\/www.imakeyousmile.se\/revitalash-efter-2-veckor\/\",\"name\":\"Revitalash - Efter 2 veckor | Imakeyousmile.se\",\"isPartOf\":{\"@id\":\"https:\/\/www.imakeyousmile.se\/es\/#website\"},\"primaryImageOfPage\":{\"@id\":\"https:\/\/www.imakeyousmile.se\/revitalash-efter-2-veckor\/#primaryimage\"},\"datePublished\":\"2011-12-17T21:08:00+00:00\",\"dateModified\":\"2011-12-17T21:08:00+00:00\",\"description\":\"Revitalash - Efter 2 veckor | Helena Amiley - H\\u00e4r hittar du senaste infromation om sk\\u00f6nhet, livsstil, entrepren\\u00f6rskap, makeup & tips.\",\"inLanguage\":\"es\",\"potentialAction\":[{\"@type\":\"ReadAction\",\"target\":[\"https:\/\/www.imakeyousmile.se\/revitalash-efter-2-veckor\/\"]}]},{\"@type\":\"Article\",\"@id\":\"https:\/\/www.imakeyousmile.se\/revitalash-efter-2-veckor\/#article\",\"isPartOf\":{\"@id\":\"https:\/\/www.imakeyousmile.se\/revitalash-efter-2-veckor\/#webpage\"},\"author\":{\"@id\":\"https:\/\/www.imakeyousmile.se\/es\/#\/schema\/person\/b0fd43b1c6bb1c60cfd68bff9b4a10fb\"},\"headline\":\"Revitalash &#8211; Efter 2 veckor\",\"datePublished\":\"2011-12-17T21:08:00+00:00\",\"dateModified\":\"2011-12-17T21:08:00+00:00\",\"mainEntityOfPage\":{\"@id\":\"https:\/\/www.imakeyousmile.se\/revitalash-efter-2-veckor\/#webpage\"},\"commentCount\":0,\"publisher\":{\"@id\":\"https:\/\/www.imakeyousmile.se\/es\/#organization\"},\"image\":{\"@id\":\"https:\/\/www.imakeyousmile.se\/revitalash-efter-2-veckor\/#primaryimage\"},\"articleSection\":\"\\u00d6gonfransar,Recensioner &amp; Produkttips\",\"inLanguage\":\"es\",\"potentialAction\":[{\"@type\":\"CommentAction\",\"name\":\"Comment\",\"target\":[\"https:\/\/www.imakeyousmile.se\/revitalash-efter-2-veckor\/#respond\"]}]},{\"@type\":\"Person\",\"@id\":\"https:\/\/www.imakeyousmile.se\/es\/#\/schema\/person\/b0fd43b1c6bb1c60cfd68bff9b4a10fb\",\"name\":\"Helena Amiley\",\"image\":{\"@type\":\"ImageObject\",\"@id\":\"https:\/\/www.imakeyousmile.se\/es\/#personlogo\",\"inLanguage\":\"es\",\"url\":\"https:\/\/secure.gravatar.com\/avatar\/5645558e1e355457a23368d7e1b4c904?s=96&d=mm&r=g\",\"caption\":\"Helena Amiley\"},\"description\":\"Jag skriver mest om sk\\u00f6nhet men bjuder \\u00e4ven p\\u00e5 glimtar fr\\u00e5n entrepren\\u00f6rlivet och bygget av v\\u00e5r egen camper van. Vanlife here we come!\",\"sameAs\":[\"https:\/\/www.facebook.com\/imakeyousmile.se\",\"https:\/\/www.instagram.com\/helenaamiley\",\"https:\/\/www.youtube.com\/channel\/UCR5iB6rvpV6Yr8ZjpQfr5mg?view_as=subscriber\"]}]}<\/script>\n<!-- \/ Yoast SEO Premium plugin. -->","_links":{"self":[{"href":"https:\/\/www.imakeyousmile.se\/es\/wp-json\/wp\/v2\/posts\/1182"}],"collection":[{"href":"https:\/\/www.imakeyousmile.se\/es\/wp-json\/wp\/v2\/posts"}],"about":[{"href":"https:\/\/www.imakeyousmile.se\/es\/wp-json\/wp\/v2\/types\/post"}],"author":[{"embeddable":true,"href":"https:\/\/www.imakeyousmile.se\/es\/wp-json\/wp\/v2\/users\/30"}],"replies":[{"embeddable":true,"href":"https:\/\/www.imakeyousmile.se\/es\/wp-json\/wp\/v2\/comments?post=1182"}],"version-history":[{"count":0,"href":"https:\/\/www.imakeyousmile.se\/es\/wp-json\/wp\/v2\/posts\/1182\/revisions"}],"wp:attachment":[{"href":"https:\/\/www.imakeyousmile.se\/es\/wp-json\/wp\/v2\/media?parent=1182"}],"wp:term":[{"taxonomy":"category","embeddable":true,"href":"https:\/\/www.imakeyousmile.se\/es\/wp-json\/wp\/v2\/categories?post=1182"},{"taxonomy":"post_tag","embeddable":true,"href":"https:\/\/www.imakeyousmile.se\/es\/wp-json\/wp\/v2\/tags?post=1182"}],"curies":[{"name":"wp","href":"https:\/\/api.w.org\/{rel}","templated":true}]}}