{"id":11848,"date":"2014-03-09T13:15:17","date_gmt":"2014-03-09T12:15:17","guid":{"rendered":"http:\/\/www.imakeyousmile.se\/?p=11848"},"modified":"2021-09-14T20:46:33","modified_gmt":"2021-09-14T18:46:33","slug":"turquoise","status":"publish","type":"post","link":"https:\/\/www.imakeyousmile.se\/es\/turquesa\/","title":{"rendered":"Turquesa"},"content":{"rendered":"<p>H\u00e4r kommer sminkningen som jag hade p\u00e5 ATTITUDE-m\u00e4ssan i fredags, jag hade en v\u00e4ldigt stilren outfit och ville g\u00f6ra helheten lite mer crazy med en riktigt f\u00e4rgstark \u00f6gonskugga!<\/p>\n<p>Jag k\u00e4nde mig lite tr\u00e4ffad n\u00e4r Linda Hallberg pratade om Oriflame, och sa att vi i Sverige \u00e4r s\u00e5 d\u00e5liga p\u00e5 att anv\u00e4nda f\u00e4rgstarka \u00f6gonskuggor, att fler borde ha det och att hon faktiskt tror att det kommer komma mer och mer. Och d\u00e4r satt jag med mina knallturkosa \u00f6gon :)<\/p>\n<p>Och jag vill verkligen vara med och sprida det budskapet och peppa er till att v\u00e5ga! F\u00e4rger \u00e4r s\u00e5\u00e5 snyggt, MER F\u00c4RG \u00c5T FOLKET! :)<\/p>\n<p><a href=\"http:\/\/www.imakeyousmile.se\/wp-content\/uploads\/2014\/03\/IMG_3421.jpg\"><img loading=\"lazy\" decoding=\"async\" src=\"http:\/\/www.imakeyousmile.se\/wp-content\/uploads\/2014\/03\/IMG_3421-1024x555.jpg\" alt=\"IMG_3421\" width=\"1024\" height=\"555\" \/><\/a><\/p>\n<p>&nbsp;<\/p>\n<p>Enkelt med \u00e4nd\u00e5 v\u00e4ldigt synligt!<\/p>\n<p><a href=\"http:\/\/www.imakeyousmile.se\/wp-content\/uploads\/2014\/03\/turkos-\u00f6gonskugga.jpg\"><img loading=\"lazy\" decoding=\"async\" class=\"alignnone size-large wp-image-11854\" src=\"http:\/\/www.imakeyousmile.se\/wp-content\/uploads\/2014\/03\/turkos-\u00f6gonskugga-798x1024.jpg\" alt=\"turkos-\u00f6gonskugga\" width=\"798\" height=\"1024\" srcset=\"https:\/\/www.imakeyousmile.se\/wp-content\/uploads\/2014\/03\/turkos-\u00f6gonskugga-798x1024.jpg 798w, https:\/\/www.imakeyousmile.se\/wp-content\/uploads\/2014\/03\/turkos-\u00f6gonskugga-233x300.jpg 233w, https:\/\/www.imakeyousmile.se\/wp-content\/uploads\/2014\/03\/turkos-\u00f6gonskugga.jpg 1997w\" sizes=\"(max-width: 798px) 100vw, 798px\" \/><\/a><\/p>\n<p>&nbsp;<\/p>\n<p>\u00d6gonskuggan jag har anv\u00e4nt kommer fr\u00e5n <a href=\"https:\/\/ion.lyko.com\/t\/t?a=1117786221&amp;as=1548102449&amp;t=2&amp;tk=1&amp;epi=search-replace-paletter&amp;url=https:\/\/lyko.com\/sv\/smink\/paletter\" target=\"_blank\" rel=\"noopener\">iMys 252-palett<\/a>.<\/p>\n<p><a href=\"http:\/\/www.imakeyousmile.se\/wp-content\/uploads\/2014\/03\/IMG_3428.jpg\"><img loading=\"lazy\" decoding=\"async\" src=\"http:\/\/www.imakeyousmile.se\/wp-content\/uploads\/2014\/03\/IMG_3428-1024x594.jpg\" alt=\"IMG_3428\" width=\"1024\" height=\"594\" \/><\/a><\/p>\n<p><strong><span style=\"color: #1cc491;\">Turkos \u00f6gonskugga<\/span><\/strong> p\u00e5 \u00f6gonlocket och l\u00e4ngs undre fransraden.<br \/>\nLjus \u00f6gonskugga i \u00f6gonvr\u00e5n och under brynet, <a href=\"https:\/\/ion.lyko.com\/t\/t?a=1117786221&amp;as=1548102449&amp;t=2&amp;tk=1&amp;epi=search-replace-eyeshadow&amp;url=https:\/\/lyko.com\/sv\/sok?q=%C3%B6gonskugga\" target=\"_blank\" rel=\"noopener\">Annikas Favoritskugga<\/a>.<br \/>\n<strong><span style=\"color: #c0c0c0;\">Vit kajalpenna<\/span><\/strong> l\u00e4ngs vattenlinjen, <a href=\"https:\/\/ion.lyko.com\/t\/t?a=1117786221&amp;as=1548102449&amp;t=2&amp;tk=1&amp;epi=search-replace-isadorainliner&amp;url=https:\/\/lyko.com\/sv\/isadora\/isadora-inliner-kajal-50-satin-white\" target=\"_blank\" rel=\"noopener\">IsaDora Inliner Kajal (50 Satin White)<\/a><br \/>\n<strong><span style=\"color: #000000;\">Svart eyeliner<\/span><\/strong> l\u00e4ngs \u00f6vre och undre fransraden, <a href=\"https:\/\/dot.yves-rocher.se\/t\/t?a=138068268&amp;as=1548102449&amp;t=2&amp;tk=1&amp;epi=search-replace-yveskajal&amp;url=https:\/\/www.yves-rocher.se\/smink\/ogon\/ogonpenna-och-eyeliner\/c\/23200\" target=\"_blank\" rel=\"noopener\">Yves Rocher Eyeliner (Svart)<\/a><br \/>\n<script>\/\/ <![CDATA[\nvar uri = 'http:\/\/impse.tradedoubler.com\/imp?type(inv)g(16152292)a(2286222)' + new String (Math.random()).substring (2, 11);\ndocument.write('<img decoding=\"async\" src=\"'+uri +'\">');\n\/\/ ]]><\/script><\/p>\n<p><a href=\"http:\/\/www.imakeyousmile.se\/wp-content\/uploads\/2014\/03\/IMG_3401_111.jpg\"><img loading=\"lazy\" decoding=\"async\" class=\"alignnone size-large wp-image-11849\" src=\"http:\/\/www.imakeyousmile.se\/wp-content\/uploads\/2014\/03\/IMG_3401_111-752x1024.jpg\" alt=\"IMG_3401_111\" width=\"752\" height=\"1024\" srcset=\"https:\/\/www.imakeyousmile.se\/wp-content\/uploads\/2014\/03\/IMG_3401_111-752x1024.jpg 752w, https:\/\/www.imakeyousmile.se\/wp-content\/uploads\/2014\/03\/IMG_3401_111-220x300.jpg 220w, https:\/\/www.imakeyousmile.se\/wp-content\/uploads\/2014\/03\/IMG_3401_111.jpg 1882w\" sizes=\"(max-width: 752px) 100vw, 752px\" \/><\/a><\/p>\n<p>L\u00e4ppstift, <a href=\"https:\/\/dot.yves-rocher.se\/t\/t?a=138068268&amp;as=1548102449&amp;t=2&amp;tk=1&amp;epi=search-replace-yveslips&amp;url=https:\/\/www.yves-rocher.se\/smink\/laeppar\/laeppstift\/c\/22100\" target=\"_blank\" rel=\"noopener\">Yves Rocher L\u00e4ppstift ( 21 P\u00eache)<\/a><br \/>\n<script>\/\/ <![CDATA[\nvar uri = 'http:\/\/impse.tradedoubler.com\/imp?type(inv)g(16152292)a(2286222)' + new String (Math.random()).substring (2, 11);\ndocument.write('<img decoding=\"async\" src=\"'+uri +'\">');\n\/\/ ]]><\/script><\/p>\n<p><a href=\"http:\/\/www.imakeyousmile.se\/wp-content\/uploads\/2014\/03\/IMG_3410_111.jpg\"><img loading=\"lazy\" decoding=\"async\" class=\"alignnone size-large wp-image-11850\" src=\"http:\/\/www.imakeyousmile.se\/wp-content\/uploads\/2014\/03\/IMG_3410_111-666x1024.jpg\" alt=\"IMG_3410_111\" width=\"666\" height=\"1024\" srcset=\"https:\/\/www.imakeyousmile.se\/wp-content\/uploads\/2014\/03\/IMG_3410_111-666x1024.jpg 666w, https:\/\/www.imakeyousmile.se\/wp-content\/uploads\/2014\/03\/IMG_3410_111-195x300.jpg 195w, https:\/\/www.imakeyousmile.se\/wp-content\/uploads\/2014\/03\/IMG_3410_111.jpg 1666w\" sizes=\"(max-width: 666px) 100vw, 666px\" \/><\/a><\/p>\n<p><a href=\"http:\/\/www.imakeyousmile.se\/wp-content\/uploads\/2014\/03\/IMG_3413_111.jpg\"><img loading=\"lazy\" decoding=\"async\" class=\"alignnone size-large wp-image-11851\" src=\"http:\/\/www.imakeyousmile.se\/wp-content\/uploads\/2014\/03\/IMG_3413_111-873x1024.jpg\" alt=\"IMG_3413_111\" width=\"873\" height=\"1024\" srcset=\"https:\/\/www.imakeyousmile.se\/wp-content\/uploads\/2014\/03\/IMG_3413_111-873x1024.jpg 873w, https:\/\/www.imakeyousmile.se\/wp-content\/uploads\/2014\/03\/IMG_3413_111-255x300.jpg 255w\" sizes=\"(max-width: 873px) 100vw, 873px\" \/><\/a><\/p>\n<p>&nbsp;<\/p>\n<p>Tusen kramar till er och hoppas ni f\u00e5r ett bra avslut p\u00e5 veckan!<\/p>\n","protected":false},"excerpt":{"rendered":"<p>H\u00e4r kommer sminkningen som jag hade p\u00e5 ATTITUDE-m\u00e4ssan i fredags, jag hade en v\u00e4ldigt stilren outfit och ville g\u00f6ra helheten lite mer crazy med en riktigt f\u00e4rgstark \u00f6gonskugga! Jag k\u00e4nde mig lite tr\u00e4ffad n\u00e4r Linda Hallberg pratade om Oriflame, och sa att vi i Sverige \u00e4r s\u00e5 d\u00e5liga p\u00e5 att anv\u00e4nda f\u00e4rgstarka \u00f6gonskuggor, att fler [&hellip;]<\/p>\n","protected":false},"author":30,"featured_media":11850,"comment_status":"open","ping_status":"closed","sticky":false,"template":"","format":"standard","meta":{"footnotes":""},"categories":[2828],"tags":[1875,1876,1575],"class_list":["post-11848","post","type-post","status-publish","format-standard","has-post-thumbnail","hentry","category-fargstarka-sminkningar","tag-fargstark-ogonskugga","tag-turkos-ogonskugga","tag-turkos-sminkning"],"yoast_head":"<!-- This site is optimized with the Yoast SEO Premium plugin v14.9 - https:\/\/yoast.com\/wordpress\/plugins\/seo\/ -->\n<meta name=\"description\" content=\"Turquoise | Helena Amiley - H\u00e4r hittar du senaste infromation om sk\u00f6nhet, livsstil, entrepren\u00f6rskap, makeup &amp; tips.\" \/>\n<meta name=\"robots\" content=\"index, follow, max-snippet:-1, max-image-preview:large, max-video-preview:-1\" \/>\n<link rel=\"canonical\" href=\"https:\/\/www.imakeyousmile.se\/es\/turquoise\/\" \/>\n<meta property=\"og:locale\" content=\"es_ES\" \/>\n<meta property=\"og:type\" content=\"article\" \/>\n<meta property=\"og:title\" content=\"Turquoise | Imakeyousmile.se\" \/>\n<meta property=\"og:description\" content=\"Turquoise | Helena Amiley - H\u00e4r hittar du senaste infromation om sk\u00f6nhet, livsstil, entrepren\u00f6rskap, makeup &amp; tips.\" \/>\n<meta property=\"og:url\" content=\"https:\/\/www.imakeyousmile.se\/es\/turquoise\/\" \/>\n<meta property=\"og:site_name\" content=\"Imakeyousmile.se\" \/>\n<meta property=\"article:author\" content=\"https:\/\/www.facebook.com\/imakeyousmile.se\" \/>\n<meta property=\"article:published_time\" content=\"2014-03-09T12:15:17+00:00\" \/>\n<meta property=\"article:modified_time\" content=\"2021-09-14T18:46:33+00:00\" \/>\n<meta property=\"og:image\" content=\"https:\/\/www.imakeyousmile.se\/wp-content\/uploads\/2014\/03\/IMG_3410_111.jpg\" \/>\n\t<meta property=\"og:image:width\" content=\"1666\" \/>\n\t<meta property=\"og:image:height\" content=\"2560\" \/>\n<meta name=\"twitter:card\" content=\"summary_large_image\" \/>\n<script type=\"application\/ld+json\" class=\"yoast-schema-graph\">{\"@context\":\"https:\/\/schema.org\",\"@graph\":[{\"@type\":\"Organization\",\"@id\":\"https:\/\/www.imakeyousmile.se\/es\/#organization\",\"name\":\"Imakeyousmile\",\"url\":\"https:\/\/www.imakeyousmile.se\/es\/\",\"sameAs\":[],\"logo\":{\"@type\":\"ImageObject\",\"@id\":\"https:\/\/www.imakeyousmile.se\/es\/#logo\",\"inLanguage\":\"es\",\"url\":\"https:\/\/www.imakeyousmile.se\/wp-content\/uploads\/2020\/10\/HELENA-AMILEY_SVART-1-e1603367975324.png\",\"width\":280,\"height\":93,\"caption\":\"Imakeyousmile\"},\"image\":{\"@id\":\"https:\/\/www.imakeyousmile.se\/es\/#logo\"}},{\"@type\":\"WebSite\",\"@id\":\"https:\/\/www.imakeyousmile.se\/es\/#website\",\"url\":\"https:\/\/www.imakeyousmile.se\/es\/\",\"name\":\"Imakeyousmile.se\",\"description\":\"Helena Amiley - Beauty, Entrepreneur, Lifestyle\",\"publisher\":{\"@id\":\"https:\/\/www.imakeyousmile.se\/es\/#organization\"},\"potentialAction\":[{\"@type\":\"SearchAction\",\"target\":\"https:\/\/www.imakeyousmile.se\/es\/?s={search_term_string}\",\"query-input\":\"required name=search_term_string\"}],\"inLanguage\":\"es\"},{\"@type\":\"ImageObject\",\"@id\":\"https:\/\/www.imakeyousmile.se\/turquoise\/#primaryimage\",\"inLanguage\":\"es\",\"url\":\"https:\/\/www.imakeyousmile.se\/wp-content\/uploads\/2014\/03\/IMG_3410_111.jpg\",\"width\":1666,\"height\":2560},{\"@type\":\"WebPage\",\"@id\":\"https:\/\/www.imakeyousmile.se\/turquoise\/#webpage\",\"url\":\"https:\/\/www.imakeyousmile.se\/turquoise\/\",\"name\":\"Turquoise | Imakeyousmile.se\",\"isPartOf\":{\"@id\":\"https:\/\/www.imakeyousmile.se\/es\/#website\"},\"primaryImageOfPage\":{\"@id\":\"https:\/\/www.imakeyousmile.se\/turquoise\/#primaryimage\"},\"datePublished\":\"2014-03-09T12:15:17+00:00\",\"dateModified\":\"2021-09-14T18:46:33+00:00\",\"description\":\"Turquoise | Helena Amiley - H\\u00e4r hittar du senaste infromation om sk\\u00f6nhet, livsstil, entrepren\\u00f6rskap, makeup & tips.\",\"inLanguage\":\"es\",\"potentialAction\":[{\"@type\":\"ReadAction\",\"target\":[\"https:\/\/www.imakeyousmile.se\/turquoise\/\"]}]},{\"@type\":\"Article\",\"@id\":\"https:\/\/www.imakeyousmile.se\/turquoise\/#article\",\"isPartOf\":{\"@id\":\"https:\/\/www.imakeyousmile.se\/turquoise\/#webpage\"},\"author\":{\"@id\":\"https:\/\/www.imakeyousmile.se\/es\/#\/schema\/person\/b0fd43b1c6bb1c60cfd68bff9b4a10fb\"},\"headline\":\"Turquoise\",\"datePublished\":\"2014-03-09T12:15:17+00:00\",\"dateModified\":\"2021-09-14T18:46:33+00:00\",\"mainEntityOfPage\":{\"@id\":\"https:\/\/www.imakeyousmile.se\/turquoise\/#webpage\"},\"commentCount\":0,\"publisher\":{\"@id\":\"https:\/\/www.imakeyousmile.se\/es\/#organization\"},\"image\":{\"@id\":\"https:\/\/www.imakeyousmile.se\/turquoise\/#primaryimage\"},\"keywords\":\"f\\u00e4rgstark \\u00f6gonskugga,turkos \\u00f6gonskugga,turkos sminkning\",\"articleSection\":\"F\\u00e4rgstarka sminkningar\",\"inLanguage\":\"es\",\"potentialAction\":[{\"@type\":\"CommentAction\",\"name\":\"Comment\",\"target\":[\"https:\/\/www.imakeyousmile.se\/turquoise\/#respond\"]}]},{\"@type\":\"Person\",\"@id\":\"https:\/\/www.imakeyousmile.se\/es\/#\/schema\/person\/b0fd43b1c6bb1c60cfd68bff9b4a10fb\",\"name\":\"Helena Amiley\",\"image\":{\"@type\":\"ImageObject\",\"@id\":\"https:\/\/www.imakeyousmile.se\/es\/#personlogo\",\"inLanguage\":\"es\",\"url\":\"https:\/\/secure.gravatar.com\/avatar\/5645558e1e355457a23368d7e1b4c904?s=96&d=mm&r=g\",\"caption\":\"Helena Amiley\"},\"description\":\"Jag skriver mest om sk\\u00f6nhet men bjuder \\u00e4ven p\\u00e5 glimtar fr\\u00e5n entrepren\\u00f6rlivet och bygget av v\\u00e5r egen camper van. Vanlife here we come!\",\"sameAs\":[\"https:\/\/www.facebook.com\/imakeyousmile.se\",\"https:\/\/www.instagram.com\/helenaamiley\",\"https:\/\/www.youtube.com\/channel\/UCR5iB6rvpV6Yr8ZjpQfr5mg?view_as=subscriber\"]}]}<\/script>\n<!-- \/ Yoast SEO Premium plugin. -->","_links":{"self":[{"href":"https:\/\/www.imakeyousmile.se\/es\/wp-json\/wp\/v2\/posts\/11848"}],"collection":[{"href":"https:\/\/www.imakeyousmile.se\/es\/wp-json\/wp\/v2\/posts"}],"about":[{"href":"https:\/\/www.imakeyousmile.se\/es\/wp-json\/wp\/v2\/types\/post"}],"author":[{"embeddable":true,"href":"https:\/\/www.imakeyousmile.se\/es\/wp-json\/wp\/v2\/users\/30"}],"replies":[{"embeddable":true,"href":"https:\/\/www.imakeyousmile.se\/es\/wp-json\/wp\/v2\/comments?post=11848"}],"version-history":[{"count":2,"href":"https:\/\/www.imakeyousmile.se\/es\/wp-json\/wp\/v2\/posts\/11848\/revisions"}],"predecessor-version":[{"id":40813,"href":"https:\/\/www.imakeyousmile.se\/es\/wp-json\/wp\/v2\/posts\/11848\/revisions\/40813"}],"wp:featuredmedia":[{"embeddable":true,"href":"https:\/\/www.imakeyousmile.se\/es\/wp-json\/wp\/v2\/media\/11850"}],"wp:attachment":[{"href":"https:\/\/www.imakeyousmile.se\/es\/wp-json\/wp\/v2\/media?parent=11848"}],"wp:term":[{"taxonomy":"category","embeddable":true,"href":"https:\/\/www.imakeyousmile.se\/es\/wp-json\/wp\/v2\/categories?post=11848"},{"taxonomy":"post_tag","embeddable":true,"href":"https:\/\/www.imakeyousmile.se\/es\/wp-json\/wp\/v2\/tags?post=11848"}],"curies":[{"name":"wp","href":"https:\/\/api.w.org\/{rel}","templated":true}]}}