{"id":1186,"date":"2011-12-16T07:35:00","date_gmt":"2011-12-16T06:35:00","guid":{"rendered":"http:\/\/www.imakeyousmile.se\/rod-julsminkning\/"},"modified":"2014-08-12T17:32:52","modified_gmt":"2014-08-12T15:32:52","slug":"rod-julsminkning","status":"publish","type":"post","link":"https:\/\/www.imakeyousmile.se\/es\/maquillaje-de-navidad-rojo\/","title":{"rendered":"Maquillaje de Navidad rojo"},"content":{"rendered":"<div style=\"clear: both; text-align: left;\">Quer\u00eda hacer un cl\u00e1sico muy <span style=\"font-size: x-large;\">Julig<\/span> Maquillaje de Navidad, y ayer hice un maquillaje rojo oscuro brillante y brillante en Nicolin.<\/div>\n<div style=\"clear: both; text-align: center;\" align=\"left\"><\/div>\n<div style=\"clear: both; text-align: center;\"><a style=\"margin-left: 1em; margin-right: 1em;\" href=\"http:\/\/1.bp.blogspot.com\/-rb0ivuM4Pyw\/TunVxX_hp9I\/AAAAAAAAE_E\/WaljtfLloXo\/s1600\/IMG_0669.JPG\"><img decoding=\"async\" src=\"http:\/\/1.bp.blogspot.com\/-rb0ivuM4Pyw\/TunVxX_hp9I\/AAAAAAAAE_E\/WaljtfLloXo\/s320\/IMG_0669.JPG\" alt=\"\" width=\"317px\" height=\"320px\" border=\"0\" \/><\/a><\/div>\n<div style=\"clear: both; text-align: center;\"><em>(Todas las sombras de ojos son de la paleta 180)<\/em><\/div>\n<div style=\"clear: both; text-align: center;\"><\/div>\n<div style=\"clear: both; text-align: center;\"><span style=\"color: #cc0000; font-size: large;\"><strong>ROJO <\/strong><\/span>sombra de ojos en todo el p\u00e1rpado y a lo largo de la l\u00ednea del globo.<\/div>\n<div style=\"clear: both; text-align: center;\"><span style=\"color: #666666; font-size: large;\"><strong><span style=\"color: #444444;\">gris<\/span> <\/strong><\/span>sombra de ojos al final del p\u00e1rpado y al comienzo de la l\u00ednea del globo terr\u00e1queo y al final de la l\u00ednea de las pesta\u00f1as inferiores.<\/div>\n<div style=\"clear: both; text-align: center;\"><span style=\"color: #666666; font-size: large;\">Blanco reluciente<\/span> sombra de ojos en la parte inferior de la l\u00ednea de las pesta\u00f1as inferiores.<\/div>\n<div style=\"clear: both; text-align: center;\"><span style=\"color: #ffe599; font-size: large;\"><strong>Resaltador amarillo claro<\/strong><\/span> en el rabillo del ojo y debajo de la ceja, <em>El tono favorito de Annika<\/em>.<\/div>\n<div style=\"clear: both; text-align: center;\"><\/div>\n<div style=\"clear: both; text-align: center;\"><span style=\"color: #999999; font-size: large;\"><strong>Brillo plateado<\/strong><\/span> en el p\u00e1rpado,<em> RAT\u00d3N (Holograma<\/em>)<\/div>\n<div style=\"clear: both; text-align: center;\"><\/div>\n<div style=\"clear: both; text-align: center;\"><strong><span style=\"font-size: large;\">Delineador de ojos negro<\/span><\/strong> en la parte inferior de la l\u00ednea de las pesta\u00f1as superior e inferior, <em>H&amp;M<\/em>.<\/div>\n<div style=\"clear: both; text-align: center;\"><strong><span style=\"font-size: large;\">R\u00edmel negro<\/span><\/strong> en todas las pesta\u00f1as, <em>Peluca de fibra<\/em>.<\/div>\n<div style=\"clear: both; text-align: center;\"><\/div>\n<div style=\"clear: both; text-align: center;\"><a style=\"margin-left: 1em; margin-right: 1em;\" href=\"http:\/\/4.bp.blogspot.com\/-IrL8eSoUPQQ\/TunV3L4FpVI\/AAAAAAAAE_U\/tECUspNiezA\/s1600\/IMG_0674.JPG\"><img decoding=\"async\" src=\"http:\/\/4.bp.blogspot.com\/-IrL8eSoUPQQ\/TunV3L4FpVI\/AAAAAAAAE_U\/tECUspNiezA\/s640\/IMG_0674.JPG\" alt=\"\" width=\"474px\" height=\"640px\" border=\"0\" \/><\/a><\/div>\n<div style=\"text-align: center;\"><span style=\"font-size: x-large;\">\u00a1Mi mu\u00f1equita de maquillaje!<\/span><\/div>\n<div style=\"text-align: center;\"><span style=\"font-size: large;\">:)<\/span><\/div>","protected":false},"excerpt":{"rendered":"<p>Ville g\u00f6ra en klassisk v\u00e4ldigt julig julsminkning, och gjorde en m\u00f6rk knallr\u00f6d och glittrig makeup p\u00e5 Nicolin ig\u00e5r! (Alla \u00f6gonskuggor \u00e4r fr\u00e5n 180 paletten) R\u00f6d \u00f6gonskugga p\u00e5 hela \u00f6gonlocket och l\u00e4ngs globlinjen. Gr\u00e5 \u00f6gonskugga ytterst p\u00e5 \u00f6gonlocket och b\u00f6rjan av globlinjen och ytterst p\u00e5 undre fransraden. Vit skimrig \u00f6gonskugga innerst p\u00e5 undre fransraden. Ljusgul highlighter [&hellip;]<\/p>\n","protected":false},"author":30,"featured_media":0,"comment_status":"open","ping_status":"open","sticky":false,"template":"","format":"standard","meta":{"footnotes":""},"categories":[3],"tags":[],"class_list":["post-1186","post","type-post","status-publish","format-standard","hentry","category-allmant"],"yoast_head":"<!-- This site is optimized with the Yoast SEO Premium plugin v14.9 - https:\/\/yoast.com\/wordpress\/plugins\/seo\/ -->\n<meta name=\"description\" content=\"R\u00f6d julsminkning | Helena Amiley - H\u00e4r hittar du senaste infromation om sk\u00f6nhet, livsstil, entrepren\u00f6rskap, makeup &amp; tips.\" \/>\n<meta name=\"robots\" content=\"index, follow, max-snippet:-1, max-image-preview:large, max-video-preview:-1\" \/>\n<link rel=\"canonical\" href=\"https:\/\/www.imakeyousmile.se\/es\/rod-julsminkning\/\" \/>\n<meta property=\"og:locale\" content=\"es_ES\" \/>\n<meta property=\"og:type\" content=\"article\" \/>\n<meta property=\"og:title\" content=\"R\u00f6d julsminkning | Imakeyousmile.se\" \/>\n<meta property=\"og:description\" content=\"R\u00f6d julsminkning | Helena Amiley - H\u00e4r hittar du senaste infromation om sk\u00f6nhet, livsstil, entrepren\u00f6rskap, makeup &amp; tips.\" \/>\n<meta property=\"og:url\" content=\"https:\/\/www.imakeyousmile.se\/es\/rod-julsminkning\/\" \/>\n<meta property=\"og:site_name\" content=\"Imakeyousmile.se\" \/>\n<meta property=\"article:author\" content=\"https:\/\/www.facebook.com\/imakeyousmile.se\" \/>\n<meta property=\"article:published_time\" content=\"2011-12-16T06:35:00+00:00\" \/>\n<meta property=\"article:modified_time\" content=\"2014-08-12T15:32:52+00:00\" \/>\n<meta property=\"og:image\" content=\"http:\/\/1.bp.blogspot.com\/-rb0ivuM4Pyw\/TunVxX_hp9I\/AAAAAAAAE_E\/WaljtfLloXo\/s320\/IMG_0669.JPG\" \/>\n<meta name=\"twitter:card\" content=\"summary_large_image\" \/>\n<script type=\"application\/ld+json\" class=\"yoast-schema-graph\">{\"@context\":\"https:\/\/schema.org\",\"@graph\":[{\"@type\":\"Organization\",\"@id\":\"https:\/\/www.imakeyousmile.se\/es\/#organization\",\"name\":\"Imakeyousmile\",\"url\":\"https:\/\/www.imakeyousmile.se\/es\/\",\"sameAs\":[],\"logo\":{\"@type\":\"ImageObject\",\"@id\":\"https:\/\/www.imakeyousmile.se\/es\/#logo\",\"inLanguage\":\"es\",\"url\":\"https:\/\/www.imakeyousmile.se\/wp-content\/uploads\/2020\/10\/HELENA-AMILEY_SVART-1-e1603367975324.png\",\"width\":280,\"height\":93,\"caption\":\"Imakeyousmile\"},\"image\":{\"@id\":\"https:\/\/www.imakeyousmile.se\/es\/#logo\"}},{\"@type\":\"WebSite\",\"@id\":\"https:\/\/www.imakeyousmile.se\/es\/#website\",\"url\":\"https:\/\/www.imakeyousmile.se\/es\/\",\"name\":\"Imakeyousmile.se\",\"description\":\"Helena Amiley - Beauty, Entrepreneur, Lifestyle\",\"publisher\":{\"@id\":\"https:\/\/www.imakeyousmile.se\/es\/#organization\"},\"potentialAction\":[{\"@type\":\"SearchAction\",\"target\":\"https:\/\/www.imakeyousmile.se\/es\/?s={search_term_string}\",\"query-input\":\"required name=search_term_string\"}],\"inLanguage\":\"es\"},{\"@type\":\"ImageObject\",\"@id\":\"https:\/\/www.imakeyousmile.se\/rod-julsminkning\/#primaryimage\",\"inLanguage\":\"es\",\"url\":\"http:\/\/1.bp.blogspot.com\/-rb0ivuM4Pyw\/TunVxX_hp9I\/AAAAAAAAE_E\/WaljtfLloXo\/s320\/IMG_0669.JPG\"},{\"@type\":\"WebPage\",\"@id\":\"https:\/\/www.imakeyousmile.se\/rod-julsminkning\/#webpage\",\"url\":\"https:\/\/www.imakeyousmile.se\/rod-julsminkning\/\",\"name\":\"R\\u00f6d julsminkning | Imakeyousmile.se\",\"isPartOf\":{\"@id\":\"https:\/\/www.imakeyousmile.se\/es\/#website\"},\"primaryImageOfPage\":{\"@id\":\"https:\/\/www.imakeyousmile.se\/rod-julsminkning\/#primaryimage\"},\"datePublished\":\"2011-12-16T06:35:00+00:00\",\"dateModified\":\"2014-08-12T15:32:52+00:00\",\"description\":\"R\\u00f6d julsminkning | Helena Amiley - H\\u00e4r hittar du senaste infromation om sk\\u00f6nhet, livsstil, entrepren\\u00f6rskap, makeup & tips.\",\"inLanguage\":\"es\",\"potentialAction\":[{\"@type\":\"ReadAction\",\"target\":[\"https:\/\/www.imakeyousmile.se\/rod-julsminkning\/\"]}]},{\"@type\":\"Article\",\"@id\":\"https:\/\/www.imakeyousmile.se\/rod-julsminkning\/#article\",\"isPartOf\":{\"@id\":\"https:\/\/www.imakeyousmile.se\/rod-julsminkning\/#webpage\"},\"author\":{\"@id\":\"https:\/\/www.imakeyousmile.se\/es\/#\/schema\/person\/b0fd43b1c6bb1c60cfd68bff9b4a10fb\"},\"headline\":\"R\\u00f6d julsminkning\",\"datePublished\":\"2011-12-16T06:35:00+00:00\",\"dateModified\":\"2014-08-12T15:32:52+00:00\",\"mainEntityOfPage\":{\"@id\":\"https:\/\/www.imakeyousmile.se\/rod-julsminkning\/#webpage\"},\"commentCount\":0,\"publisher\":{\"@id\":\"https:\/\/www.imakeyousmile.se\/es\/#organization\"},\"image\":{\"@id\":\"https:\/\/www.imakeyousmile.se\/rod-julsminkning\/#primaryimage\"},\"articleSection\":\"\\u00d6vrigt\",\"inLanguage\":\"es\",\"potentialAction\":[{\"@type\":\"CommentAction\",\"name\":\"Comment\",\"target\":[\"https:\/\/www.imakeyousmile.se\/rod-julsminkning\/#respond\"]}]},{\"@type\":\"Person\",\"@id\":\"https:\/\/www.imakeyousmile.se\/es\/#\/schema\/person\/b0fd43b1c6bb1c60cfd68bff9b4a10fb\",\"name\":\"Helena Amiley\",\"image\":{\"@type\":\"ImageObject\",\"@id\":\"https:\/\/www.imakeyousmile.se\/es\/#personlogo\",\"inLanguage\":\"es\",\"url\":\"https:\/\/secure.gravatar.com\/avatar\/5645558e1e355457a23368d7e1b4c904?s=96&d=mm&r=g\",\"caption\":\"Helena Amiley\"},\"description\":\"Jag skriver mest om sk\\u00f6nhet men bjuder \\u00e4ven p\\u00e5 glimtar fr\\u00e5n entrepren\\u00f6rlivet och bygget av v\\u00e5r egen camper van. Vanlife here we come!\",\"sameAs\":[\"https:\/\/www.facebook.com\/imakeyousmile.se\",\"https:\/\/www.instagram.com\/helenaamiley\",\"https:\/\/www.youtube.com\/channel\/UCR5iB6rvpV6Yr8ZjpQfr5mg?view_as=subscriber\"]}]}<\/script>\n<!-- \/ Yoast SEO Premium plugin. -->","_links":{"self":[{"href":"https:\/\/www.imakeyousmile.se\/es\/wp-json\/wp\/v2\/posts\/1186"}],"collection":[{"href":"https:\/\/www.imakeyousmile.se\/es\/wp-json\/wp\/v2\/posts"}],"about":[{"href":"https:\/\/www.imakeyousmile.se\/es\/wp-json\/wp\/v2\/types\/post"}],"author":[{"embeddable":true,"href":"https:\/\/www.imakeyousmile.se\/es\/wp-json\/wp\/v2\/users\/30"}],"replies":[{"embeddable":true,"href":"https:\/\/www.imakeyousmile.se\/es\/wp-json\/wp\/v2\/comments?post=1186"}],"version-history":[{"count":0,"href":"https:\/\/www.imakeyousmile.se\/es\/wp-json\/wp\/v2\/posts\/1186\/revisions"}],"wp:attachment":[{"href":"https:\/\/www.imakeyousmile.se\/es\/wp-json\/wp\/v2\/media?parent=1186"}],"wp:term":[{"taxonomy":"category","embeddable":true,"href":"https:\/\/www.imakeyousmile.se\/es\/wp-json\/wp\/v2\/categories?post=1186"},{"taxonomy":"post_tag","embeddable":true,"href":"https:\/\/www.imakeyousmile.se\/es\/wp-json\/wp\/v2\/tags?post=1186"}],"curies":[{"name":"wp","href":"https:\/\/api.w.org\/{rel}","templated":true}]}}