{"id":1189,"date":"2011-12-15T08:00:00","date_gmt":"2011-12-15T07:00:00","guid":{"rendered":"http:\/\/www.imakeyousmile.se\/snygg-sminkning-med-lite-farg\/"},"modified":"2011-12-15T08:00:00","modified_gmt":"2011-12-15T07:00:00","slug":"snygg-sminkning-med-lite-farg","status":"publish","type":"post","link":"https:\/\/www.imakeyousmile.se\/es\/bonito-maquillaje-con-un-poco-color\/","title":{"rendered":"Bonito maquillaje con un poco de color."},"content":{"rendered":"<div style=\"clear: both; text-align: left;\">Nicolin se reconcili\u00f3 ayer. Quer\u00eda colores bastante neutros en el p\u00e1rpado, que todav\u00eda estaba muy maquillado. Y azul en la l\u00ednea de las pesta\u00f1as inferiores.<\/div>\n<div style=\"clear: both; text-align: left;\"><\/div>\n<div style=\"clear: both; text-align: left;\"><\/div>\n<div style=\"clear: both; text-align: left;\">\u00a1Aqu\u00ed est\u00e1 el resultado!<\/div>\n<div style=\"clear: both; text-align: center;\"><\/div>\n<div style=\"clear: both; text-align: center;\"><a href=\"http:\/\/2.bp.blogspot.com\/-Z6Budj9dSHI\/TuklgnhwYQI\/AAAAAAAAE-E\/pK4iiqi_WoM\/s1600\/1.JPG\" style=\"margin-left: 1em; margin-right: 1em;\"><img decoding=\"async\" border=\"0\" height=\"152px\" oda=\"true\" src=\"http:\/\/2.bp.blogspot.com\/-Z6Budj9dSHI\/TuklgnhwYQI\/AAAAAAAAE-E\/pK4iiqi_WoM\/s400\/1.JPG\" width=\"400px\" \/><\/a><\/div>\n<div style=\"clear: both; text-align: center;\"><\/div>\n<div style=\"clear: both; text-align: center;\"><span style=\"color: #ffe599; font-size: large;\"><strong>Amarillo claro <\/strong><\/span>sombra de ojos en el interior del p\u00e1rpado y hacia arriba en la l\u00ednea del globo terr\u00e1queo, <em>El tono favorito de Annika<\/em>.<\/div>\n<div style=\"clear: both; text-align: center;\"><span style=\"color: #ea9999; font-size: large;\"><strong>Rosa viejo<\/strong><\/span> en el medio del p\u00e1rpado y arriba de la l\u00ednea del globo, <em>Tienda de maquillaje.<\/em><\/div>\n<div style=\"clear: both; text-align: center;\"><strong><span style=\"font-size: large;\"><span style=\"color: red;\">Corall<\/span>\/<span style=\"color: #e06666;\">color melocot\u00f3n<\/span><\/span><\/strong> sombra de ojos al final del p\u00e1rpado y <u>encima<\/u> l\u00ednea de globo (que forma una &quot;nueva&quot; l\u00ednea)\u00a0<em>180 palets<\/em>.<\/div>\n<div style=\"clear: both; text-align: center;\"><span style=\"color: #b45f06; font-size: large;\"><strong>marr\u00f3n <\/strong><\/span>sombra de ojos en el melocot\u00f3n sobre la l\u00ednea del globo, paleta 180.<\/div>\n<div style=\"clear: both; text-align: center;\"><span style=\"color: #0b5394; font-size: large;\"><strong>Azul <\/strong><\/span>sombra de ojos en la l\u00ednea de las pesta\u00f1as inferiores, tienda de maquillaje (vista)<\/div>\n<div style=\"clear: both; text-align: center;\"><span style=\"color: #ffe599; font-size: large;\"><strong>Resaltador amarillo claro<\/strong><\/span> debajo del interior azul de la l\u00ednea de las pesta\u00f1as inferiores en la esquina del ojo y debajo de la ceja <em>El tono favorito de Annika<\/em>.<\/div>\n<div style=\"clear: both; text-align: center;\"><\/div>\n<div style=\"clear: both; text-align: center;\"><strong><span style=\"font-size: large;\">Delineador de ojos negro<\/span><\/strong> en la parte superior de las l\u00edneas de las pesta\u00f1as superiores e inferiores, <em>H&amp;M<\/em>.<\/div>\n<div style=\"clear: both; text-align: center;\"><strong><span style=\"font-size: large;\">R\u00edmel negro<\/span><\/strong> en todas las pesta\u00f1as, <em>Peluca de fibra<\/em>.<\/div>\n<p><\/p>\n<div style=\"clear: both; text-align: center;\"><a href=\"http:\/\/1.bp.blogspot.com\/-ZizjYhukROA\/TukliDfQujI\/AAAAAAAAE-M\/pCedaaN3XXM\/s1600\/IMG_0574.JPG\" style=\"margin-left: 1em; margin-right: 1em;\"><img decoding=\"async\" border=\"0\" height=\"400px\" oda=\"true\" src=\"http:\/\/1.bp.blogspot.com\/-ZizjYhukROA\/TukliDfQujI\/AAAAAAAAE-M\/pCedaaN3XXM\/s400\/IMG_0574.JPG\" width=\"343px\" \/><\/a><\/div>\n<p><\/p>\n<div style=\"text-align: center;\"><span style=\"font-size: x-large;\">\u00bfSeguramente se puso muy bien?<\/span><\/div>\n<div style=\"text-align: center;\"><span style=\"font-size: large;\">:)<\/span><\/div>","protected":false},"excerpt":{"rendered":"<p>\ufeffSminkade Nicolin ig\u00e5r. Hon ville ha ganska\u00a0neutrala\u00a0f\u00e4rger p\u00e5 \u00f6gonlocket,\u00a0som \u00e4nd\u00e5 var\u00a0v\u00e4ldigt starkt sminkat.\u00a0Och bl\u00e5tt p\u00e5 undre fransraden. H\u00e4r \u00e4r resultatet! Ljusgul \u00f6gonskugga innerst p\u00e5 \u00f6gonlocket och upp p\u00e5 globlinjen, Annikas favoritskugga. Gammelrosa i mitten av \u00f6gonlocket och upp p\u00e5 globlinjen, Make Up Store. Corall\/persikof\u00e4rgad \u00f6gonskugga ytterst p\u00e5 \u00f6gonlocket och \u00f6ver globlinjen (som bilder en &#8221;ny&#8221; [&hellip;]<\/p>\n","protected":false},"author":30,"featured_media":0,"comment_status":"open","ping_status":"open","sticky":false,"template":"","format":"standard","meta":{"footnotes":""},"categories":[3],"tags":[],"class_list":["post-1189","post","type-post","status-publish","format-standard","hentry","category-allmant"],"yoast_head":"<!-- This site is optimized with the Yoast SEO Premium plugin v14.9 - https:\/\/yoast.com\/wordpress\/plugins\/seo\/ -->\n<meta name=\"description\" content=\"Snygg sminkning med lite f\u00e4rg | Helena Amiley - H\u00e4r hittar du senaste infromation om sk\u00f6nhet, livsstil, entrepren\u00f6rskap, makeup &amp; tips.\" \/>\n<meta name=\"robots\" content=\"index, follow, max-snippet:-1, max-image-preview:large, max-video-preview:-1\" \/>\n<link rel=\"canonical\" href=\"https:\/\/www.imakeyousmile.se\/es\/snygg-sminkning-med-lite-farg\/\" \/>\n<meta property=\"og:locale\" content=\"es_ES\" \/>\n<meta property=\"og:type\" content=\"article\" \/>\n<meta property=\"og:title\" content=\"Snygg sminkning med lite f\u00e4rg | Imakeyousmile.se\" \/>\n<meta property=\"og:description\" content=\"Snygg sminkning med lite f\u00e4rg | Helena Amiley - H\u00e4r hittar du senaste infromation om sk\u00f6nhet, livsstil, entrepren\u00f6rskap, makeup &amp; tips.\" \/>\n<meta property=\"og:url\" content=\"https:\/\/www.imakeyousmile.se\/es\/snygg-sminkning-med-lite-farg\/\" \/>\n<meta property=\"og:site_name\" content=\"Imakeyousmile.se\" \/>\n<meta property=\"article:author\" content=\"https:\/\/www.facebook.com\/imakeyousmile.se\" \/>\n<meta property=\"article:published_time\" content=\"2011-12-15T07:00:00+00:00\" \/>\n<meta property=\"og:image\" content=\"http:\/\/2.bp.blogspot.com\/-Z6Budj9dSHI\/TuklgnhwYQI\/AAAAAAAAE-E\/pK4iiqi_WoM\/s400\/1.JPG\" \/>\n<meta name=\"twitter:card\" content=\"summary_large_image\" \/>\n<script type=\"application\/ld+json\" class=\"yoast-schema-graph\">{\"@context\":\"https:\/\/schema.org\",\"@graph\":[{\"@type\":\"Organization\",\"@id\":\"https:\/\/www.imakeyousmile.se\/es\/#organization\",\"name\":\"Imakeyousmile\",\"url\":\"https:\/\/www.imakeyousmile.se\/es\/\",\"sameAs\":[],\"logo\":{\"@type\":\"ImageObject\",\"@id\":\"https:\/\/www.imakeyousmile.se\/es\/#logo\",\"inLanguage\":\"es\",\"url\":\"https:\/\/www.imakeyousmile.se\/wp-content\/uploads\/2020\/10\/HELENA-AMILEY_SVART-1-e1603367975324.png\",\"width\":280,\"height\":93,\"caption\":\"Imakeyousmile\"},\"image\":{\"@id\":\"https:\/\/www.imakeyousmile.se\/es\/#logo\"}},{\"@type\":\"WebSite\",\"@id\":\"https:\/\/www.imakeyousmile.se\/es\/#website\",\"url\":\"https:\/\/www.imakeyousmile.se\/es\/\",\"name\":\"Imakeyousmile.se\",\"description\":\"Helena Amiley - Beauty, Entrepreneur, Lifestyle\",\"publisher\":{\"@id\":\"https:\/\/www.imakeyousmile.se\/es\/#organization\"},\"potentialAction\":[{\"@type\":\"SearchAction\",\"target\":\"https:\/\/www.imakeyousmile.se\/es\/?s={search_term_string}\",\"query-input\":\"required name=search_term_string\"}],\"inLanguage\":\"es\"},{\"@type\":\"ImageObject\",\"@id\":\"https:\/\/www.imakeyousmile.se\/snygg-sminkning-med-lite-farg\/#primaryimage\",\"inLanguage\":\"es\",\"url\":\"http:\/\/2.bp.blogspot.com\/-Z6Budj9dSHI\/TuklgnhwYQI\/AAAAAAAAE-E\/pK4iiqi_WoM\/s400\/1.JPG\"},{\"@type\":\"WebPage\",\"@id\":\"https:\/\/www.imakeyousmile.se\/snygg-sminkning-med-lite-farg\/#webpage\",\"url\":\"https:\/\/www.imakeyousmile.se\/snygg-sminkning-med-lite-farg\/\",\"name\":\"Snygg sminkning med lite f\\u00e4rg | Imakeyousmile.se\",\"isPartOf\":{\"@id\":\"https:\/\/www.imakeyousmile.se\/es\/#website\"},\"primaryImageOfPage\":{\"@id\":\"https:\/\/www.imakeyousmile.se\/snygg-sminkning-med-lite-farg\/#primaryimage\"},\"datePublished\":\"2011-12-15T07:00:00+00:00\",\"dateModified\":\"2011-12-15T07:00:00+00:00\",\"description\":\"Snygg sminkning med lite f\\u00e4rg | Helena Amiley - H\\u00e4r hittar du senaste infromation om sk\\u00f6nhet, livsstil, entrepren\\u00f6rskap, makeup & tips.\",\"inLanguage\":\"es\",\"potentialAction\":[{\"@type\":\"ReadAction\",\"target\":[\"https:\/\/www.imakeyousmile.se\/snygg-sminkning-med-lite-farg\/\"]}]},{\"@type\":\"Article\",\"@id\":\"https:\/\/www.imakeyousmile.se\/snygg-sminkning-med-lite-farg\/#article\",\"isPartOf\":{\"@id\":\"https:\/\/www.imakeyousmile.se\/snygg-sminkning-med-lite-farg\/#webpage\"},\"author\":{\"@id\":\"https:\/\/www.imakeyousmile.se\/es\/#\/schema\/person\/b0fd43b1c6bb1c60cfd68bff9b4a10fb\"},\"headline\":\"Snygg sminkning med lite f\\u00e4rg\",\"datePublished\":\"2011-12-15T07:00:00+00:00\",\"dateModified\":\"2011-12-15T07:00:00+00:00\",\"mainEntityOfPage\":{\"@id\":\"https:\/\/www.imakeyousmile.se\/snygg-sminkning-med-lite-farg\/#webpage\"},\"commentCount\":0,\"publisher\":{\"@id\":\"https:\/\/www.imakeyousmile.se\/es\/#organization\"},\"image\":{\"@id\":\"https:\/\/www.imakeyousmile.se\/snygg-sminkning-med-lite-farg\/#primaryimage\"},\"articleSection\":\"\\u00d6vrigt\",\"inLanguage\":\"es\",\"potentialAction\":[{\"@type\":\"CommentAction\",\"name\":\"Comment\",\"target\":[\"https:\/\/www.imakeyousmile.se\/snygg-sminkning-med-lite-farg\/#respond\"]}]},{\"@type\":\"Person\",\"@id\":\"https:\/\/www.imakeyousmile.se\/es\/#\/schema\/person\/b0fd43b1c6bb1c60cfd68bff9b4a10fb\",\"name\":\"Helena Amiley\",\"image\":{\"@type\":\"ImageObject\",\"@id\":\"https:\/\/www.imakeyousmile.se\/es\/#personlogo\",\"inLanguage\":\"es\",\"url\":\"https:\/\/secure.gravatar.com\/avatar\/5645558e1e355457a23368d7e1b4c904?s=96&d=mm&r=g\",\"caption\":\"Helena Amiley\"},\"description\":\"Jag skriver mest om sk\\u00f6nhet men bjuder \\u00e4ven p\\u00e5 glimtar fr\\u00e5n entrepren\\u00f6rlivet och bygget av v\\u00e5r egen camper van. Vanlife here we come!\",\"sameAs\":[\"https:\/\/www.facebook.com\/imakeyousmile.se\",\"https:\/\/www.instagram.com\/helenaamiley\",\"https:\/\/www.youtube.com\/channel\/UCR5iB6rvpV6Yr8ZjpQfr5mg?view_as=subscriber\"]}]}<\/script>\n<!-- \/ Yoast SEO Premium plugin. -->","_links":{"self":[{"href":"https:\/\/www.imakeyousmile.se\/es\/wp-json\/wp\/v2\/posts\/1189"}],"collection":[{"href":"https:\/\/www.imakeyousmile.se\/es\/wp-json\/wp\/v2\/posts"}],"about":[{"href":"https:\/\/www.imakeyousmile.se\/es\/wp-json\/wp\/v2\/types\/post"}],"author":[{"embeddable":true,"href":"https:\/\/www.imakeyousmile.se\/es\/wp-json\/wp\/v2\/users\/30"}],"replies":[{"embeddable":true,"href":"https:\/\/www.imakeyousmile.se\/es\/wp-json\/wp\/v2\/comments?post=1189"}],"version-history":[{"count":0,"href":"https:\/\/www.imakeyousmile.se\/es\/wp-json\/wp\/v2\/posts\/1189\/revisions"}],"wp:attachment":[{"href":"https:\/\/www.imakeyousmile.se\/es\/wp-json\/wp\/v2\/media?parent=1189"}],"wp:term":[{"taxonomy":"category","embeddable":true,"href":"https:\/\/www.imakeyousmile.se\/es\/wp-json\/wp\/v2\/categories?post=1189"},{"taxonomy":"post_tag","embeddable":true,"href":"https:\/\/www.imakeyousmile.se\/es\/wp-json\/wp\/v2\/tags?post=1189"}],"curies":[{"name":"wp","href":"https:\/\/api.w.org\/{rel}","templated":true}]}}