{"id":1210,"date":"2011-12-04T18:00:00","date_gmt":"2011-12-04T17:00:00","guid":{"rendered":"http:\/\/www.imakeyousmile.se\/julsminkning-4\/"},"modified":"2011-12-04T18:00:00","modified_gmt":"2011-12-04T17:00:00","slug":"julsminkning-4","status":"publish","type":"post","link":"https:\/\/www.imakeyousmile.se\/es\/maquillaje-de-navidad-4\/","title":{"rendered":"Maquillaje de navidad"},"content":{"rendered":"<div style=\"clear: both; text-align: left;\">Es una explicaci\u00f3n bastante vaga decir maquillaje navide\u00f1o, \u00bfqu\u00e9 es realmente? \u00bfEs un maquillaje rojo o un maquillaje con otros colores navide\u00f1os como el verde y el azul?<\/div>\n<div style=\"clear: both; text-align: left;\"><\/div>\n<div style=\"clear: both; text-align: left;\">\u00a1Simplemente puede interpretar como quiera! El a\u00f1o pasado tuve una muy\u00a0<span style=\"color: #6fa8dc; font-size: x-large;\">azul frio<\/span>\u00a0y maquillaje brillante en Nochebuena (<em>uno similar que hice a principios de esta semana<\/em>)<\/div>\n<div style=\"clear: both; text-align: left;\"><\/div>\n<div style=\"clear: both; text-align: left;\"><\/div>\n<div style=\"clear: both; text-align: left;\">Tambi\u00e9n he hecho maquillaje navide\u00f1o en <span style=\"color: #38761d; font-size: large;\"><span style=\"color: #274e13;\">verde oscuro<\/span> <\/span>y<span style=\"color: #0b5394;\"> <span style=\"font-size: large;\">azul oscuro<\/span><\/span>, que ten\u00eda planeado hacer una nueva variaci\u00f3n este a\u00f1o.<\/div>\n<div style=\"clear: both; text-align: left;\"><\/div>\n<div style=\"clear: both; text-align: left;\"><\/div>\n<div style=\"clear: both; text-align: left;\">Y ayer se volvi\u00f3 un poco <span style=\"font-size: x-large;\"><span style=\"color: #990000;\">ROJO<\/span><span style=\"color: #a64d79;\">lila<\/span><\/span> maquillaje con labios rojos, que me hizo pensar en Nochebuena!<\/div>\n<div style=\"clear: both; text-align: left;\"><\/div>\n<div style=\"clear: both; text-align: left;\"><\/div>\n<div style=\"clear: both; text-align: left;\">Tienes alguna otra sugerencia?<\/div>\n<div style=\"clear: both; text-align: center;\"><\/div>\n<div style=\"clear: both; text-align: center;\"><a href=\"http:\/\/3.bp.blogspot.com\/-t7csurhXztA\/TtujEWe1JWI\/AAAAAAAAE2k\/tZXDbsIJNKk\/s1600\/DSC_0035.JPG\" style=\"margin-left: 1em; margin-right: 1em;\"><img decoding=\"async\" border=\"0\" dda=\"true\" height=\"320px\" src=\"http:\/\/3.bp.blogspot.com\/-t7csurhXztA\/TtujEWe1JWI\/AAAAAAAAE2k\/tZXDbsIJNKk\/s320\/DSC_0035.JPG\" width=\"317px\" \/><\/a><\/div>\n<div style=\"clear: both; text-align: center;\"><em>(Todas las sombras de ojos son de la paleta 88, excepto la sombra favorita de Annika)<\/em><\/div>\n<div style=\"clear: both; text-align: center;\"><\/div>\n<div style=\"clear: both; text-align: center;\"><strong><span style=\"font-size: large;\"><span style=\"color: #cc0000;\">ROJO<\/span><span style=\"color: #a64d79;\">lila<\/span><\/span><\/strong> sombra de ojos en la parte inferior de la l\u00ednea de las pesta\u00f1as superiores y en el medio de la l\u00ednea de las pesta\u00f1as inferiores.<\/div>\n<div style=\"clear: both; text-align: center;\"><strong><span style=\"font-size: large;\"><span style=\"color: #741b47;\">M\u00e1s oscuro<\/span> <span style=\"color: #990000;\">ROJO<\/span><span style=\"color: #741b47;\">lila<\/span><\/span><\/strong> sombra de ojos a lo largo de la l\u00ednea del globo, y tambi\u00e9n un poco por encima de la l\u00ednea del globo.<\/div>\n<div style=\"clear: both; text-align: center;\"><span style=\"color: #444444; font-size: large;\"><strong>Gris negro<\/strong><\/span> sombra de ojos al final de la l\u00ednea de las pesta\u00f1as superiores, al final de la l\u00ednea de las pesta\u00f1as inferiores y a lo largo de la l\u00ednea del globo (<em>de modo que el p\u00farpura rojizo todav\u00eda sea visible un poco por encima<\/em>)<\/div>\n<div style=\"clear: both; text-align: center;\"><span style=\"color: #ea9999; font-size: large;\"><strong>Rosa claro<\/strong><\/span> sombra de ojos en el interior del p\u00e1rpado.<\/div>\n<div style=\"clear: both; text-align: center;\"><strong><span style=\"font-size: large;\"><span style=\"color: #e06666;\">Rosa coral<\/span><span style=\"color: #cc0000;\">\/ROJO<\/span><\/span><\/strong> sombra de ojos debajo de la l\u00ednea del globo terr\u00e1queo<em>no todo el camino al rosa claro<\/em>)<\/div>\n<div style=\"clear: both; text-align: center;\"><\/div>\n<div style=\"clear: both; text-align: center;\"><span style=\"color: #ffd966; font-size: large;\"><strong>Amarillo claro<\/strong><\/span> sombra de ojos iluminador en el interior del p\u00e1rpado, en la esquina del ojo, en la parte inferior de la l\u00ednea de las pesta\u00f1as inferiores y debajo de la ceja <em>La sombra favorita de Annika (Kryolan)<\/em><\/div>\n<div style=\"clear: both; text-align: center;\"><\/div>\n<div style=\"clear: both; text-align: center;\"><strong><span style=\"font-size: large;\">Negro <\/span><\/strong>delineador de ojos en toda la l\u00ednea de las pesta\u00f1as superiores y en la parte inferior<em>, H&amp;M.<\/em><\/div>\n<div style=\"clear: both; text-align: center;\"><span style=\"color: #9fc5e8; font-size: large;\">Brillantina<\/span><span style=\"color: #9fc5e8;\"> <span style=\"font-size: large;\">delineador de ojos<\/span><\/span> En el rabillo del ojo<em>, Viva la Diva.<\/em><\/div>\n<p><\/p>\n<div style=\"clear: both; text-align: center;\"><a href=\"http:\/\/3.bp.blogspot.com\/-AEGijjOxIKc\/TtujFUujVmI\/AAAAAAAAE2s\/nivZqIoSH9g\/s1600\/DSC_0044.JPG\" style=\"margin-left: 1em; margin-right: 1em;\"><img decoding=\"async\" border=\"0\" dda=\"true\" height=\"640px\" src=\"http:\/\/3.bp.blogspot.com\/-AEGijjOxIKc\/TtujFUujVmI\/AAAAAAAAE2s\/nivZqIoSH9g\/s640\/DSC_0044.JPG\" width=\"416px\" \/><\/a><\/div>\n<div style=\"clear: both; text-align: center;\"><\/div>\n<div style=\"clear: both; text-align: center;\"><span style=\"font-size: x-large;\">\u00a1Ahora ser\u00e1 acogedor con t\u00e9 de grosella negra!<\/span><\/div>","protected":false},"excerpt":{"rendered":"<p>Det \u00e4r en ganska diffus f\u00f6rklaring att s\u00e4ga julsminkning, vad \u00e4r det egentligen? \u00c4r det en r\u00f6d sminkning eller en sminkning med julens andra f\u00e4rger som gr\u00f6nt och bl\u00e5tt? Man f\u00e5r helt enkelt tolka som man vill! F\u00f6rra \u00e5ret hade jag en v\u00e4ldigt\u00a0kall bl\u00e5\u00a0och glittrig sminkning p\u00e5 julafton (en liknande som jag gjorde tidigare i [&hellip;]<\/p>\n","protected":false},"author":30,"featured_media":0,"comment_status":"open","ping_status":"open","sticky":false,"template":"","format":"standard","meta":{"footnotes":""},"categories":[3],"tags":[],"class_list":["post-1210","post","type-post","status-publish","format-standard","hentry","category-allmant"],"yoast_head":"<!-- This site is optimized with the Yoast SEO Premium plugin v14.9 - https:\/\/yoast.com\/wordpress\/plugins\/seo\/ -->\n<meta name=\"description\" content=\"Julsminkning | Helena Amiley - H\u00e4r hittar du senaste infromation om sk\u00f6nhet, livsstil, entrepren\u00f6rskap, makeup &amp; tips.\" \/>\n<meta name=\"robots\" content=\"index, follow, max-snippet:-1, max-image-preview:large, max-video-preview:-1\" \/>\n<link rel=\"canonical\" href=\"https:\/\/www.imakeyousmile.se\/es\/julsminkning-4\/\" \/>\n<meta property=\"og:locale\" content=\"es_ES\" \/>\n<meta property=\"og:type\" content=\"article\" \/>\n<meta property=\"og:title\" content=\"Julsminkning | Imakeyousmile.se\" \/>\n<meta property=\"og:description\" content=\"Julsminkning | Helena Amiley - H\u00e4r hittar du senaste infromation om sk\u00f6nhet, livsstil, entrepren\u00f6rskap, makeup &amp; tips.\" \/>\n<meta property=\"og:url\" content=\"https:\/\/www.imakeyousmile.se\/es\/julsminkning-4\/\" \/>\n<meta property=\"og:site_name\" content=\"Imakeyousmile.se\" \/>\n<meta property=\"article:author\" content=\"https:\/\/www.facebook.com\/imakeyousmile.se\" \/>\n<meta property=\"article:published_time\" content=\"2011-12-04T17:00:00+00:00\" \/>\n<meta property=\"og:image\" content=\"http:\/\/3.bp.blogspot.com\/-t7csurhXztA\/TtujEWe1JWI\/AAAAAAAAE2k\/tZXDbsIJNKk\/s320\/DSC_0035.JPG\" \/>\n<meta name=\"twitter:card\" content=\"summary_large_image\" \/>\n<script type=\"application\/ld+json\" class=\"yoast-schema-graph\">{\"@context\":\"https:\/\/schema.org\",\"@graph\":[{\"@type\":\"Organization\",\"@id\":\"https:\/\/www.imakeyousmile.se\/es\/#organization\",\"name\":\"Imakeyousmile\",\"url\":\"https:\/\/www.imakeyousmile.se\/es\/\",\"sameAs\":[],\"logo\":{\"@type\":\"ImageObject\",\"@id\":\"https:\/\/www.imakeyousmile.se\/es\/#logo\",\"inLanguage\":\"es\",\"url\":\"https:\/\/www.imakeyousmile.se\/wp-content\/uploads\/2020\/10\/HELENA-AMILEY_SVART-1-e1603367975324.png\",\"width\":280,\"height\":93,\"caption\":\"Imakeyousmile\"},\"image\":{\"@id\":\"https:\/\/www.imakeyousmile.se\/es\/#logo\"}},{\"@type\":\"WebSite\",\"@id\":\"https:\/\/www.imakeyousmile.se\/es\/#website\",\"url\":\"https:\/\/www.imakeyousmile.se\/es\/\",\"name\":\"Imakeyousmile.se\",\"description\":\"Helena Amiley - Beauty, Entrepreneur, Lifestyle\",\"publisher\":{\"@id\":\"https:\/\/www.imakeyousmile.se\/es\/#organization\"},\"potentialAction\":[{\"@type\":\"SearchAction\",\"target\":\"https:\/\/www.imakeyousmile.se\/es\/?s={search_term_string}\",\"query-input\":\"required name=search_term_string\"}],\"inLanguage\":\"es\"},{\"@type\":\"ImageObject\",\"@id\":\"https:\/\/www.imakeyousmile.se\/julsminkning-4\/#primaryimage\",\"inLanguage\":\"es\",\"url\":\"http:\/\/3.bp.blogspot.com\/-t7csurhXztA\/TtujEWe1JWI\/AAAAAAAAE2k\/tZXDbsIJNKk\/s320\/DSC_0035.JPG\"},{\"@type\":\"WebPage\",\"@id\":\"https:\/\/www.imakeyousmile.se\/julsminkning-4\/#webpage\",\"url\":\"https:\/\/www.imakeyousmile.se\/julsminkning-4\/\",\"name\":\"Julsminkning | Imakeyousmile.se\",\"isPartOf\":{\"@id\":\"https:\/\/www.imakeyousmile.se\/es\/#website\"},\"primaryImageOfPage\":{\"@id\":\"https:\/\/www.imakeyousmile.se\/julsminkning-4\/#primaryimage\"},\"datePublished\":\"2011-12-04T17:00:00+00:00\",\"dateModified\":\"2011-12-04T17:00:00+00:00\",\"description\":\"Julsminkning | Helena Amiley - H\\u00e4r hittar du senaste infromation om sk\\u00f6nhet, livsstil, entrepren\\u00f6rskap, makeup & tips.\",\"inLanguage\":\"es\",\"potentialAction\":[{\"@type\":\"ReadAction\",\"target\":[\"https:\/\/www.imakeyousmile.se\/julsminkning-4\/\"]}]},{\"@type\":\"Article\",\"@id\":\"https:\/\/www.imakeyousmile.se\/julsminkning-4\/#article\",\"isPartOf\":{\"@id\":\"https:\/\/www.imakeyousmile.se\/julsminkning-4\/#webpage\"},\"author\":{\"@id\":\"https:\/\/www.imakeyousmile.se\/es\/#\/schema\/person\/b0fd43b1c6bb1c60cfd68bff9b4a10fb\"},\"headline\":\"Julsminkning\",\"datePublished\":\"2011-12-04T17:00:00+00:00\",\"dateModified\":\"2011-12-04T17:00:00+00:00\",\"mainEntityOfPage\":{\"@id\":\"https:\/\/www.imakeyousmile.se\/julsminkning-4\/#webpage\"},\"commentCount\":0,\"publisher\":{\"@id\":\"https:\/\/www.imakeyousmile.se\/es\/#organization\"},\"image\":{\"@id\":\"https:\/\/www.imakeyousmile.se\/julsminkning-4\/#primaryimage\"},\"articleSection\":\"\\u00d6vrigt\",\"inLanguage\":\"es\",\"potentialAction\":[{\"@type\":\"CommentAction\",\"name\":\"Comment\",\"target\":[\"https:\/\/www.imakeyousmile.se\/julsminkning-4\/#respond\"]}]},{\"@type\":\"Person\",\"@id\":\"https:\/\/www.imakeyousmile.se\/es\/#\/schema\/person\/b0fd43b1c6bb1c60cfd68bff9b4a10fb\",\"name\":\"Helena Amiley\",\"image\":{\"@type\":\"ImageObject\",\"@id\":\"https:\/\/www.imakeyousmile.se\/es\/#personlogo\",\"inLanguage\":\"es\",\"url\":\"https:\/\/secure.gravatar.com\/avatar\/5645558e1e355457a23368d7e1b4c904?s=96&d=mm&r=g\",\"caption\":\"Helena Amiley\"},\"description\":\"Jag skriver mest om sk\\u00f6nhet men bjuder \\u00e4ven p\\u00e5 glimtar fr\\u00e5n entrepren\\u00f6rlivet och bygget av v\\u00e5r egen camper van. Vanlife here we come!\",\"sameAs\":[\"https:\/\/www.facebook.com\/imakeyousmile.se\",\"https:\/\/www.instagram.com\/helenaamiley\",\"https:\/\/www.youtube.com\/channel\/UCR5iB6rvpV6Yr8ZjpQfr5mg?view_as=subscriber\"]}]}<\/script>\n<!-- \/ Yoast SEO Premium plugin. -->","_links":{"self":[{"href":"https:\/\/www.imakeyousmile.se\/es\/wp-json\/wp\/v2\/posts\/1210"}],"collection":[{"href":"https:\/\/www.imakeyousmile.se\/es\/wp-json\/wp\/v2\/posts"}],"about":[{"href":"https:\/\/www.imakeyousmile.se\/es\/wp-json\/wp\/v2\/types\/post"}],"author":[{"embeddable":true,"href":"https:\/\/www.imakeyousmile.se\/es\/wp-json\/wp\/v2\/users\/30"}],"replies":[{"embeddable":true,"href":"https:\/\/www.imakeyousmile.se\/es\/wp-json\/wp\/v2\/comments?post=1210"}],"version-history":[{"count":0,"href":"https:\/\/www.imakeyousmile.se\/es\/wp-json\/wp\/v2\/posts\/1210\/revisions"}],"wp:attachment":[{"href":"https:\/\/www.imakeyousmile.se\/es\/wp-json\/wp\/v2\/media?parent=1210"}],"wp:term":[{"taxonomy":"category","embeddable":true,"href":"https:\/\/www.imakeyousmile.se\/es\/wp-json\/wp\/v2\/categories?post=1210"},{"taxonomy":"post_tag","embeddable":true,"href":"https:\/\/www.imakeyousmile.se\/es\/wp-json\/wp\/v2\/tags?post=1210"}],"curies":[{"name":"wp","href":"https:\/\/api.w.org\/{rel}","templated":true}]}}