{"id":1235,"date":"2011-11-22T11:30:00","date_gmt":"2011-11-22T10:30:00","guid":{"rendered":"http:\/\/www.imakeyousmile.se\/revitalash-fransnaring\/"},"modified":"2011-11-22T11:30:00","modified_gmt":"2011-11-22T10:30:00","slug":"revitalash-fransnaring","status":"publish","type":"post","link":"https:\/\/www.imakeyousmile.se\/es\/franja-revitalash\/","title":{"rendered":"Revitalash - industria francesa"},"content":{"rendered":"<div style=\"clear: both; text-align: left;\">Estoy realmente ansioso por intentarlo <em>Revitalash<\/em>, uno<span style=\"font-size: x-large;\"> nutrici\u00f3n<\/span> lo que hace que las pesta\u00f1as sean m\u00e1s largas y densas. <\/div>\n<p>Es un l\u00edquido transparente que se aplica a lo largo del borde franc\u00e9s todas las noches.<\/p>\n<p>Tambi\u00e9n es interesante saber que fue producido por una <span style=\"font-size: x-large;\">M\u00e9dico<\/span> que quer\u00edan ayudar a los pacientes con c\u00e1ncer a recuperar el crecimiento del cabello.<\/p>\n<div style=\"clear: both; text-align: left;\"><\/div>\n<div style=\"clear: both; text-align: center;\"><a href=\"http:\/\/1.bp.blogspot.com\/-hpx55xjHccc\/TsrTo-5bZtI\/AAAAAAAAEuU\/O1g5hrlhEtA\/s1600\/Revitalash.png\" style=\"margin-left: 1em; margin-right: 1em;\"><img decoding=\"async\" border=\"0\" hda=\"true\" height=\"318px\" src=\"http:\/\/1.bp.blogspot.com\/-hpx55xjHccc\/TsrTo-5bZtI\/AAAAAAAAEuU\/O1g5hrlhEtA\/s400\/Revitalash.png\" width=\"400px\" \/><\/a><\/div>\n<div style=\"clear: both; text-align: center;\"><\/div>\n<div style=\"clear: both; text-align: left;\"><\/div>\n<p>No he probado\u00a0<em>Revitalash<\/em> yo mismo, en lugar de eso pens\u00e9 en decir qu\u00e9 <span style=\"font-size: x-large;\">Annika <\/span>\u00a1a Creative Make up le gusta el producto!<\/p>\n<div style=\"border-bottom: medium none; border-left: medium none; border-right: medium none; border-top: medium none; clear: both; text-align: left;\">Annika eligi\u00f3 simplemente tratar <span style=\"font-size: x-large;\">uno <\/span>ojo primero, para ver realmente la diferencia. Luego eligi\u00f3 el ojo derecho, porque ten\u00eda el ojo m\u00e1s corto y <span style=\"font-size: x-large;\">pesta\u00f1as m\u00e1s dispersas<\/span> all\u00ed desde antes.<\/p>\n<\/div>\n<div style=\"clear: both; text-align: left;\">Vio resultados despu\u00e9s de 10 semanas (<em>Deber\u00eda tomar de 2 a 10 semanas seg\u00fan la descripci\u00f3n del producto.<\/em>)<\/div>\n<div style=\"clear: both; text-align: left;\"><\/div>\n<p><\/p>\n<div style=\"border-bottom: medium none; border-left: medium none; border-right: medium none; border-top: medium none; clear: both; text-align: left;\">&#8221;<em>Comenz\u00f3 con las pesta\u00f1as del borde exterior cada vez m\u00e1s largas. Despu\u00e9s de un tiempo, \u00a1todos notaron la diferencia! Luego pens\u00e9 que las pesta\u00f1as de mi anterior &quot;mejor&quot; ojo de pesta\u00f1as se ve\u00edan muy lamentables. \u00a1Incluso hubo personas que me preguntaron si me hab\u00eda inventado UN ojo! &quot;<\/em><\/div>\n<p><\/p>\n<div style=\"clear: both; text-align: center;\"><\/div>\n<div style=\"clear: both; text-align: center;\"><a href=\"http:\/\/4.bp.blogspot.com\/-3qAIFni13Ek\/TsrOd9D94DI\/AAAAAAAAEt0\/Iony_vL2oSA\/s1600\/revitalash3-300x98.jpg\" style=\"margin-left: 1em; margin-right: 1em;\"><img decoding=\"async\" border=\"0\" hda=\"true\" height=\"130px\" src=\"http:\/\/4.bp.blogspot.com\/-3qAIFni13Ek\/TsrOd9D94DI\/AAAAAAAAEt0\/Iony_vL2oSA\/s400\/revitalash3-300x98.jpg\" width=\"400px\" \/><\/a><\/div>\n<div style=\"clear: both; text-align: center;\"><\/div>\n<div style=\"clear: both; text-align: center;\"><em>13 semanas despu\u00e9s de Revitalash.<\/em><\/div>\n<p><\/p>\n<div style=\"clear: both; text-align: center;\"><a href=\"http:\/\/4.bp.blogspot.com\/-ma04eCAKSHE\/TsrOfdnVLZI\/AAAAAAAAEt8\/nRz_OCjrsHI\/s1600\/revitalash2-300x98.jpg\" style=\"margin-left: 1em; margin-right: 1em;\"><img decoding=\"async\" border=\"0\" hda=\"true\" height=\"130px\" src=\"http:\/\/4.bp.blogspot.com\/-ma04eCAKSHE\/TsrOfdnVLZI\/AAAAAAAAEt8\/nRz_OCjrsHI\/s400\/revitalash2-300x98.jpg\" width=\"400px\" \/><\/a><\/div>\n<p><\/p>\n<div style=\"clear: both; text-align: center;\"><a href=\"http:\/\/1.bp.blogspot.com\/-6V-58mnmm5U\/TsrOgovA2jI\/AAAAAAAAEuE\/eGelXUkxLUA\/s1600\/revitalash1-300x98.jpg\" style=\"margin-left: 1em; margin-right: 1em;\"><img decoding=\"async\" border=\"0\" hda=\"true\" height=\"130px\" src=\"http:\/\/1.bp.blogspot.com\/-6V-58mnmm5U\/TsrOgovA2jI\/AAAAAAAAEuE\/eGelXUkxLUA\/s400\/revitalash1-300x98.jpg\" width=\"400px\" \/><\/a><\/div>\n<div style=\"clear: both; text-align: center;\"><em>14 semanas despu\u00e9s<\/em> <em>Revitalash<\/em><\/div>\n<div style=\"clear: both; text-align: center;\"><em>(Ahora las pesta\u00f1as se volvieron casi demasiado largas, cuando golpearon las gafas)<\/em><\/div>\n<div style=\"border-bottom: medium none; border-left: medium none; border-right: medium none; border-top: medium none;\">Tambien he escuchado eso <span style=\"font-size: x-large;\">Neulash<\/span> tambi\u00e9n funciona bien<em>Mi hermana Mia ha probado tanto Neulash como Revita, y cree que el efecto en ambos es similar<\/em>) He escuchado que Neulash es m\u00e1s fuerte y parece un poco m\u00e1s r\u00e1pido. Pero como es m\u00e1s fuerte, tambi\u00e9n existe un mayor riesgo de <span style=\"font-size: x-large;\">reacciones<\/span>.<\/div>\n<div style=\"border-bottom: medium none; border-left: medium none; border-right: medium none; border-top: medium none;\"><\/div>\n<div style=\"border-bottom: medium none; border-left: medium none; border-right: medium none; border-top: medium none;\">Y Annika hab\u00eda o\u00eddo hablar de personas que hab\u00edan comenzado <span style=\"font-size: x-large;\">&quot;pelar&quot;<\/span> un poco en el borde franc\u00e9s y que se ha irritado. Sin embargo, esta no es una fuente confiable.<\/div>\n<p>Revitalash cuesta SEK 1295 o SEK 795, dependiendo del tama\u00f1o de la botella. Suena caro, pero el producto es <span style=\"font-size: x-large;\">muy rico<\/span>. El grande dura aproximadamente 6 meses si lo usa a diario (<em>alrededor de 25 semanas<\/em>)<\/p>\n<p>Y una vez que las pesta\u00f1as hayan crecido, no necesitas cepillarte todos los d\u00edas, eso es suficiente <span style=\"font-size: x-large;\">algunas veces a la semana<\/span>. \u00a1Y luego, por supuesto, dura a\u00fan m\u00e1s!<\/p>\n<div style=\"border-bottom: medium none; border-left: medium none; border-right: medium none; border-top: medium none; clear: both; text-align: center;\"><\/div>\n<div style=\"border-bottom: medium none; border-left: medium none; border-right: medium none; border-top: medium none; clear: both; text-align: center;\"><span style=\"font-size: x-large;\">Revitalash est\u00e1 disponible <\/span><span style=\"font-size: x-large;\">en <a href=\"http:\/\/creativemakeup.se\/\">Creativemakeup.se<\/a><\/span><\/div>","protected":false},"excerpt":{"rendered":"<p>Jag \u00e4r\u00a0enormt sugen p\u00e5 att testa Revitalash, en n\u00e4ring som g\u00f6r fransarna b\u00e5de l\u00e4ngre och t\u00e4tare! Det\u00a0\u00e4r en genomskinlig v\u00e4tska som man penslar p\u00e5 l\u00e4ngs franskanten varje kv\u00e4ll. Intressant att veta \u00e4r ocks\u00e5 att den framstods av en doktor som ville hj\u00e4lpa cancerpatienter att f\u00e5 tillbaka sin h\u00e5rv\u00e4xt! Jag har inte testat\u00a0Revitalash sj\u00e4lv,\u00a0ist\u00e4llet t\u00e4nkte jag\u00a0ber\u00e4tta [&hellip;]<\/p>\n","protected":false},"author":30,"featured_media":0,"comment_status":"open","ping_status":"open","sticky":false,"template":"","format":"standard","meta":{"footnotes":""},"categories":[61,59],"tags":[],"class_list":["post-1235","post","type-post","status-publish","format-standard","hentry","category-ogonfransar","category-recensioner-produkttips"],"yoast_head":"<!-- This site is optimized with the Yoast SEO Premium plugin v14.9 - https:\/\/yoast.com\/wordpress\/plugins\/seo\/ -->\n<meta name=\"description\" content=\"Revitalash - Fransn\u00e4ring | Helena Amiley - H\u00e4r hittar du senaste infromation om sk\u00f6nhet, livsstil, entrepren\u00f6rskap, makeup &amp; tips.\" \/>\n<meta name=\"robots\" content=\"index, follow, max-snippet:-1, max-image-preview:large, max-video-preview:-1\" \/>\n<link rel=\"canonical\" href=\"https:\/\/www.imakeyousmile.se\/es\/revitalash-fransnaring\/\" \/>\n<meta property=\"og:locale\" content=\"es_ES\" \/>\n<meta property=\"og:type\" content=\"article\" \/>\n<meta property=\"og:title\" content=\"Revitalash - Fransn\u00e4ring | Imakeyousmile.se\" \/>\n<meta property=\"og:description\" content=\"Revitalash - Fransn\u00e4ring | Helena Amiley - H\u00e4r hittar du senaste infromation om sk\u00f6nhet, livsstil, entrepren\u00f6rskap, makeup &amp; tips.\" \/>\n<meta property=\"og:url\" content=\"https:\/\/www.imakeyousmile.se\/es\/revitalash-fransnaring\/\" \/>\n<meta property=\"og:site_name\" content=\"Imakeyousmile.se\" \/>\n<meta property=\"article:author\" content=\"https:\/\/www.facebook.com\/imakeyousmile.se\" \/>\n<meta property=\"article:published_time\" content=\"2011-11-22T10:30:00+00:00\" \/>\n<meta property=\"og:image\" content=\"http:\/\/1.bp.blogspot.com\/-hpx55xjHccc\/TsrTo-5bZtI\/AAAAAAAAEuU\/O1g5hrlhEtA\/s400\/Revitalash.png\" \/>\n<meta name=\"twitter:card\" content=\"summary_large_image\" \/>\n<script type=\"application\/ld+json\" class=\"yoast-schema-graph\">{\"@context\":\"https:\/\/schema.org\",\"@graph\":[{\"@type\":\"Organization\",\"@id\":\"https:\/\/www.imakeyousmile.se\/es\/#organization\",\"name\":\"Imakeyousmile\",\"url\":\"https:\/\/www.imakeyousmile.se\/es\/\",\"sameAs\":[],\"logo\":{\"@type\":\"ImageObject\",\"@id\":\"https:\/\/www.imakeyousmile.se\/es\/#logo\",\"inLanguage\":\"es\",\"url\":\"https:\/\/www.imakeyousmile.se\/wp-content\/uploads\/2020\/10\/HELENA-AMILEY_SVART-1-e1603367975324.png\",\"width\":280,\"height\":93,\"caption\":\"Imakeyousmile\"},\"image\":{\"@id\":\"https:\/\/www.imakeyousmile.se\/es\/#logo\"}},{\"@type\":\"WebSite\",\"@id\":\"https:\/\/www.imakeyousmile.se\/es\/#website\",\"url\":\"https:\/\/www.imakeyousmile.se\/es\/\",\"name\":\"Imakeyousmile.se\",\"description\":\"Helena Amiley - Beauty, Entrepreneur, Lifestyle\",\"publisher\":{\"@id\":\"https:\/\/www.imakeyousmile.se\/es\/#organization\"},\"potentialAction\":[{\"@type\":\"SearchAction\",\"target\":\"https:\/\/www.imakeyousmile.se\/es\/?s={search_term_string}\",\"query-input\":\"required name=search_term_string\"}],\"inLanguage\":\"es\"},{\"@type\":\"ImageObject\",\"@id\":\"https:\/\/www.imakeyousmile.se\/revitalash-fransnaring\/#primaryimage\",\"inLanguage\":\"es\",\"url\":\"http:\/\/1.bp.blogspot.com\/-hpx55xjHccc\/TsrTo-5bZtI\/AAAAAAAAEuU\/O1g5hrlhEtA\/s400\/Revitalash.png\"},{\"@type\":\"WebPage\",\"@id\":\"https:\/\/www.imakeyousmile.se\/revitalash-fransnaring\/#webpage\",\"url\":\"https:\/\/www.imakeyousmile.se\/revitalash-fransnaring\/\",\"name\":\"Revitalash - Fransn\\u00e4ring | Imakeyousmile.se\",\"isPartOf\":{\"@id\":\"https:\/\/www.imakeyousmile.se\/es\/#website\"},\"primaryImageOfPage\":{\"@id\":\"https:\/\/www.imakeyousmile.se\/revitalash-fransnaring\/#primaryimage\"},\"datePublished\":\"2011-11-22T10:30:00+00:00\",\"dateModified\":\"2011-11-22T10:30:00+00:00\",\"description\":\"Revitalash - Fransn\\u00e4ring | Helena Amiley - H\\u00e4r hittar du senaste infromation om sk\\u00f6nhet, livsstil, entrepren\\u00f6rskap, makeup & tips.\",\"inLanguage\":\"es\",\"potentialAction\":[{\"@type\":\"ReadAction\",\"target\":[\"https:\/\/www.imakeyousmile.se\/revitalash-fransnaring\/\"]}]},{\"@type\":\"Article\",\"@id\":\"https:\/\/www.imakeyousmile.se\/revitalash-fransnaring\/#article\",\"isPartOf\":{\"@id\":\"https:\/\/www.imakeyousmile.se\/revitalash-fransnaring\/#webpage\"},\"author\":{\"@id\":\"https:\/\/www.imakeyousmile.se\/es\/#\/schema\/person\/b0fd43b1c6bb1c60cfd68bff9b4a10fb\"},\"headline\":\"Revitalash &#8211; Fransn\\u00e4ring\",\"datePublished\":\"2011-11-22T10:30:00+00:00\",\"dateModified\":\"2011-11-22T10:30:00+00:00\",\"mainEntityOfPage\":{\"@id\":\"https:\/\/www.imakeyousmile.se\/revitalash-fransnaring\/#webpage\"},\"commentCount\":0,\"publisher\":{\"@id\":\"https:\/\/www.imakeyousmile.se\/es\/#organization\"},\"image\":{\"@id\":\"https:\/\/www.imakeyousmile.se\/revitalash-fransnaring\/#primaryimage\"},\"articleSection\":\"\\u00d6gonfransar,Recensioner &amp; Produkttips\",\"inLanguage\":\"es\",\"potentialAction\":[{\"@type\":\"CommentAction\",\"name\":\"Comment\",\"target\":[\"https:\/\/www.imakeyousmile.se\/revitalash-fransnaring\/#respond\"]}]},{\"@type\":\"Person\",\"@id\":\"https:\/\/www.imakeyousmile.se\/es\/#\/schema\/person\/b0fd43b1c6bb1c60cfd68bff9b4a10fb\",\"name\":\"Helena Amiley\",\"image\":{\"@type\":\"ImageObject\",\"@id\":\"https:\/\/www.imakeyousmile.se\/es\/#personlogo\",\"inLanguage\":\"es\",\"url\":\"https:\/\/secure.gravatar.com\/avatar\/5645558e1e355457a23368d7e1b4c904?s=96&d=mm&r=g\",\"caption\":\"Helena Amiley\"},\"description\":\"Jag skriver mest om sk\\u00f6nhet men bjuder \\u00e4ven p\\u00e5 glimtar fr\\u00e5n entrepren\\u00f6rlivet och bygget av v\\u00e5r egen camper van. Vanlife here we come!\",\"sameAs\":[\"https:\/\/www.facebook.com\/imakeyousmile.se\",\"https:\/\/www.instagram.com\/helenaamiley\",\"https:\/\/www.youtube.com\/channel\/UCR5iB6rvpV6Yr8ZjpQfr5mg?view_as=subscriber\"]}]}<\/script>\n<!-- \/ Yoast SEO Premium plugin. -->","_links":{"self":[{"href":"https:\/\/www.imakeyousmile.se\/es\/wp-json\/wp\/v2\/posts\/1235"}],"collection":[{"href":"https:\/\/www.imakeyousmile.se\/es\/wp-json\/wp\/v2\/posts"}],"about":[{"href":"https:\/\/www.imakeyousmile.se\/es\/wp-json\/wp\/v2\/types\/post"}],"author":[{"embeddable":true,"href":"https:\/\/www.imakeyousmile.se\/es\/wp-json\/wp\/v2\/users\/30"}],"replies":[{"embeddable":true,"href":"https:\/\/www.imakeyousmile.se\/es\/wp-json\/wp\/v2\/comments?post=1235"}],"version-history":[{"count":0,"href":"https:\/\/www.imakeyousmile.se\/es\/wp-json\/wp\/v2\/posts\/1235\/revisions"}],"wp:attachment":[{"href":"https:\/\/www.imakeyousmile.se\/es\/wp-json\/wp\/v2\/media?parent=1235"}],"wp:term":[{"taxonomy":"category","embeddable":true,"href":"https:\/\/www.imakeyousmile.se\/es\/wp-json\/wp\/v2\/categories?post=1235"},{"taxonomy":"post_tag","embeddable":true,"href":"https:\/\/www.imakeyousmile.se\/es\/wp-json\/wp\/v2\/tags?post=1235"}],"curies":[{"name":"wp","href":"https:\/\/api.w.org\/{rel}","templated":true}]}}