{"id":1237,"date":"2011-11-20T15:30:00","date_gmt":"2011-11-20T14:30:00","guid":{"rendered":"http:\/\/www.imakeyousmile.se\/gron-och-guldig-sminkning\/"},"modified":"2011-11-20T15:30:00","modified_gmt":"2011-11-20T14:30:00","slug":"gron-och-guldig-sminkning","status":"publish","type":"post","link":"https:\/\/www.imakeyousmile.se\/es\/maquillaje-verde-y-dorado\/","title":{"rendered":"Maquillaje verde y dorado"},"content":{"rendered":"<div style=\"clear: both; text-align: left;\">La actualizaci\u00f3n del blog no ha sido de primera categor\u00eda. Espero que me hayas extra\u00f1ado :)<\/div>\n<div style=\"clear: both; text-align: left;\"><\/div>\n<div style=\"clear: both; text-align: left;\">Ayer segu\u00ed a uno <span style=\"font-size: x-large;\">crucero de un d\u00eda<\/span> a \u00c5land con el trabajo de Miska, y despu\u00e9s pasamos la noche con Monopoly y unas buenas copas con algunos amigos.<\/div>\n<div style=\"clear: both; text-align: left;\"><\/div>\n<div style=\"clear: both; text-align: left;\">Y hoy Miska y yo tuvimos uno<span style=\"font-size: x-large;\"> mysmorgon<\/span> en mi casa, cuando mi madre recogi\u00f3 el desayuno y encendi\u00f3 la estufa cuando nos despertamos :)<\/div>\n<div style=\"clear: both; text-align: left;\"><\/div>\n<div style=\"clear: both; text-align: left;\"><\/div>\n<div style=\"clear: both; text-align: left;\">\u00a1Pero ahora al menos habr\u00e1 un post con el maquillaje de ayer!<\/div>\n<div style=\"clear: both; text-align: left;\"><\/div>\n<div style=\"clear: both; text-align: center;\"><\/div>\n<div style=\"clear: both; text-align: center;\"><a href=\"http:\/\/2.bp.blogspot.com\/-lQYMJqxh04U\/TskL_EOI8iI\/AAAAAAAAEsk\/MKH78OpWHJk\/s1600\/DSC_0023.JPG\" style=\"margin-left: 1em; margin-right: 1em;\"><img decoding=\"async\" border=\"0\" hda=\"true\" height=\"320px\" src=\"http:\/\/2.bp.blogspot.com\/-lQYMJqxh04U\/TskL_EOI8iI\/AAAAAAAAEsk\/MKH78OpWHJk\/s320\/DSC_0023.JPG\" width=\"306px\" \/><\/a><\/div>\n<div style=\"clear: both; text-align: center;\"><em>(Todas las sombras de ojos son de la paleta 180)<\/em><\/div>\n<div style=\"clear: both; text-align: center;\"><\/div>\n<div style=\"text-align: center;\"><span style=\"color: #6aa84f; font-size: large;\"><strong>Verde<\/strong><\/span> sombra de ojos en el interior del p\u00e1rpado<em>y en la l\u00ednea del globo<\/em>) y en la l\u00ednea de las pesta\u00f1as inferiores.<\/div>\n<div style=\"clear: both; text-align: center;\"><span style=\"color: #e69138; font-size: large;\"><strong>V\u00e1lido<\/strong><\/span> sombra de ojos en el medio del p\u00e1rpado<em>y arriba en la l\u00ednea del globo).<\/em><\/div>\n<div style=\"clear: both; text-align: center;\"><strong><span style=\"font-size: large;\">Negro <\/span><\/strong>sombra de ojos un poco en la l\u00ednea de las pesta\u00f1as inferiores.<\/div>\n<div style=\"clear: both; text-align: center;\"><\/div>\n<p><\/p>\n<div style=\"clear: both; text-align: center;\"><strong><span style=\"font-size: large;\">Delineador de ojos negro<\/span><\/strong> en la l\u00ednea interior de las pesta\u00f1as, <em>H&amp;M.<\/em><\/div>\n<div style=\"clear: both; text-align: center;\"><strong><span style=\"font-size: large;\">Delineador de ojos l\u00edquido negro<\/span><\/strong> en la l\u00ednea de las pesta\u00f1as superiores, delineador de ojos Cake de <em>Kryolan<\/em>.<\/div>\n<div style=\"clear: both; text-align: center;\"><em>(\u00a1\u00bfSeguro que ahora estoy empezando a hacer cortes con delineador de ojos?!) :)<\/em><\/div>\n<div style=\"clear: both; text-align: center;\"><span style=\"color: #93c47d;\"><span style=\"font-size: large;\"><strong>Verde<\/strong><\/span> <span style=\"font-size: large;\"><strong>Brillantina<\/strong><\/span><\/span> en la sombra de ojos verde en el p\u00e1rpado, <em>Kryolan<\/em>.<\/div>\n<div style=\"clear: both; text-align: center;\"><span style=\"color: #e69138; font-size: large;\"><strong>Brillo dorado<\/strong><\/span> en la sombra de ojos dorada en el p\u00e1rpado, <em>Kryolan<\/em>.<\/div>\n<div style=\"clear: both; text-align: center;\"><\/div>\n<div style=\"clear: both; text-align: center;\"><\/div>\n<div style=\"clear: both; text-align: center;\">La sombra de ojos verde se ve <span style=\"color: #38761d;\"><strong>verde caqui<\/strong><\/span> en la parte inferior de la l\u00ednea de las pesta\u00f1as inferiores en la imagen. Eso es porque puse la sombra de ojos dorada all\u00ed primero, pero me arrepent\u00ed y puse la verde.<\/div>\n<div style=\"clear: both; text-align: center;\"><\/div>\n<div style=\"clear: both; text-align: center;\">El verde cubri\u00f3 bien en la realidad, pero el dorado <span style=\"font-size: large;\">brill\u00f3 a trav\u00e9s<\/span> en la carta. Entonces no se ve\u00eda verde caqui en realidad :)<\/div>\n<p><\/p>\n<div style=\"clear: both; text-align: center;\"><a href=\"http:\/\/2.bp.blogspot.com\/--A63ZlesNZ8\/TskMADmiFuI\/AAAAAAAAEss\/xiqkNRWG1jI\/s1600\/DSC_0031.JPG\" style=\"margin-left: 1em; margin-right: 1em;\"><img decoding=\"async\" border=\"0\" hda=\"true\" height=\"640px\" src=\"http:\/\/2.bp.blogspot.com\/--A63ZlesNZ8\/TskMADmiFuI\/AAAAAAAAEss\/xiqkNRWG1jI\/s640\/DSC_0031.JPG\" width=\"434px\" \/><\/a><\/div>\n<div style=\"clear: both; text-align: center;\"><\/div>\n<div style=\"text-align: center;\"><span style=\"font-size: x-large;\">\u00a1Espero que hayas tenido un buen fin de semana!<\/span><\/div>","protected":false},"excerpt":{"rendered":"<p>Blogguppdateringen har inte varit p\u00e5 topp. Hoppas ni saknat mig :) Ig\u00e5r\u00a0f\u00f6ljde jag med p\u00e5 en dagskryssning till \u00c5land med Miskas jobb, och efter det spenderades kv\u00e4llen med Monopol och lite gott att dricka hos n\u00e5gra kompisar. Och idag har jag och Miska haft en mysmorgon hemma hos mig, d\u00e5 mamma hade plockat fram frukost [&hellip;]<\/p>\n","protected":false},"author":30,"featured_media":0,"comment_status":"open","ping_status":"open","sticky":false,"template":"","format":"standard","meta":{"footnotes":""},"categories":[3],"tags":[],"class_list":["post-1237","post","type-post","status-publish","format-standard","hentry","category-allmant"],"yoast_head":"<!-- This site is optimized with the Yoast SEO Premium plugin v14.9 - https:\/\/yoast.com\/wordpress\/plugins\/seo\/ -->\n<meta name=\"description\" content=\"Gr\u00f6n och Guldig sminkning | Helena Amiley - H\u00e4r hittar du senaste infromation om sk\u00f6nhet, livsstil, entrepren\u00f6rskap, makeup &amp; tips.\" \/>\n<meta name=\"robots\" content=\"index, follow, max-snippet:-1, max-image-preview:large, max-video-preview:-1\" \/>\n<link rel=\"canonical\" href=\"https:\/\/www.imakeyousmile.se\/es\/gron-och-guldig-sminkning\/\" \/>\n<meta property=\"og:locale\" content=\"es_ES\" \/>\n<meta property=\"og:type\" content=\"article\" \/>\n<meta property=\"og:title\" content=\"Gr\u00f6n och Guldig sminkning | Imakeyousmile.se\" \/>\n<meta property=\"og:description\" content=\"Gr\u00f6n och Guldig sminkning | Helena Amiley - H\u00e4r hittar du senaste infromation om sk\u00f6nhet, livsstil, entrepren\u00f6rskap, makeup &amp; tips.\" \/>\n<meta property=\"og:url\" content=\"https:\/\/www.imakeyousmile.se\/es\/gron-och-guldig-sminkning\/\" \/>\n<meta property=\"og:site_name\" content=\"Imakeyousmile.se\" \/>\n<meta property=\"article:author\" content=\"https:\/\/www.facebook.com\/imakeyousmile.se\" \/>\n<meta property=\"article:published_time\" content=\"2011-11-20T14:30:00+00:00\" \/>\n<meta property=\"og:image\" content=\"http:\/\/2.bp.blogspot.com\/-lQYMJqxh04U\/TskL_EOI8iI\/AAAAAAAAEsk\/MKH78OpWHJk\/s320\/DSC_0023.JPG\" \/>\n<meta name=\"twitter:card\" content=\"summary_large_image\" \/>\n<script type=\"application\/ld+json\" class=\"yoast-schema-graph\">{\"@context\":\"https:\/\/schema.org\",\"@graph\":[{\"@type\":\"Organization\",\"@id\":\"https:\/\/www.imakeyousmile.se\/es\/#organization\",\"name\":\"Imakeyousmile\",\"url\":\"https:\/\/www.imakeyousmile.se\/es\/\",\"sameAs\":[],\"logo\":{\"@type\":\"ImageObject\",\"@id\":\"https:\/\/www.imakeyousmile.se\/es\/#logo\",\"inLanguage\":\"es\",\"url\":\"https:\/\/www.imakeyousmile.se\/wp-content\/uploads\/2020\/10\/HELENA-AMILEY_SVART-1-e1603367975324.png\",\"width\":280,\"height\":93,\"caption\":\"Imakeyousmile\"},\"image\":{\"@id\":\"https:\/\/www.imakeyousmile.se\/es\/#logo\"}},{\"@type\":\"WebSite\",\"@id\":\"https:\/\/www.imakeyousmile.se\/es\/#website\",\"url\":\"https:\/\/www.imakeyousmile.se\/es\/\",\"name\":\"Imakeyousmile.se\",\"description\":\"Helena Amiley - Beauty, Entrepreneur, Lifestyle\",\"publisher\":{\"@id\":\"https:\/\/www.imakeyousmile.se\/es\/#organization\"},\"potentialAction\":[{\"@type\":\"SearchAction\",\"target\":\"https:\/\/www.imakeyousmile.se\/es\/?s={search_term_string}\",\"query-input\":\"required name=search_term_string\"}],\"inLanguage\":\"es\"},{\"@type\":\"ImageObject\",\"@id\":\"https:\/\/www.imakeyousmile.se\/gron-och-guldig-sminkning\/#primaryimage\",\"inLanguage\":\"es\",\"url\":\"http:\/\/2.bp.blogspot.com\/-lQYMJqxh04U\/TskL_EOI8iI\/AAAAAAAAEsk\/MKH78OpWHJk\/s320\/DSC_0023.JPG\"},{\"@type\":\"WebPage\",\"@id\":\"https:\/\/www.imakeyousmile.se\/gron-och-guldig-sminkning\/#webpage\",\"url\":\"https:\/\/www.imakeyousmile.se\/gron-och-guldig-sminkning\/\",\"name\":\"Gr\\u00f6n och Guldig sminkning | Imakeyousmile.se\",\"isPartOf\":{\"@id\":\"https:\/\/www.imakeyousmile.se\/es\/#website\"},\"primaryImageOfPage\":{\"@id\":\"https:\/\/www.imakeyousmile.se\/gron-och-guldig-sminkning\/#primaryimage\"},\"datePublished\":\"2011-11-20T14:30:00+00:00\",\"dateModified\":\"2011-11-20T14:30:00+00:00\",\"description\":\"Gr\\u00f6n och Guldig sminkning | Helena Amiley - H\\u00e4r hittar du senaste infromation om sk\\u00f6nhet, livsstil, entrepren\\u00f6rskap, makeup & tips.\",\"inLanguage\":\"es\",\"potentialAction\":[{\"@type\":\"ReadAction\",\"target\":[\"https:\/\/www.imakeyousmile.se\/gron-och-guldig-sminkning\/\"]}]},{\"@type\":\"Article\",\"@id\":\"https:\/\/www.imakeyousmile.se\/gron-och-guldig-sminkning\/#article\",\"isPartOf\":{\"@id\":\"https:\/\/www.imakeyousmile.se\/gron-och-guldig-sminkning\/#webpage\"},\"author\":{\"@id\":\"https:\/\/www.imakeyousmile.se\/es\/#\/schema\/person\/b0fd43b1c6bb1c60cfd68bff9b4a10fb\"},\"headline\":\"Gr\\u00f6n och Guldig sminkning\",\"datePublished\":\"2011-11-20T14:30:00+00:00\",\"dateModified\":\"2011-11-20T14:30:00+00:00\",\"mainEntityOfPage\":{\"@id\":\"https:\/\/www.imakeyousmile.se\/gron-och-guldig-sminkning\/#webpage\"},\"commentCount\":0,\"publisher\":{\"@id\":\"https:\/\/www.imakeyousmile.se\/es\/#organization\"},\"image\":{\"@id\":\"https:\/\/www.imakeyousmile.se\/gron-och-guldig-sminkning\/#primaryimage\"},\"articleSection\":\"\\u00d6vrigt\",\"inLanguage\":\"es\",\"potentialAction\":[{\"@type\":\"CommentAction\",\"name\":\"Comment\",\"target\":[\"https:\/\/www.imakeyousmile.se\/gron-och-guldig-sminkning\/#respond\"]}]},{\"@type\":\"Person\",\"@id\":\"https:\/\/www.imakeyousmile.se\/es\/#\/schema\/person\/b0fd43b1c6bb1c60cfd68bff9b4a10fb\",\"name\":\"Helena Amiley\",\"image\":{\"@type\":\"ImageObject\",\"@id\":\"https:\/\/www.imakeyousmile.se\/es\/#personlogo\",\"inLanguage\":\"es\",\"url\":\"https:\/\/secure.gravatar.com\/avatar\/5645558e1e355457a23368d7e1b4c904?s=96&d=mm&r=g\",\"caption\":\"Helena Amiley\"},\"description\":\"Jag skriver mest om sk\\u00f6nhet men bjuder \\u00e4ven p\\u00e5 glimtar fr\\u00e5n entrepren\\u00f6rlivet och bygget av v\\u00e5r egen camper van. Vanlife here we come!\",\"sameAs\":[\"https:\/\/www.facebook.com\/imakeyousmile.se\",\"https:\/\/www.instagram.com\/helenaamiley\",\"https:\/\/www.youtube.com\/channel\/UCR5iB6rvpV6Yr8ZjpQfr5mg?view_as=subscriber\"]}]}<\/script>\n<!-- \/ Yoast SEO Premium plugin. -->","_links":{"self":[{"href":"https:\/\/www.imakeyousmile.se\/es\/wp-json\/wp\/v2\/posts\/1237"}],"collection":[{"href":"https:\/\/www.imakeyousmile.se\/es\/wp-json\/wp\/v2\/posts"}],"about":[{"href":"https:\/\/www.imakeyousmile.se\/es\/wp-json\/wp\/v2\/types\/post"}],"author":[{"embeddable":true,"href":"https:\/\/www.imakeyousmile.se\/es\/wp-json\/wp\/v2\/users\/30"}],"replies":[{"embeddable":true,"href":"https:\/\/www.imakeyousmile.se\/es\/wp-json\/wp\/v2\/comments?post=1237"}],"version-history":[{"count":0,"href":"https:\/\/www.imakeyousmile.se\/es\/wp-json\/wp\/v2\/posts\/1237\/revisions"}],"wp:attachment":[{"href":"https:\/\/www.imakeyousmile.se\/es\/wp-json\/wp\/v2\/media?parent=1237"}],"wp:term":[{"taxonomy":"category","embeddable":true,"href":"https:\/\/www.imakeyousmile.se\/es\/wp-json\/wp\/v2\/categories?post=1237"},{"taxonomy":"post_tag","embeddable":true,"href":"https:\/\/www.imakeyousmile.se\/es\/wp-json\/wp\/v2\/tags?post=1237"}],"curies":[{"name":"wp","href":"https:\/\/api.w.org\/{rel}","templated":true}]}}