{"id":12491,"date":"2014-04-06T08:00:11","date_gmt":"2014-04-06T06:00:11","guid":{"rendered":"http:\/\/www.imakeyousmile.se\/?p=12491"},"modified":"2021-10-12T09:33:12","modified_gmt":"2021-10-12T07:33:12","slug":"weleda-sea-buchthorn-body-lotion","status":"publish","type":"post","link":"https:\/\/www.imakeyousmile.se\/es\/locion-corporal-weleda-sea-buchthorn\/","title":{"rendered":"Loci\u00f3n corporal Weleda Sea Buchthorn (revisi\u00f3n)"},"content":{"rendered":"<p>Loci\u00f3n corporal de Weleda en la serie <a href=\"https:\/\/ion.lyko.com\/t\/t?a=1117786221&amp;as=1548102449&amp;t=2&amp;tk=1&amp;epi=search-replace-weledaBL&amp;url=https:\/\/lyko.com\/sv\/sok?q=weleda+body+lotion\" target=\"_blank\" rel=\"noopener\">Espino amarillo<\/a> \u00a1Es una loci\u00f3n muy hermosa y natural que puedo recomendar!<\/p>\n<p>Penetra r\u00e1pidamente en la piel, lo que creo que es muy importante, y adem\u00e1s huele muy bien, amargo, sano y afrutado. El aroma proviene de verdaderos aceites esenciales de naranja, mandarina y pomelo, \u00a1maravilloso!<\/p>\n<p>La crema es tan hidratante gracias al aceite de espino amarillo de cultivo ecol\u00f3gico, que nutre y protege la piel normal y seca. El aceite de espino amarillo es rico en vitaminas naturales y \u00e1cidos grasos insaturados y refuerza la funci\u00f3n de barrera de la piel.<\/p>\n<p>Adem\u00e1s, quiero darle al producto un plus extra porque entiendes el \u00edndice, \u00a1as\u00ed sabes con qu\u00e9 te lubricas realmente!<\/p>\n<p><span style=\"text-decoration: underline;\">Contiene<\/span>:<br \/>\nAgua, aceite de s\u00e9samo, alcohol, aceite de espino amarillo, glic\u00e9rido de \u00e1cidos grasos, aceites esenciales, xantano, almid\u00f3n de tapioca.<\/p>\n<p><a href=\"http:\/\/www.imakeyousmile.se\/wp-content\/uploads\/2014\/04\/15154.jpg\"><img loading=\"lazy\" decoding=\"async\" class=\"alignnone size-full wp-image-12492\" src=\"http:\/\/www.imakeyousmile.se\/wp-content\/uploads\/2014\/04\/15154.jpg\" alt=\"15154\" width=\"618\" height=\"808\" srcset=\"https:\/\/www.imakeyousmile.se\/wp-content\/uploads\/2014\/04\/15154.jpg 618w, https:\/\/www.imakeyousmile.se\/wp-content\/uploads\/2014\/04\/15154-229x300.jpg 229w\" sizes=\"(max-width: 618px) 100vw, 618px\" \/><\/a><\/p>\n<p>&nbsp;<\/p>\n<p>200 ml cuesta 199 ISK<a href=\"https:\/\/ion.lyko.com\/t\/t?a=1117786221&amp;as=1548102449&amp;t=2&amp;tk=1&amp;epi=search-replace-weledaBL&amp;url=https:\/\/lyko.com\/sv\/sok?q=weleda+body+lotion\" target=\"_blank\" rel=\"noopener\">\u00a0<strong>AQU\u00cd<\/strong><\/a>.<\/p>\n<p><strong>\u00a1Pulgares hacia arriba!<\/strong><\/p>","protected":false},"excerpt":{"rendered":"<p>Weledas Body Lotion i serien Sea Buchthorn \u00e4r en j\u00e4ttesk\u00f6n och naturlig lotion som jag kan rekommendera! Den g\u00e5r snabbt in i huden vilket jag tycker \u00e4r superviktigt, och s\u00e5 luktar den v\u00e4ldigt gott ocks\u00e5, syrligt, frisk och fruktigt. Doften kommer fr\u00e5n \u00e4kta eteriska oljor av\u00a0apelsin, mandarin och grapefrukt &#8211; underbart! Kr\u00e4men \u00e4r s\u00e5 \u00e5terfuktande [&hellip;]<\/p>\n","protected":false},"author":30,"featured_media":0,"comment_status":"open","ping_status":"closed","sticky":false,"template":"","format":"standard","meta":{"footnotes":""},"categories":[40,59],"tags":[2044,2045],"class_list":["post-12491","post","type-post","status-publish","format-standard","hentry","category-hudvard","category-recensioner-produkttips","tag-weleda-sea-buchthorn-body-lotion","tag-weleda-sea-buchthorn-body-lotion-recension"],"yoast_head":"<!-- This site is optimized with the Yoast SEO Premium plugin v14.9 - https:\/\/yoast.com\/wordpress\/plugins\/seo\/ -->\n<meta name=\"description\" content=\"Weleda Sea Buchthorn Body Lotion (Recension) | Helena Amiley - H\u00e4r hittar du senaste infromation om sk\u00f6nhet, livsstil, entrepren\u00f6rskap, makeup &amp; tips.\" \/>\n<meta name=\"robots\" content=\"index, follow, max-snippet:-1, max-image-preview:large, max-video-preview:-1\" \/>\n<link rel=\"canonical\" href=\"https:\/\/www.imakeyousmile.se\/es\/weleda-sea-buchthorn-body-lotion\/\" \/>\n<meta property=\"og:locale\" content=\"es_ES\" \/>\n<meta property=\"og:type\" content=\"article\" \/>\n<meta property=\"og:title\" content=\"Weleda Sea Buchthorn Body Lotion (Recension) | Imakeyousmile.se\" \/>\n<meta property=\"og:description\" content=\"Weleda Sea Buchthorn Body Lotion (Recension) | Helena Amiley - H\u00e4r hittar du senaste infromation om sk\u00f6nhet, livsstil, entrepren\u00f6rskap, makeup &amp; tips.\" \/>\n<meta property=\"og:url\" content=\"https:\/\/www.imakeyousmile.se\/es\/weleda-sea-buchthorn-body-lotion\/\" \/>\n<meta property=\"og:site_name\" content=\"Imakeyousmile.se\" \/>\n<meta property=\"article:author\" content=\"https:\/\/www.facebook.com\/imakeyousmile.se\" \/>\n<meta property=\"article:published_time\" content=\"2014-04-06T06:00:11+00:00\" \/>\n<meta property=\"article:modified_time\" content=\"2021-10-12T07:33:12+00:00\" \/>\n<meta property=\"og:image\" content=\"http:\/\/www.imakeyousmile.se\/wp-content\/uploads\/2014\/04\/15154.jpg\" \/>\n<meta name=\"twitter:card\" content=\"summary_large_image\" \/>\n<script type=\"application\/ld+json\" class=\"yoast-schema-graph\">{\"@context\":\"https:\/\/schema.org\",\"@graph\":[{\"@type\":\"Organization\",\"@id\":\"https:\/\/www.imakeyousmile.se\/es\/#organization\",\"name\":\"Imakeyousmile\",\"url\":\"https:\/\/www.imakeyousmile.se\/es\/\",\"sameAs\":[],\"logo\":{\"@type\":\"ImageObject\",\"@id\":\"https:\/\/www.imakeyousmile.se\/es\/#logo\",\"inLanguage\":\"es\",\"url\":\"https:\/\/www.imakeyousmile.se\/wp-content\/uploads\/2020\/10\/HELENA-AMILEY_SVART-1-e1603367975324.png\",\"width\":280,\"height\":93,\"caption\":\"Imakeyousmile\"},\"image\":{\"@id\":\"https:\/\/www.imakeyousmile.se\/es\/#logo\"}},{\"@type\":\"WebSite\",\"@id\":\"https:\/\/www.imakeyousmile.se\/es\/#website\",\"url\":\"https:\/\/www.imakeyousmile.se\/es\/\",\"name\":\"Imakeyousmile.se\",\"description\":\"Helena Amiley - Beauty, Entrepreneur, Lifestyle\",\"publisher\":{\"@id\":\"https:\/\/www.imakeyousmile.se\/es\/#organization\"},\"potentialAction\":[{\"@type\":\"SearchAction\",\"target\":\"https:\/\/www.imakeyousmile.se\/es\/?s={search_term_string}\",\"query-input\":\"required name=search_term_string\"}],\"inLanguage\":\"es\"},{\"@type\":\"ImageObject\",\"@id\":\"https:\/\/www.imakeyousmile.se\/weleda-sea-buchthorn-body-lotion\/#primaryimage\",\"inLanguage\":\"es\",\"url\":\"http:\/\/www.imakeyousmile.se\/wp-content\/uploads\/2014\/04\/15154.jpg\"},{\"@type\":\"WebPage\",\"@id\":\"https:\/\/www.imakeyousmile.se\/weleda-sea-buchthorn-body-lotion\/#webpage\",\"url\":\"https:\/\/www.imakeyousmile.se\/weleda-sea-buchthorn-body-lotion\/\",\"name\":\"Weleda Sea Buchthorn Body Lotion (Recension) | Imakeyousmile.se\",\"isPartOf\":{\"@id\":\"https:\/\/www.imakeyousmile.se\/es\/#website\"},\"primaryImageOfPage\":{\"@id\":\"https:\/\/www.imakeyousmile.se\/weleda-sea-buchthorn-body-lotion\/#primaryimage\"},\"datePublished\":\"2014-04-06T06:00:11+00:00\",\"dateModified\":\"2021-10-12T07:33:12+00:00\",\"description\":\"Weleda Sea Buchthorn Body Lotion (Recension) | Helena Amiley - H\\u00e4r hittar du senaste infromation om sk\\u00f6nhet, livsstil, entrepren\\u00f6rskap, makeup & tips.\",\"inLanguage\":\"es\",\"potentialAction\":[{\"@type\":\"ReadAction\",\"target\":[\"https:\/\/www.imakeyousmile.se\/weleda-sea-buchthorn-body-lotion\/\"]}]},{\"@type\":\"Article\",\"@id\":\"https:\/\/www.imakeyousmile.se\/weleda-sea-buchthorn-body-lotion\/#article\",\"isPartOf\":{\"@id\":\"https:\/\/www.imakeyousmile.se\/weleda-sea-buchthorn-body-lotion\/#webpage\"},\"author\":{\"@id\":\"https:\/\/www.imakeyousmile.se\/es\/#\/schema\/person\/b0fd43b1c6bb1c60cfd68bff9b4a10fb\"},\"headline\":\"Weleda Sea Buchthorn Body Lotion (Recension)\",\"datePublished\":\"2014-04-06T06:00:11+00:00\",\"dateModified\":\"2021-10-12T07:33:12+00:00\",\"mainEntityOfPage\":{\"@id\":\"https:\/\/www.imakeyousmile.se\/weleda-sea-buchthorn-body-lotion\/#webpage\"},\"commentCount\":0,\"publisher\":{\"@id\":\"https:\/\/www.imakeyousmile.se\/es\/#organization\"},\"image\":{\"@id\":\"https:\/\/www.imakeyousmile.se\/weleda-sea-buchthorn-body-lotion\/#primaryimage\"},\"keywords\":\"Weleda Sea Buchthorn Body Lotion,Weleda Sea Buchthorn Body Lotion recension\",\"articleSection\":\"Hudv\\u00e5rd,Recensioner &amp; Produkttips\",\"inLanguage\":\"es\",\"potentialAction\":[{\"@type\":\"CommentAction\",\"name\":\"Comment\",\"target\":[\"https:\/\/www.imakeyousmile.se\/weleda-sea-buchthorn-body-lotion\/#respond\"]}]},{\"@type\":\"Person\",\"@id\":\"https:\/\/www.imakeyousmile.se\/es\/#\/schema\/person\/b0fd43b1c6bb1c60cfd68bff9b4a10fb\",\"name\":\"Helena Amiley\",\"image\":{\"@type\":\"ImageObject\",\"@id\":\"https:\/\/www.imakeyousmile.se\/es\/#personlogo\",\"inLanguage\":\"es\",\"url\":\"https:\/\/secure.gravatar.com\/avatar\/5645558e1e355457a23368d7e1b4c904?s=96&d=mm&r=g\",\"caption\":\"Helena Amiley\"},\"description\":\"Jag skriver mest om sk\\u00f6nhet men bjuder \\u00e4ven p\\u00e5 glimtar fr\\u00e5n entrepren\\u00f6rlivet och bygget av v\\u00e5r egen camper van. Vanlife here we come!\",\"sameAs\":[\"https:\/\/www.facebook.com\/imakeyousmile.se\",\"https:\/\/www.instagram.com\/helenaamiley\",\"https:\/\/www.youtube.com\/channel\/UCR5iB6rvpV6Yr8ZjpQfr5mg?view_as=subscriber\"]}]}<\/script>\n<!-- \/ Yoast SEO Premium plugin. -->","_links":{"self":[{"href":"https:\/\/www.imakeyousmile.se\/es\/wp-json\/wp\/v2\/posts\/12491"}],"collection":[{"href":"https:\/\/www.imakeyousmile.se\/es\/wp-json\/wp\/v2\/posts"}],"about":[{"href":"https:\/\/www.imakeyousmile.se\/es\/wp-json\/wp\/v2\/types\/post"}],"author":[{"embeddable":true,"href":"https:\/\/www.imakeyousmile.se\/es\/wp-json\/wp\/v2\/users\/30"}],"replies":[{"embeddable":true,"href":"https:\/\/www.imakeyousmile.se\/es\/wp-json\/wp\/v2\/comments?post=12491"}],"version-history":[{"count":2,"href":"https:\/\/www.imakeyousmile.se\/es\/wp-json\/wp\/v2\/posts\/12491\/revisions"}],"predecessor-version":[{"id":42076,"href":"https:\/\/www.imakeyousmile.se\/es\/wp-json\/wp\/v2\/posts\/12491\/revisions\/42076"}],"wp:attachment":[{"href":"https:\/\/www.imakeyousmile.se\/es\/wp-json\/wp\/v2\/media?parent=12491"}],"wp:term":[{"taxonomy":"category","embeddable":true,"href":"https:\/\/www.imakeyousmile.se\/es\/wp-json\/wp\/v2\/categories?post=12491"},{"taxonomy":"post_tag","embeddable":true,"href":"https:\/\/www.imakeyousmile.se\/es\/wp-json\/wp\/v2\/tags?post=12491"}],"curies":[{"name":"wp","href":"https:\/\/api.w.org\/{rel}","templated":true}]}}