{"id":12552,"date":"2014-04-09T16:02:20","date_gmt":"2014-04-09T14:02:20","guid":{"rendered":"http:\/\/www.imakeyousmile.se\/?p=12552"},"modified":"2015-04-19T10:22:29","modified_gmt":"2015-04-19T08:22:29","slug":"front-cover","status":"publish","type":"post","link":"https:\/\/www.imakeyousmile.se\/es\/portada\/","title":{"rendered":"Portada"},"content":{"rendered":"<p>Front Cover es una marca de maquillaje de Londres, cuyo concepto es el &quot;maquillaje de temporada&quot; que consiste en un kit completo con productos para crear un look completo. Front Cover lanza nuevas cajas de edici\u00f3n limitada cada oto\u00f1o y primavera, \u00a1y hoy prob\u00e9 la nueva caja de primavera!<\/p>\n<p>El hilo com\u00fan en esta caja son las sombras brillantes y met\u00e1licas, ya que tambi\u00e9n viene con un &quot;brillo de sombra&quot;, un medio que hace que las sombras de ojos sean m\u00e1s brillantes y met\u00e1licas.<\/p>\n<p>Las sombras tambi\u00e9n se pueden usar sin el remedio, pero, por supuesto, \u00a1tuve que probarlas por pura curiosidad! :)<\/p>\n<p><a href=\"http:\/\/www.imakeyousmile.se\/wp-content\/uploads\/2014\/04\/front-cover.jpg\"><img loading=\"lazy\" decoding=\"async\" src=\"http:\/\/www.imakeyousmile.se\/wp-content\/uploads\/2014\/04\/front-cover-1024x720.jpg\" alt=\"portada\" width=\"1024\" height=\"720\" \/><\/a><\/p>\n<p>&nbsp;<\/p>\n<p>Las sombras fueron realmente agradables con el agente de brillo de sombras, pero un poco dif\u00edcil de trabajar si usas el brillo de sombras para todas las sombras. La pr\u00f3xima vez probablemente me quedar\u00e9 con algunas alfombras, creo, \u00a1para obtener bonitos tonos y un poco m\u00e1s de contraste!<\/p>\n<p><a href=\"http:\/\/www.imakeyousmile.se\/wp-content\/uploads\/2014\/04\/IMG_8402_111.jpg\"><img loading=\"lazy\" decoding=\"async\" class=\"alignnone size-large wp-image-12558\" src=\"http:\/\/www.imakeyousmile.se\/wp-content\/uploads\/2014\/04\/IMG_8402_111-1024x920.jpg\" alt=\"IMG_8402_111\" width=\"1024\" height=\"920\" srcset=\"https:\/\/www.imakeyousmile.se\/wp-content\/uploads\/2014\/04\/IMG_8402_111-1024x920.jpg 1024w, https:\/\/www.imakeyousmile.se\/wp-content\/uploads\/2014\/04\/IMG_8402_111-300x269.jpg 300w\" sizes=\"(max-width: 1024px) 100vw, 1024px\" \/><\/a><\/p>\n<p>El problema con el maquillaje de hoy es que el r\u00edmel y yo no est\u00e1bamos de acuerdo en absoluto, \u00a1unas pesta\u00f1as bonitas hab\u00edan hecho que todo se viera mucho mejor! \u00a1Pero lo revisar\u00e9 en otro post para que vean de qu\u00e9 estoy hablando! :)<\/p>\n<p><a href=\"http:\/\/www.imakeyousmile.se\/wp-content\/uploads\/2014\/04\/sephora-sminkning.jpg\"><img loading=\"lazy\" decoding=\"async\" class=\"alignnone size-full wp-image-12559\" src=\"http:\/\/www.imakeyousmile.se\/wp-content\/uploads\/2014\/04\/sephora-sminkning.jpg\" alt=\"maquillaje sephora\" width=\"2710\" height=\"4139\" srcset=\"https:\/\/www.imakeyousmile.se\/wp-content\/uploads\/2014\/04\/sephora-sminkning.jpg 1676w, https:\/\/www.imakeyousmile.se\/wp-content\/uploads\/2014\/04\/sephora-sminkning-196x300.jpg 196w, https:\/\/www.imakeyousmile.se\/wp-content\/uploads\/2014\/04\/sephora-sminkning-670x1024.jpg 670w\" sizes=\"(max-width: 2710px) 100vw, 2710px\" \/><\/a>Todas las sombras + delineador de ojos provienen de la paleta de Portada, y todas las sombras se mezclan con el agente de brillo de sombras.<\/p>\n<p>1.<strong><span style=\"color: #43a172;\"> Sombra de ojos verde<\/span><\/strong> (con un poco de brillo dorado) en todo el p\u00e1rpado.<br \/>\n2. Difumina los bordes.<br \/>\n3. <strong><span style=\"color: #ff9900;\">Sombra de ojos dorada<\/span><\/strong> a lo largo de la l\u00ednea de las pesta\u00f1as inferiores.<br \/>\n4.<strong><span style=\"color: #ffcc99;\"> Sombra de ojos clara<\/span><\/strong> En el rabillo del ojo.<br \/>\n5. <strong><span style=\"color: #000000;\">Delineador de ojos negro<\/span><\/strong> a lo largo de la l\u00ednea de las pesta\u00f1as superior e inferior.<br \/>\n6.<strong><span style=\"color: #000000;\"> R\u00edmel negro<\/span><\/strong> en todas las pesta\u00f1as, <a href=\"http:\/\/www.sephora.se\/upside-down-mascara\/cid4155.html\" target=\"_blank\">M\u00e1scara de pesta\u00f1as Upside Down de Sephora<\/a>.<\/p>\n<p><a href=\"http:\/\/www.imakeyousmile.se\/wp-content\/uploads\/2014\/04\/IMG_8392_111.jpg\"><img loading=\"lazy\" decoding=\"async\" class=\"alignnone size-large wp-image-12557\" src=\"http:\/\/www.imakeyousmile.se\/wp-content\/uploads\/2014\/04\/IMG_8392_111-775x1024.jpg\" alt=\"IMG_8392_111\" width=\"775\" height=\"1024\" srcset=\"https:\/\/www.imakeyousmile.se\/wp-content\/uploads\/2014\/04\/IMG_8392_111-775x1024.jpg 775w, https:\/\/www.imakeyousmile.se\/wp-content\/uploads\/2014\/04\/IMG_8392_111-227x300.jpg 227w, https:\/\/www.imakeyousmile.se\/wp-content\/uploads\/2014\/04\/IMG_8392_111.jpg 1940w\" sizes=\"(max-width: 775px) 100vw, 775px\" \/><\/a><\/p>\n<p><a href=\"http:\/\/www.imakeyousmile.se\/wp-content\/uploads\/2014\/04\/IMG_8387_111.jpg\"><img loading=\"lazy\" decoding=\"async\" class=\"alignnone size-large wp-image-12555\" src=\"http:\/\/www.imakeyousmile.se\/wp-content\/uploads\/2014\/04\/IMG_8387_111-843x1024.jpg\" alt=\"IMG_8387_111\" width=\"843\" height=\"1024\" srcset=\"https:\/\/www.imakeyousmile.se\/wp-content\/uploads\/2014\/04\/IMG_8387_111-843x1024.jpg 843w, https:\/\/www.imakeyousmile.se\/wp-content\/uploads\/2014\/04\/IMG_8387_111-247x300.jpg 247w\" sizes=\"(max-width: 843px) 100vw, 843px\" \/><\/a><\/p>\n<p><a href=\"http:\/\/www.imakeyousmile.se\/wp-content\/uploads\/2014\/04\/IMG_8378_111.jpg\"><img loading=\"lazy\" decoding=\"async\" class=\"alignnone size-large wp-image-12554\" src=\"http:\/\/www.imakeyousmile.se\/wp-content\/uploads\/2014\/04\/IMG_8378_111-727x1024.jpg\" alt=\"IMG_8378_111\" width=\"727\" height=\"1024\" srcset=\"https:\/\/www.imakeyousmile.se\/wp-content\/uploads\/2014\/04\/IMG_8378_111-727x1024.jpg 727w, https:\/\/www.imakeyousmile.se\/wp-content\/uploads\/2014\/04\/IMG_8378_111-213x300.jpg 213w, https:\/\/www.imakeyousmile.se\/wp-content\/uploads\/2014\/04\/IMG_8378_111.jpg 1820w\" sizes=\"(max-width: 727px) 100vw, 727px\" \/><\/a><\/p>\n<p>&nbsp;<\/p>\n<p>No estoy seguro de si la paleta ha llegado a la tienda todav\u00eda, \u00a1pero de todos modos se vende en Sephora!<\/p>\n<p><strong>\u00bfQu\u00e9 piensas? :)<\/strong><\/p>","protected":false},"excerpt":{"rendered":"<p>Front Cover \u00e4r ett sminkm\u00e4rke fr\u00e5n London, vars koncept \u00e4r &#8221;s\u00e4songssminkningar&#8221; som best\u00e5r av ett komplett kit med produkter f\u00f6r att skapa en hel look. Front Cover sl\u00e4pper nya limited edition-boxar varje h\u00f6st och v\u00e5r, och idag har jag testat den nya v\u00e5rboxen! Den r\u00f6da tr\u00e5den i denna box \u00e4r skimmer och metalliska skuggor, d\u00e5 [&hellip;]<\/p>\n","protected":false},"author":30,"featured_media":12559,"comment_status":"open","ping_status":"closed","sticky":false,"template":"","format":"standard","meta":{"footnotes":""},"categories":[2623],"tags":[2064,2065,2066],"class_list":["post-12552","post","type-post","status-publish","format-standard","has-post-thumbnail","hentry","category-sminkningar","tag-front-cover","tag-front-cover-makeup-front-cover-varnyhet","tag-front-cover-var-2014"],"yoast_head":"<!-- This site is optimized with the Yoast SEO Premium plugin v14.9 - https:\/\/yoast.com\/wordpress\/plugins\/seo\/ -->\n<meta name=\"description\" content=\"Front Cover | Helena Amiley - H\u00e4r hittar du senaste infromation om sk\u00f6nhet, livsstil, entrepren\u00f6rskap, makeup &amp; tips.\" \/>\n<meta name=\"robots\" content=\"index, follow, max-snippet:-1, max-image-preview:large, max-video-preview:-1\" \/>\n<link rel=\"canonical\" href=\"https:\/\/www.imakeyousmile.se\/es\/front-cover\/\" \/>\n<meta property=\"og:locale\" content=\"es_ES\" \/>\n<meta property=\"og:type\" content=\"article\" \/>\n<meta property=\"og:title\" content=\"Front Cover | Imakeyousmile.se\" \/>\n<meta property=\"og:description\" content=\"Front Cover | Helena Amiley - H\u00e4r hittar du senaste infromation om sk\u00f6nhet, livsstil, entrepren\u00f6rskap, makeup &amp; tips.\" \/>\n<meta property=\"og:url\" content=\"https:\/\/www.imakeyousmile.se\/es\/front-cover\/\" \/>\n<meta property=\"og:site_name\" content=\"Imakeyousmile.se\" \/>\n<meta property=\"article:author\" content=\"https:\/\/www.facebook.com\/imakeyousmile.se\" \/>\n<meta property=\"article:published_time\" content=\"2014-04-09T14:02:20+00:00\" \/>\n<meta property=\"article:modified_time\" content=\"2015-04-19T08:22:29+00:00\" \/>\n<meta property=\"og:image\" content=\"https:\/\/www.imakeyousmile.se\/wp-content\/uploads\/2014\/04\/sephora-sminkning.jpg\" \/>\n\t<meta property=\"og:image:width\" content=\"1676\" \/>\n\t<meta property=\"og:image:height\" content=\"2560\" \/>\n<meta name=\"twitter:card\" content=\"summary_large_image\" \/>\n<script type=\"application\/ld+json\" class=\"yoast-schema-graph\">{\"@context\":\"https:\/\/schema.org\",\"@graph\":[{\"@type\":\"Organization\",\"@id\":\"https:\/\/www.imakeyousmile.se\/es\/#organization\",\"name\":\"Imakeyousmile\",\"url\":\"https:\/\/www.imakeyousmile.se\/es\/\",\"sameAs\":[],\"logo\":{\"@type\":\"ImageObject\",\"@id\":\"https:\/\/www.imakeyousmile.se\/es\/#logo\",\"inLanguage\":\"es\",\"url\":\"https:\/\/www.imakeyousmile.se\/wp-content\/uploads\/2020\/10\/HELENA-AMILEY_SVART-1-e1603367975324.png\",\"width\":280,\"height\":93,\"caption\":\"Imakeyousmile\"},\"image\":{\"@id\":\"https:\/\/www.imakeyousmile.se\/es\/#logo\"}},{\"@type\":\"WebSite\",\"@id\":\"https:\/\/www.imakeyousmile.se\/es\/#website\",\"url\":\"https:\/\/www.imakeyousmile.se\/es\/\",\"name\":\"Imakeyousmile.se\",\"description\":\"Helena Amiley - Beauty, Entrepreneur, Lifestyle\",\"publisher\":{\"@id\":\"https:\/\/www.imakeyousmile.se\/es\/#organization\"},\"potentialAction\":[{\"@type\":\"SearchAction\",\"target\":\"https:\/\/www.imakeyousmile.se\/es\/?s={search_term_string}\",\"query-input\":\"required name=search_term_string\"}],\"inLanguage\":\"es\"},{\"@type\":\"ImageObject\",\"@id\":\"https:\/\/www.imakeyousmile.se\/front-cover\/#primaryimage\",\"inLanguage\":\"es\",\"url\":\"https:\/\/www.imakeyousmile.se\/wp-content\/uploads\/2014\/04\/sephora-sminkning.jpg\",\"width\":1676,\"height\":2560},{\"@type\":\"WebPage\",\"@id\":\"https:\/\/www.imakeyousmile.se\/front-cover\/#webpage\",\"url\":\"https:\/\/www.imakeyousmile.se\/front-cover\/\",\"name\":\"Front Cover | Imakeyousmile.se\",\"isPartOf\":{\"@id\":\"https:\/\/www.imakeyousmile.se\/es\/#website\"},\"primaryImageOfPage\":{\"@id\":\"https:\/\/www.imakeyousmile.se\/front-cover\/#primaryimage\"},\"datePublished\":\"2014-04-09T14:02:20+00:00\",\"dateModified\":\"2015-04-19T08:22:29+00:00\",\"description\":\"Front Cover | Helena Amiley - H\\u00e4r hittar du senaste infromation om sk\\u00f6nhet, livsstil, entrepren\\u00f6rskap, makeup & tips.\",\"inLanguage\":\"es\",\"potentialAction\":[{\"@type\":\"ReadAction\",\"target\":[\"https:\/\/www.imakeyousmile.se\/front-cover\/\"]}]},{\"@type\":\"Article\",\"@id\":\"https:\/\/www.imakeyousmile.se\/front-cover\/#article\",\"isPartOf\":{\"@id\":\"https:\/\/www.imakeyousmile.se\/front-cover\/#webpage\"},\"author\":{\"@id\":\"https:\/\/www.imakeyousmile.se\/es\/#\/schema\/person\/b0fd43b1c6bb1c60cfd68bff9b4a10fb\"},\"headline\":\"Front Cover\",\"datePublished\":\"2014-04-09T14:02:20+00:00\",\"dateModified\":\"2015-04-19T08:22:29+00:00\",\"mainEntityOfPage\":{\"@id\":\"https:\/\/www.imakeyousmile.se\/front-cover\/#webpage\"},\"commentCount\":2,\"publisher\":{\"@id\":\"https:\/\/www.imakeyousmile.se\/es\/#organization\"},\"image\":{\"@id\":\"https:\/\/www.imakeyousmile.se\/front-cover\/#primaryimage\"},\"keywords\":\"Front Cover,Front Cover makeup. Front Cover v\\u00e5rnyhet,Front Cover v\\u00e5r 2014\",\"articleSection\":\"Sminkningar\",\"inLanguage\":\"es\",\"potentialAction\":[{\"@type\":\"CommentAction\",\"name\":\"Comment\",\"target\":[\"https:\/\/www.imakeyousmile.se\/front-cover\/#respond\"]}]},{\"@type\":\"Person\",\"@id\":\"https:\/\/www.imakeyousmile.se\/es\/#\/schema\/person\/b0fd43b1c6bb1c60cfd68bff9b4a10fb\",\"name\":\"Helena Amiley\",\"image\":{\"@type\":\"ImageObject\",\"@id\":\"https:\/\/www.imakeyousmile.se\/es\/#personlogo\",\"inLanguage\":\"es\",\"url\":\"https:\/\/secure.gravatar.com\/avatar\/5645558e1e355457a23368d7e1b4c904?s=96&d=mm&r=g\",\"caption\":\"Helena Amiley\"},\"description\":\"Jag skriver mest om sk\\u00f6nhet men bjuder \\u00e4ven p\\u00e5 glimtar fr\\u00e5n entrepren\\u00f6rlivet och bygget av v\\u00e5r egen camper van. Vanlife here we come!\",\"sameAs\":[\"https:\/\/www.facebook.com\/imakeyousmile.se\",\"https:\/\/www.instagram.com\/helenaamiley\",\"https:\/\/www.youtube.com\/channel\/UCR5iB6rvpV6Yr8ZjpQfr5mg?view_as=subscriber\"]}]}<\/script>\n<!-- \/ Yoast SEO Premium plugin. -->","_links":{"self":[{"href":"https:\/\/www.imakeyousmile.se\/es\/wp-json\/wp\/v2\/posts\/12552"}],"collection":[{"href":"https:\/\/www.imakeyousmile.se\/es\/wp-json\/wp\/v2\/posts"}],"about":[{"href":"https:\/\/www.imakeyousmile.se\/es\/wp-json\/wp\/v2\/types\/post"}],"author":[{"embeddable":true,"href":"https:\/\/www.imakeyousmile.se\/es\/wp-json\/wp\/v2\/users\/30"}],"replies":[{"embeddable":true,"href":"https:\/\/www.imakeyousmile.se\/es\/wp-json\/wp\/v2\/comments?post=12552"}],"version-history":[{"count":1,"href":"https:\/\/www.imakeyousmile.se\/es\/wp-json\/wp\/v2\/posts\/12552\/revisions"}],"predecessor-version":[{"id":19185,"href":"https:\/\/www.imakeyousmile.se\/es\/wp-json\/wp\/v2\/posts\/12552\/revisions\/19185"}],"wp:featuredmedia":[{"embeddable":true,"href":"https:\/\/www.imakeyousmile.se\/es\/wp-json\/wp\/v2\/media\/12559"}],"wp:attachment":[{"href":"https:\/\/www.imakeyousmile.se\/es\/wp-json\/wp\/v2\/media?parent=12552"}],"wp:term":[{"taxonomy":"category","embeddable":true,"href":"https:\/\/www.imakeyousmile.se\/es\/wp-json\/wp\/v2\/categories?post=12552"},{"taxonomy":"post_tag","embeddable":true,"href":"https:\/\/www.imakeyousmile.se\/es\/wp-json\/wp\/v2\/tags?post=12552"}],"curies":[{"name":"wp","href":"https:\/\/api.w.org\/{rel}","templated":true}]}}