{"id":12572,"date":"2014-04-10T08:29:50","date_gmt":"2014-04-10T06:29:50","guid":{"rendered":"http:\/\/www.imakeyousmile.se\/?p=12572"},"modified":"2014-04-10T08:29:50","modified_gmt":"2014-04-10T06:29:50","slug":"sephora-upside-down-mascara","status":"publish","type":"post","link":"https:\/\/www.imakeyousmile.se\/es\/rimel-sephora-al-reves\/","title":{"rendered":"M\u00e1scara de pesta\u00f1as Upside Down de Sephora"},"content":{"rendered":"<p>Ayer prob\u00e9 el nuevo pensamiento de Sephora <a href=\"http:\/\/www.sephora.se\/upside-down-mascara\/cid4155.html\" target=\"_blank\">R\u00edmel al rev\u00e9s<\/a>, que consta de dos pinceles de r\u00edmel en uno para poder pintar tanto en la parte superior como en la inferior de las pesta\u00f1as al mismo tiempo!<\/p>\n<p><a href=\"http:\/\/www.imakeyousmile.se\/wp-content\/uploads\/2014\/04\/Sephora-upside-down-mascara.jpg\"><img loading=\"lazy\" decoding=\"async\" alt=\"R\u00edmel sephora al rev\u00e9s\" src=\"http:\/\/www.imakeyousmile.se\/wp-content\/uploads\/2014\/04\/Sephora-upside-down-mascara-1024x641.jpg\" width=\"1024\" height=\"641\" \/><\/a><\/p>\n<p>&nbsp;<\/p>\n<p><em>Cuesta 180 ISK.<\/em><\/p>\n<p>Amo y odio esta m\u00e1scara de pesta\u00f1as. Yo era esc\u00e9ptico desde el principio, ya que se siente como un t\u00edpico &quot;wow-por-qu\u00e9-nadie-ha-pensado-en-este-producto-antes&quot; que en la pr\u00e1ctica no funciona correctamente para 100%.<\/p>\n<p>Creo que es un poco as\u00ed tambi\u00e9n, \u00a1al mismo tiempo que sali\u00f3 mejor de lo que esperaba!<\/p>\n<p><em>\u00bfC\u00f3mo no manchar el p\u00e1rpado (?)<\/em> \u00a0Fue lo primero que pens\u00e9, pero de todos modos sali\u00f3 bien, me manch\u00e9 una peque\u00f1a m\u00e1scara de r\u00edmel en un solo ojo y la f\u00f3rmula de la m\u00e1scara se sinti\u00f3 f\u00e1cil de trabajar y c\u00f3moda.<\/p>\n<p>Si el resultado final fue tanto para animar, no lo s\u00e9. Despu\u00e9s de unas cuantas veces, creo que obtienes una mejor t\u00e9cnica, fue mejor en el otro ojo entonces. As\u00ed que estoy bastante seguro de que puedes obtener un mejor resultado que el que obtuve en estas im\u00e1genes, pero no lo s\u00e9, probablemente no hay un efecto super-mega-wow, entonces tambi\u00e9n se siente.<\/p>\n<p>Las pesta\u00f1as se volvieron un poco sucias, lo que puede deberse a que tom\u00e9 fotos al mismo tiempo y el r\u00edmel se sec\u00f3 un poco antes de terminar.<\/p>\n<p>Pero es muy divertido de usar, y si tuviera la energ\u00eda para practicar un poco con \u00e9l, \u00a1lo habr\u00eda hecho! As\u00ed es como lo haces:<\/p>\n<p><a href=\"http:\/\/www.imakeyousmile.se\/wp-content\/uploads\/2014\/04\/sephora-updown-mascara.jpg\"><img loading=\"lazy\" decoding=\"async\" class=\"alignnone size-large wp-image-12573\" alt=\"r\u00edmel sephora-updown\" src=\"http:\/\/www.imakeyousmile.se\/wp-content\/uploads\/2014\/04\/sephora-updown-mascara-894x1024.jpg\" width=\"894\" height=\"1024\" srcset=\"https:\/\/www.imakeyousmile.se\/wp-content\/uploads\/2014\/04\/sephora-updown-mascara-894x1024.jpg 894w, https:\/\/www.imakeyousmile.se\/wp-content\/uploads\/2014\/04\/sephora-updown-mascara-262x300.jpg 262w\" sizes=\"(max-width: 894px) 100vw, 894px\" \/><\/a><\/p>\n<p>&nbsp;<\/p>\n<p>En la foto n\u00ba 2 parece que me estoy arrancando las pesta\u00f1as jaja, sin embargo, no fue nada que experiment\u00e9 cuando me apliqu\u00e9. Solo tengo una tapa que es muy f\u00e1cil de &quot;levantar&quot; jeje.<\/p>\n<p>\u00bfAlguno de ustedes que ha probado esto? \u00bfTiene sed o se desanima? :)<\/p>\n<p><strong>\u00a1Abrazo!<\/strong><\/p>","protected":false},"excerpt":{"rendered":"<p>Ig\u00e5r testade jag Sephoras nyt\u00e4nkande Upside Down Mascara, som best\u00e5r av tv\u00e5 mascaraborstar i en f\u00f6r att kunna m\u00e5la b\u00e5de p\u00e5 fransarnas ovansida och undersida samtidigt! &nbsp; Kostar 180 kr. Jag b\u00e5de \u00e4lskar och hatar den h\u00e4r mascaran. Jag var skeptisk fr\u00e5n b\u00f6rjan, d\u00e5 det k\u00e4nns som en typisk &#8221;wow-varf\u00f6r-har-ingen-t\u00e4nkt-p\u00e5-det-h\u00e4r-tidigare- produkt&#8221; som i praktiken inte [&hellip;]<\/p>\n","protected":false},"author":30,"featured_media":0,"comment_status":"open","ping_status":"closed","sticky":false,"template":"","format":"standard","meta":{"footnotes":""},"categories":[61,59],"tags":[2068,2067,2070,2071,2069],"class_list":["post-12572","post","type-post","status-publish","format-standard","hentry","category-ogonfransar","category-recensioner-produkttips","tag-mala-fransarna-fran-ovasidan","tag-sephora-upside-down-mascara","tag-sephora-upside-down-mascara-bilder","tag-sephora-upside-down-mascara-fore-efter","tag-sephora-upside-down-mascara-recension"],"yoast_head":"<!-- This site is optimized with the Yoast SEO Premium plugin v14.9 - https:\/\/yoast.com\/wordpress\/plugins\/seo\/ -->\n<meta name=\"description\" content=\"Sephora Upside Down Mascara | Helena Amiley - H\u00e4r hittar du senaste infromation om sk\u00f6nhet, livsstil, entrepren\u00f6rskap, makeup &amp; tips.\" \/>\n<meta name=\"robots\" content=\"index, follow, max-snippet:-1, max-image-preview:large, max-video-preview:-1\" \/>\n<link rel=\"canonical\" href=\"https:\/\/www.imakeyousmile.se\/es\/sephora-upside-down-mascara\/\" \/>\n<meta property=\"og:locale\" content=\"es_ES\" \/>\n<meta property=\"og:type\" content=\"article\" \/>\n<meta property=\"og:title\" content=\"Sephora Upside Down Mascara | Imakeyousmile.se\" \/>\n<meta property=\"og:description\" content=\"Sephora Upside Down Mascara | Helena Amiley - H\u00e4r hittar du senaste infromation om sk\u00f6nhet, livsstil, entrepren\u00f6rskap, makeup &amp; tips.\" \/>\n<meta property=\"og:url\" content=\"https:\/\/www.imakeyousmile.se\/es\/sephora-upside-down-mascara\/\" \/>\n<meta property=\"og:site_name\" content=\"Imakeyousmile.se\" \/>\n<meta property=\"article:author\" content=\"https:\/\/www.facebook.com\/imakeyousmile.se\" \/>\n<meta property=\"article:published_time\" content=\"2014-04-10T06:29:50+00:00\" \/>\n<meta property=\"og:image\" content=\"http:\/\/www.imakeyousmile.se\/wp-content\/uploads\/2014\/04\/Sephora-upside-down-mascara-1024x641.jpg\" \/>\n<meta name=\"twitter:card\" content=\"summary_large_image\" \/>\n<script type=\"application\/ld+json\" class=\"yoast-schema-graph\">{\"@context\":\"https:\/\/schema.org\",\"@graph\":[{\"@type\":\"Organization\",\"@id\":\"https:\/\/www.imakeyousmile.se\/es\/#organization\",\"name\":\"Imakeyousmile\",\"url\":\"https:\/\/www.imakeyousmile.se\/es\/\",\"sameAs\":[],\"logo\":{\"@type\":\"ImageObject\",\"@id\":\"https:\/\/www.imakeyousmile.se\/es\/#logo\",\"inLanguage\":\"es\",\"url\":\"https:\/\/www.imakeyousmile.se\/wp-content\/uploads\/2020\/10\/HELENA-AMILEY_SVART-1-e1603367975324.png\",\"width\":280,\"height\":93,\"caption\":\"Imakeyousmile\"},\"image\":{\"@id\":\"https:\/\/www.imakeyousmile.se\/es\/#logo\"}},{\"@type\":\"WebSite\",\"@id\":\"https:\/\/www.imakeyousmile.se\/es\/#website\",\"url\":\"https:\/\/www.imakeyousmile.se\/es\/\",\"name\":\"Imakeyousmile.se\",\"description\":\"Helena Amiley - Beauty, Entrepreneur, Lifestyle\",\"publisher\":{\"@id\":\"https:\/\/www.imakeyousmile.se\/es\/#organization\"},\"potentialAction\":[{\"@type\":\"SearchAction\",\"target\":\"https:\/\/www.imakeyousmile.se\/es\/?s={search_term_string}\",\"query-input\":\"required name=search_term_string\"}],\"inLanguage\":\"es\"},{\"@type\":\"ImageObject\",\"@id\":\"https:\/\/www.imakeyousmile.se\/sephora-upside-down-mascara\/#primaryimage\",\"inLanguage\":\"es\",\"url\":\"http:\/\/www.imakeyousmile.se\/wp-content\/uploads\/2014\/04\/Sephora-upside-down-mascara-1024x641.jpg\"},{\"@type\":\"WebPage\",\"@id\":\"https:\/\/www.imakeyousmile.se\/sephora-upside-down-mascara\/#webpage\",\"url\":\"https:\/\/www.imakeyousmile.se\/sephora-upside-down-mascara\/\",\"name\":\"Sephora Upside Down Mascara | Imakeyousmile.se\",\"isPartOf\":{\"@id\":\"https:\/\/www.imakeyousmile.se\/es\/#website\"},\"primaryImageOfPage\":{\"@id\":\"https:\/\/www.imakeyousmile.se\/sephora-upside-down-mascara\/#primaryimage\"},\"datePublished\":\"2014-04-10T06:29:50+00:00\",\"dateModified\":\"2014-04-10T06:29:50+00:00\",\"description\":\"Sephora Upside Down Mascara | Helena Amiley - H\\u00e4r hittar du senaste infromation om sk\\u00f6nhet, livsstil, entrepren\\u00f6rskap, makeup & tips.\",\"inLanguage\":\"es\",\"potentialAction\":[{\"@type\":\"ReadAction\",\"target\":[\"https:\/\/www.imakeyousmile.se\/sephora-upside-down-mascara\/\"]}]},{\"@type\":\"Article\",\"@id\":\"https:\/\/www.imakeyousmile.se\/sephora-upside-down-mascara\/#article\",\"isPartOf\":{\"@id\":\"https:\/\/www.imakeyousmile.se\/sephora-upside-down-mascara\/#webpage\"},\"author\":{\"@id\":\"https:\/\/www.imakeyousmile.se\/es\/#\/schema\/person\/b0fd43b1c6bb1c60cfd68bff9b4a10fb\"},\"headline\":\"Sephora Upside Down Mascara\",\"datePublished\":\"2014-04-10T06:29:50+00:00\",\"dateModified\":\"2014-04-10T06:29:50+00:00\",\"mainEntityOfPage\":{\"@id\":\"https:\/\/www.imakeyousmile.se\/sephora-upside-down-mascara\/#webpage\"},\"commentCount\":0,\"publisher\":{\"@id\":\"https:\/\/www.imakeyousmile.se\/es\/#organization\"},\"image\":{\"@id\":\"https:\/\/www.imakeyousmile.se\/sephora-upside-down-mascara\/#primaryimage\"},\"keywords\":\"m\\u00e5la fransarna fr\\u00e5n ovasidan,Sephora Upside Down Mascara,Sephora Upside Down Mascara bilder,Sephora Upside Down Mascara f\\u00f6re efter,Sephora Upside Down Mascara recension\",\"articleSection\":\"\\u00d6gonfransar,Recensioner &amp; Produkttips\",\"inLanguage\":\"es\",\"potentialAction\":[{\"@type\":\"CommentAction\",\"name\":\"Comment\",\"target\":[\"https:\/\/www.imakeyousmile.se\/sephora-upside-down-mascara\/#respond\"]}]},{\"@type\":\"Person\",\"@id\":\"https:\/\/www.imakeyousmile.se\/es\/#\/schema\/person\/b0fd43b1c6bb1c60cfd68bff9b4a10fb\",\"name\":\"Helena Amiley\",\"image\":{\"@type\":\"ImageObject\",\"@id\":\"https:\/\/www.imakeyousmile.se\/es\/#personlogo\",\"inLanguage\":\"es\",\"url\":\"https:\/\/secure.gravatar.com\/avatar\/5645558e1e355457a23368d7e1b4c904?s=96&d=mm&r=g\",\"caption\":\"Helena Amiley\"},\"description\":\"Jag skriver mest om sk\\u00f6nhet men bjuder \\u00e4ven p\\u00e5 glimtar fr\\u00e5n entrepren\\u00f6rlivet och bygget av v\\u00e5r egen camper van. Vanlife here we come!\",\"sameAs\":[\"https:\/\/www.facebook.com\/imakeyousmile.se\",\"https:\/\/www.instagram.com\/helenaamiley\",\"https:\/\/www.youtube.com\/channel\/UCR5iB6rvpV6Yr8ZjpQfr5mg?view_as=subscriber\"]}]}<\/script>\n<!-- \/ Yoast SEO Premium plugin. -->","_links":{"self":[{"href":"https:\/\/www.imakeyousmile.se\/es\/wp-json\/wp\/v2\/posts\/12572"}],"collection":[{"href":"https:\/\/www.imakeyousmile.se\/es\/wp-json\/wp\/v2\/posts"}],"about":[{"href":"https:\/\/www.imakeyousmile.se\/es\/wp-json\/wp\/v2\/types\/post"}],"author":[{"embeddable":true,"href":"https:\/\/www.imakeyousmile.se\/es\/wp-json\/wp\/v2\/users\/30"}],"replies":[{"embeddable":true,"href":"https:\/\/www.imakeyousmile.se\/es\/wp-json\/wp\/v2\/comments?post=12572"}],"version-history":[{"count":0,"href":"https:\/\/www.imakeyousmile.se\/es\/wp-json\/wp\/v2\/posts\/12572\/revisions"}],"wp:attachment":[{"href":"https:\/\/www.imakeyousmile.se\/es\/wp-json\/wp\/v2\/media?parent=12572"}],"wp:term":[{"taxonomy":"category","embeddable":true,"href":"https:\/\/www.imakeyousmile.se\/es\/wp-json\/wp\/v2\/categories?post=12572"},{"taxonomy":"post_tag","embeddable":true,"href":"https:\/\/www.imakeyousmile.se\/es\/wp-json\/wp\/v2\/tags?post=12572"}],"curies":[{"name":"wp","href":"https:\/\/api.w.org\/{rel}","templated":true}]}}