{"id":1300,"date":"2011-10-12T08:44:00","date_gmt":"2011-10-12T06:44:00","guid":{"rendered":"http:\/\/www.imakeyousmile.se\/gron-och-bla-sminkning-2\/"},"modified":"2011-10-12T08:44:00","modified_gmt":"2011-10-12T06:44:00","slug":"gron-och-bla-sminkning-2","status":"publish","type":"post","link":"https:\/\/www.imakeyousmile.se\/es\/maquillaje-verde-y-bla-2\/","title":{"rendered":"Maquillaje verde y azul"},"content":{"rendered":"<div style=\"clear: both; text-align: center;\"><\/div>\n<p>\u00a0Ahora viene un maquillaje en la direcci\u00f3n m\u00e1s colorida por una vez :) Creo que se ha puesto mal \u00faltimamente, \u00bfo qu\u00e9 dices?<\/p>\n<div style=\"clear: both; text-align: center;\"><a href=\"http:\/\/2.bp.blogspot.com\/-qr9jQAxx1rU\/TpVDsZ_GpXI\/AAAAAAAAEWA\/GvezllSi7fU\/s1600\/DSC_0010.JPG\" style=\"margin-left: 1em; margin-right: 1em;\"><img decoding=\"async\" border=\"0\" height=\"312px\" oda=\"true\" src=\"http:\/\/2.bp.blogspot.com\/-qr9jQAxx1rU\/TpVDsZ_GpXI\/AAAAAAAAEWA\/GvezllSi7fU\/s320\/DSC_0010.JPG\" width=\"320px\" \/><\/a><\/div>\n<div style=\"clear: both; text-align: center;\">(<em>Todas las sombras de ojos son de la paleta 180<\/em>)<\/div>\n<div style=\"clear: both; text-align: center;\"><\/div>\n<div style=\"clear: both; text-align: center;\"><span style=\"color: lime; font-size: large;\"><strong>Verde claro<\/strong><\/span> (<em>lite met\u00e1lico<\/em>) sombra de ojos en el interior del p\u00e1rpado y en la parte inferior de la l\u00ednea de las pesta\u00f1as inferiores.<\/div>\n<div style=\"clear: both; text-align: center;\"><span style=\"color: #6aa84f; font-size: large;\"><strong>Verde<\/strong><\/span> sombra de ojos en el medio del p\u00e1rpado.<\/div>\n<div style=\"clear: both; text-align: center;\"><span style=\"color: #0b5394; font-size: large;\"><strong>Azul<\/strong><\/span> sombra de ojos al final del p\u00e1rpado.<\/div>\n<div style=\"clear: both; text-align: center;\"><span style=\"color: #38761d; font-size: large;\"><strong>Verde oscuro<\/strong><\/span> sombra de ojos al final de la l\u00ednea de las pesta\u00f1as inferiores y a lo largo de la l\u00ednea del globo.<\/div>\n<div style=\"clear: both; text-align: center;\"><\/div>\n<div style=\"clear: both; text-align: center;\"><span style=\"color: #ffd966; font-size: large;\"><strong>Amarillo claro <\/strong><\/span>sombra de ojos iluminador en la esquina del ojo y debajo de la ceja, <em>El tono favorito de Annika<\/em>.<\/div>\n<p><\/p>\n<div style=\"clear: both; text-align: center;\"><a href=\"http:\/\/1.bp.blogspot.com\/-Tw-g5AGKJ5o\/TpU1Wn2XVAI\/AAAAAAAAEV4\/pi7pXXNrg_I\/s1600\/DSC_0016.JPG\" style=\"margin-left: 1em; margin-right: 1em;\"><img decoding=\"async\" border=\"0\" height=\"640px\" oda=\"true\" src=\"http:\/\/1.bp.blogspot.com\/-Tw-g5AGKJ5o\/TpU1Wn2XVAI\/AAAAAAAAEV4\/pi7pXXNrg_I\/s640\/DSC_0016.JPG\" width=\"480px\" \/><\/a><\/div>\n<p>\u00a1Ayer estuvo s\u00faper bien por cierto! Nicolin y yo tomamos caf\u00e9 por primera vez en un caf\u00e9 en S\u00f6der.<\/p>\n<p>Luego fuimos a una velada ventosa en el sur de lat\u00edn, donde los amigos de Nicolin tocaron la flauta y la trompeta (<em>Creo que al menos no tengo mucho control sobre todos los instrumentos.<\/em>)<\/p>\n<div style=\"text-align: center;\"><span style=\"font-size: x-large;\">Al menos fue super acogedor<em>!<\/em> <\/span><span style=\"font-size: large;\">:)<\/span><\/div>","protected":false},"excerpt":{"rendered":"<p>\u00a0Nu kommer en sminkning \u00e5t det mer f\u00e4rgglada h\u00e5llet f\u00f6r en g\u00e5ng skull :) Har blivit d\u00e5ligt med s\u00e5nna p\u00e5 sistone tycker jag, eller vad s\u00e4ger ni? (Alla \u00f6gonskuggor \u00e4r fr\u00e5n 180 paletten) Ljusgr\u00f6n (lite metallic) \u00f6gonskugga innerst p\u00e5 \u00f6gonlocket och innerst p\u00e5 undre fransraden. Gr\u00f6n \u00f6gonskugga i mitten av \u00f6gonlocket. Bl\u00e5 \u00f6gonskugga ytterst p\u00e5 [&hellip;]<\/p>\n","protected":false},"author":30,"featured_media":0,"comment_status":"open","ping_status":"open","sticky":false,"template":"","format":"standard","meta":{"footnotes":""},"categories":[3],"tags":[],"class_list":["post-1300","post","type-post","status-publish","format-standard","hentry","category-allmant"],"yoast_head":"<!-- This site is optimized with the Yoast SEO Premium plugin v14.9 - https:\/\/yoast.com\/wordpress\/plugins\/seo\/ -->\n<meta name=\"description\" content=\"Gr\u00f6n och Bl\u00e5 sminkning | Helena Amiley - H\u00e4r hittar du senaste infromation om sk\u00f6nhet, livsstil, entrepren\u00f6rskap, makeup &amp; tips.\" \/>\n<meta name=\"robots\" content=\"index, follow, max-snippet:-1, max-image-preview:large, max-video-preview:-1\" \/>\n<link rel=\"canonical\" href=\"https:\/\/www.imakeyousmile.se\/es\/gron-och-bla-sminkning-2\/\" \/>\n<meta property=\"og:locale\" content=\"es_ES\" \/>\n<meta property=\"og:type\" content=\"article\" \/>\n<meta property=\"og:title\" content=\"Gr\u00f6n och Bl\u00e5 sminkning | Imakeyousmile.se\" \/>\n<meta property=\"og:description\" content=\"Gr\u00f6n och Bl\u00e5 sminkning | Helena Amiley - H\u00e4r hittar du senaste infromation om sk\u00f6nhet, livsstil, entrepren\u00f6rskap, makeup &amp; tips.\" \/>\n<meta property=\"og:url\" content=\"https:\/\/www.imakeyousmile.se\/es\/gron-och-bla-sminkning-2\/\" \/>\n<meta property=\"og:site_name\" content=\"Imakeyousmile.se\" \/>\n<meta property=\"article:author\" content=\"https:\/\/www.facebook.com\/imakeyousmile.se\" \/>\n<meta property=\"article:published_time\" content=\"2011-10-12T06:44:00+00:00\" \/>\n<meta property=\"og:image\" content=\"http:\/\/2.bp.blogspot.com\/-qr9jQAxx1rU\/TpVDsZ_GpXI\/AAAAAAAAEWA\/GvezllSi7fU\/s320\/DSC_0010.JPG\" \/>\n<meta name=\"twitter:card\" content=\"summary_large_image\" \/>\n<script type=\"application\/ld+json\" class=\"yoast-schema-graph\">{\"@context\":\"https:\/\/schema.org\",\"@graph\":[{\"@type\":\"Organization\",\"@id\":\"https:\/\/www.imakeyousmile.se\/es\/#organization\",\"name\":\"Imakeyousmile\",\"url\":\"https:\/\/www.imakeyousmile.se\/es\/\",\"sameAs\":[],\"logo\":{\"@type\":\"ImageObject\",\"@id\":\"https:\/\/www.imakeyousmile.se\/es\/#logo\",\"inLanguage\":\"es\",\"url\":\"https:\/\/www.imakeyousmile.se\/wp-content\/uploads\/2020\/10\/HELENA-AMILEY_SVART-1-e1603367975324.png\",\"width\":280,\"height\":93,\"caption\":\"Imakeyousmile\"},\"image\":{\"@id\":\"https:\/\/www.imakeyousmile.se\/es\/#logo\"}},{\"@type\":\"WebSite\",\"@id\":\"https:\/\/www.imakeyousmile.se\/es\/#website\",\"url\":\"https:\/\/www.imakeyousmile.se\/es\/\",\"name\":\"Imakeyousmile.se\",\"description\":\"Helena Amiley - Beauty, Entrepreneur, Lifestyle\",\"publisher\":{\"@id\":\"https:\/\/www.imakeyousmile.se\/es\/#organization\"},\"potentialAction\":[{\"@type\":\"SearchAction\",\"target\":\"https:\/\/www.imakeyousmile.se\/es\/?s={search_term_string}\",\"query-input\":\"required name=search_term_string\"}],\"inLanguage\":\"es\"},{\"@type\":\"ImageObject\",\"@id\":\"https:\/\/www.imakeyousmile.se\/gron-och-bla-sminkning-2\/#primaryimage\",\"inLanguage\":\"es\",\"url\":\"http:\/\/2.bp.blogspot.com\/-qr9jQAxx1rU\/TpVDsZ_GpXI\/AAAAAAAAEWA\/GvezllSi7fU\/s320\/DSC_0010.JPG\"},{\"@type\":\"WebPage\",\"@id\":\"https:\/\/www.imakeyousmile.se\/gron-och-bla-sminkning-2\/#webpage\",\"url\":\"https:\/\/www.imakeyousmile.se\/gron-och-bla-sminkning-2\/\",\"name\":\"Gr\\u00f6n och Bl\\u00e5 sminkning | Imakeyousmile.se\",\"isPartOf\":{\"@id\":\"https:\/\/www.imakeyousmile.se\/es\/#website\"},\"primaryImageOfPage\":{\"@id\":\"https:\/\/www.imakeyousmile.se\/gron-och-bla-sminkning-2\/#primaryimage\"},\"datePublished\":\"2011-10-12T06:44:00+00:00\",\"dateModified\":\"2011-10-12T06:44:00+00:00\",\"description\":\"Gr\\u00f6n och Bl\\u00e5 sminkning | Helena Amiley - H\\u00e4r hittar du senaste infromation om sk\\u00f6nhet, livsstil, entrepren\\u00f6rskap, makeup & tips.\",\"inLanguage\":\"es\",\"potentialAction\":[{\"@type\":\"ReadAction\",\"target\":[\"https:\/\/www.imakeyousmile.se\/gron-och-bla-sminkning-2\/\"]}]},{\"@type\":\"Article\",\"@id\":\"https:\/\/www.imakeyousmile.se\/gron-och-bla-sminkning-2\/#article\",\"isPartOf\":{\"@id\":\"https:\/\/www.imakeyousmile.se\/gron-och-bla-sminkning-2\/#webpage\"},\"author\":{\"@id\":\"https:\/\/www.imakeyousmile.se\/es\/#\/schema\/person\/b0fd43b1c6bb1c60cfd68bff9b4a10fb\"},\"headline\":\"Gr\\u00f6n och Bl\\u00e5 sminkning\",\"datePublished\":\"2011-10-12T06:44:00+00:00\",\"dateModified\":\"2011-10-12T06:44:00+00:00\",\"mainEntityOfPage\":{\"@id\":\"https:\/\/www.imakeyousmile.se\/gron-och-bla-sminkning-2\/#webpage\"},\"commentCount\":0,\"publisher\":{\"@id\":\"https:\/\/www.imakeyousmile.se\/es\/#organization\"},\"image\":{\"@id\":\"https:\/\/www.imakeyousmile.se\/gron-och-bla-sminkning-2\/#primaryimage\"},\"articleSection\":\"\\u00d6vrigt\",\"inLanguage\":\"es\",\"potentialAction\":[{\"@type\":\"CommentAction\",\"name\":\"Comment\",\"target\":[\"https:\/\/www.imakeyousmile.se\/gron-och-bla-sminkning-2\/#respond\"]}]},{\"@type\":\"Person\",\"@id\":\"https:\/\/www.imakeyousmile.se\/es\/#\/schema\/person\/b0fd43b1c6bb1c60cfd68bff9b4a10fb\",\"name\":\"Helena Amiley\",\"image\":{\"@type\":\"ImageObject\",\"@id\":\"https:\/\/www.imakeyousmile.se\/es\/#personlogo\",\"inLanguage\":\"es\",\"url\":\"https:\/\/secure.gravatar.com\/avatar\/5645558e1e355457a23368d7e1b4c904?s=96&d=mm&r=g\",\"caption\":\"Helena Amiley\"},\"description\":\"Jag skriver mest om sk\\u00f6nhet men bjuder \\u00e4ven p\\u00e5 glimtar fr\\u00e5n entrepren\\u00f6rlivet och bygget av v\\u00e5r egen camper van. Vanlife here we come!\",\"sameAs\":[\"https:\/\/www.facebook.com\/imakeyousmile.se\",\"https:\/\/www.instagram.com\/helenaamiley\",\"https:\/\/www.youtube.com\/channel\/UCR5iB6rvpV6Yr8ZjpQfr5mg?view_as=subscriber\"]}]}<\/script>\n<!-- \/ Yoast SEO Premium plugin. -->","_links":{"self":[{"href":"https:\/\/www.imakeyousmile.se\/es\/wp-json\/wp\/v2\/posts\/1300"}],"collection":[{"href":"https:\/\/www.imakeyousmile.se\/es\/wp-json\/wp\/v2\/posts"}],"about":[{"href":"https:\/\/www.imakeyousmile.se\/es\/wp-json\/wp\/v2\/types\/post"}],"author":[{"embeddable":true,"href":"https:\/\/www.imakeyousmile.se\/es\/wp-json\/wp\/v2\/users\/30"}],"replies":[{"embeddable":true,"href":"https:\/\/www.imakeyousmile.se\/es\/wp-json\/wp\/v2\/comments?post=1300"}],"version-history":[{"count":0,"href":"https:\/\/www.imakeyousmile.se\/es\/wp-json\/wp\/v2\/posts\/1300\/revisions"}],"wp:attachment":[{"href":"https:\/\/www.imakeyousmile.se\/es\/wp-json\/wp\/v2\/media?parent=1300"}],"wp:term":[{"taxonomy":"category","embeddable":true,"href":"https:\/\/www.imakeyousmile.se\/es\/wp-json\/wp\/v2\/categories?post=1300"},{"taxonomy":"post_tag","embeddable":true,"href":"https:\/\/www.imakeyousmile.se\/es\/wp-json\/wp\/v2\/tags?post=1300"}],"curies":[{"name":"wp","href":"https:\/\/api.w.org\/{rel}","templated":true}]}}