{"id":1304,"date":"2011-10-10T06:30:00","date_gmt":"2011-10-10T04:30:00","guid":{"rendered":"http:\/\/www.imakeyousmile.se\/host-makeup-2\/"},"modified":"2014-08-12T17:32:46","modified_gmt":"2014-08-12T15:32:46","slug":"host-makeup-2","status":"publish","type":"post","link":"https:\/\/www.imakeyousmile.se\/es\/host-maquillaje-2-2\/","title":{"rendered":"Maquillaje de oto\u00f1o"},"content":{"rendered":"<div style=\"clear: both; text-align: left;\">Buenos dias bien ni!<\/div>\n<div style=\"clear: both; text-align: left;\"><\/div>\n<div style=\"clear: both; text-align: left;\">Sentado ahora mismo desayunando, yogur de vainilla y nesquik. Muy \u00fatil. Nota.<\/div>\n<div style=\"clear: both; text-align: left;\"><\/div>\n<div style=\"clear: both; text-align: left;\">Pronto empacar\u00e9 la bolsa e ir\u00e9 a<span style=\"font-size: x-large;\"> colegio.<\/span> \u00a1Pero primero tengo que mostrar el maquillaje de ayer!<\/div>\n<div style=\"clear: both; text-align: left;\"><\/div>\n<div style=\"clear: both; text-align: left;\"><em>(No he tenido acceso a mis paletas en todo el fin de semana, solo una sombra de ojos dior que ten\u00eda en la bolsa de maquillaje. \u00a1De ah\u00ed todo el maquillaje!)<\/em><\/div>\n<div style=\"clear: both; text-align: center;\"><\/div>\n<div style=\"clear: both; text-align: center;\"><a style=\"margin-left: 1em; margin-right: 1em;\" href=\"http:\/\/1.bp.blogspot.com\/-wBVgiaQoRPI\/TpIF7SJ2r6I\/AAAAAAAAEU8\/sbRi-ai_YQE\/s1600\/DSC_0633.JPG\"><img loading=\"lazy\" decoding=\"async\" src=\"http:\/\/1.bp.blogspot.com\/-wBVgiaQoRPI\/TpIF7SJ2r6I\/AAAAAAAAEU8\/sbRi-ai_YQE\/s320\/DSC_0633.JPG\" alt=\"\" width=\"320\" height=\"296\" border=\"0\" \/><\/a><\/div>\n<div style=\"clear: both; text-align: center;\"><\/div>\n<div style=\"clear: both; text-align: center;\"><span style=\"color: #b45f06; font-size: large;\"><strong>Marr\u00f3n claro<\/strong><\/span> sombra<em> (almohadas para el sol<\/em>) en el p\u00e1rpado, <em>Isadora.<\/em><\/div>\n<div style=\"clear: both; text-align: center;\"><span style=\"color: #783f04; font-size: large;\"><strong>marr\u00f3n<\/strong><\/span> sombra de ojos en la l\u00ednea de las pesta\u00f1as inferiores y a lo largo de la l\u00ednea del globo, <em>Dior.<\/em><\/div>\n<div style=\"clear: both; text-align: center;\"><span style=\"color: #741b47; font-size: large;\"><strong>P\u00farpura<\/strong><\/span> sombra de ojos en el marr\u00f3n al final de la l\u00ednea de las pesta\u00f1as inferiores y a lo largo de la l\u00ednea del globo,<em> Dior<\/em>.<\/div>\n<div style=\"clear: both; text-align: center;\"><\/div>\n<div style=\"clear: both; text-align: center;\"><span style=\"color: #f6b26b;\"><span style=\"font-size: large;\"><strong>Amarillo claro<\/strong><\/span> <\/span>resaltador en la esquina del ojo y debajo de la ceja, <em>El tono favorito de Annika.<\/em><\/div>\n<div style=\"clear: both; text-align: center;\"><\/div>\n<div style=\"clear: both; text-align: center;\"><strong><span style=\"font-size: large;\">Negro <\/span><\/strong>delineador de ojos en la l\u00ednea de las pesta\u00f1as superiores,<em> Oriflame<\/em> y <em>H&amp;M.<\/em><\/div>\n<div style=\"clear: both; text-align: center;\"><em>(Como Oriflame en el fondo del ojo y H&amp;M en el otro extremo)<\/em><\/div>\n<div style=\"clear: both; text-align: center;\"><a style=\"margin-left: 1em; margin-right: 1em;\" href=\"http:\/\/3.bp.blogspot.com\/-R55ikvz1yqw\/TpIF-4BNE_I\/AAAAAAAAEVA\/sI3rcEE-OZw\/s1600\/DSC_0656.JPG\"><img loading=\"lazy\" decoding=\"async\" src=\"http:\/\/3.bp.blogspot.com\/-R55ikvz1yqw\/TpIF-4BNE_I\/AAAAAAAAEVA\/sI3rcEE-OZw\/s640\/DSC_0656.JPG\" alt=\"\" width=\"464\" height=\"640\" border=\"0\" \/><\/a><\/div>\n<div style=\"clear: both; text-align: center;\"><\/div>\n<div style=\"clear: both; text-align: left;\">Ahora intentar\u00e9 maquillarme antes de que salga el autob\u00fas. Si hoy tienes una foto de la escuela, entonces tienes que lucir bien.<\/div>\n<div style=\"clear: both; text-align: left;\"><\/div>\n<div style=\"clear: both; text-align: center;\"><span style=\"font-size: x-large;\">\u00a1Mi \u00faltima foto de la escuela!<\/span><\/div>","protected":false},"excerpt":{"rendered":"<p>Godmorgon fina ni! Sitter just nu och \u00e4ter lite frukost, vaniljyogurt och nesquik. Mycket nyttigt. Not. Ska snart packa v\u00e4skan, och bege mig till skolan. Men jag m\u00e5ste ju visa g\u00e5rdagens sminkning f\u00f6rst! (Har inte haft tillg\u00e5ng till mina paletter p\u00e5 hela helgen, bara en dior-\u00f6gonskugga jag hade i sminkv\u00e4skan. D\u00e4rav alla sminkningar med den!) [&hellip;]<\/p>\n","protected":false},"author":30,"featured_media":0,"comment_status":"open","ping_status":"open","sticky":false,"template":"","format":"standard","meta":{"footnotes":""},"categories":[3],"tags":[],"class_list":["post-1304","post","type-post","status-publish","format-standard","hentry","category-allmant"],"yoast_head":"<!-- This site is optimized with the Yoast SEO Premium plugin v14.9 - https:\/\/yoast.com\/wordpress\/plugins\/seo\/ -->\n<meta name=\"description\" content=\"H\u00f6st makeup | Helena Amiley - H\u00e4r hittar du senaste infromation om sk\u00f6nhet, livsstil, entrepren\u00f6rskap, makeup &amp; tips.\" \/>\n<meta name=\"robots\" content=\"index, follow, max-snippet:-1, max-image-preview:large, max-video-preview:-1\" \/>\n<link rel=\"canonical\" href=\"https:\/\/www.imakeyousmile.se\/es\/host-makeup-2\/\" \/>\n<meta property=\"og:locale\" content=\"es_ES\" \/>\n<meta property=\"og:type\" content=\"article\" \/>\n<meta property=\"og:title\" content=\"H\u00f6st makeup | Imakeyousmile.se\" \/>\n<meta property=\"og:description\" content=\"H\u00f6st makeup | Helena Amiley - H\u00e4r hittar du senaste infromation om sk\u00f6nhet, livsstil, entrepren\u00f6rskap, makeup &amp; tips.\" \/>\n<meta property=\"og:url\" content=\"https:\/\/www.imakeyousmile.se\/es\/host-makeup-2\/\" \/>\n<meta property=\"og:site_name\" content=\"Imakeyousmile.se\" \/>\n<meta property=\"article:author\" content=\"https:\/\/www.facebook.com\/imakeyousmile.se\" \/>\n<meta property=\"article:published_time\" content=\"2011-10-10T04:30:00+00:00\" \/>\n<meta property=\"article:modified_time\" content=\"2014-08-12T15:32:46+00:00\" \/>\n<meta property=\"og:image\" content=\"http:\/\/1.bp.blogspot.com\/-wBVgiaQoRPI\/TpIF7SJ2r6I\/AAAAAAAAEU8\/sbRi-ai_YQE\/s320\/DSC_0633.JPG\" \/>\n<meta name=\"twitter:card\" content=\"summary_large_image\" \/>\n<script type=\"application\/ld+json\" class=\"yoast-schema-graph\">{\"@context\":\"https:\/\/schema.org\",\"@graph\":[{\"@type\":\"Organization\",\"@id\":\"https:\/\/www.imakeyousmile.se\/es\/#organization\",\"name\":\"Imakeyousmile\",\"url\":\"https:\/\/www.imakeyousmile.se\/es\/\",\"sameAs\":[],\"logo\":{\"@type\":\"ImageObject\",\"@id\":\"https:\/\/www.imakeyousmile.se\/es\/#logo\",\"inLanguage\":\"es\",\"url\":\"https:\/\/www.imakeyousmile.se\/wp-content\/uploads\/2020\/10\/HELENA-AMILEY_SVART-1-e1603367975324.png\",\"width\":280,\"height\":93,\"caption\":\"Imakeyousmile\"},\"image\":{\"@id\":\"https:\/\/www.imakeyousmile.se\/es\/#logo\"}},{\"@type\":\"WebSite\",\"@id\":\"https:\/\/www.imakeyousmile.se\/es\/#website\",\"url\":\"https:\/\/www.imakeyousmile.se\/es\/\",\"name\":\"Imakeyousmile.se\",\"description\":\"Helena Amiley - Beauty, Entrepreneur, Lifestyle\",\"publisher\":{\"@id\":\"https:\/\/www.imakeyousmile.se\/es\/#organization\"},\"potentialAction\":[{\"@type\":\"SearchAction\",\"target\":\"https:\/\/www.imakeyousmile.se\/es\/?s={search_term_string}\",\"query-input\":\"required name=search_term_string\"}],\"inLanguage\":\"es\"},{\"@type\":\"ImageObject\",\"@id\":\"https:\/\/www.imakeyousmile.se\/host-makeup-2\/#primaryimage\",\"inLanguage\":\"es\",\"url\":\"http:\/\/1.bp.blogspot.com\/-wBVgiaQoRPI\/TpIF7SJ2r6I\/AAAAAAAAEU8\/sbRi-ai_YQE\/s320\/DSC_0633.JPG\"},{\"@type\":\"WebPage\",\"@id\":\"https:\/\/www.imakeyousmile.se\/host-makeup-2\/#webpage\",\"url\":\"https:\/\/www.imakeyousmile.se\/host-makeup-2\/\",\"name\":\"H\\u00f6st makeup | Imakeyousmile.se\",\"isPartOf\":{\"@id\":\"https:\/\/www.imakeyousmile.se\/es\/#website\"},\"primaryImageOfPage\":{\"@id\":\"https:\/\/www.imakeyousmile.se\/host-makeup-2\/#primaryimage\"},\"datePublished\":\"2011-10-10T04:30:00+00:00\",\"dateModified\":\"2014-08-12T15:32:46+00:00\",\"description\":\"H\\u00f6st makeup | Helena Amiley - H\\u00e4r hittar du senaste infromation om sk\\u00f6nhet, livsstil, entrepren\\u00f6rskap, makeup & tips.\",\"inLanguage\":\"es\",\"potentialAction\":[{\"@type\":\"ReadAction\",\"target\":[\"https:\/\/www.imakeyousmile.se\/host-makeup-2\/\"]}]},{\"@type\":\"Article\",\"@id\":\"https:\/\/www.imakeyousmile.se\/host-makeup-2\/#article\",\"isPartOf\":{\"@id\":\"https:\/\/www.imakeyousmile.se\/host-makeup-2\/#webpage\"},\"author\":{\"@id\":\"https:\/\/www.imakeyousmile.se\/es\/#\/schema\/person\/b0fd43b1c6bb1c60cfd68bff9b4a10fb\"},\"headline\":\"H\\u00f6st makeup\",\"datePublished\":\"2011-10-10T04:30:00+00:00\",\"dateModified\":\"2014-08-12T15:32:46+00:00\",\"mainEntityOfPage\":{\"@id\":\"https:\/\/www.imakeyousmile.se\/host-makeup-2\/#webpage\"},\"commentCount\":0,\"publisher\":{\"@id\":\"https:\/\/www.imakeyousmile.se\/es\/#organization\"},\"image\":{\"@id\":\"https:\/\/www.imakeyousmile.se\/host-makeup-2\/#primaryimage\"},\"articleSection\":\"\\u00d6vrigt\",\"inLanguage\":\"es\",\"potentialAction\":[{\"@type\":\"CommentAction\",\"name\":\"Comment\",\"target\":[\"https:\/\/www.imakeyousmile.se\/host-makeup-2\/#respond\"]}]},{\"@type\":\"Person\",\"@id\":\"https:\/\/www.imakeyousmile.se\/es\/#\/schema\/person\/b0fd43b1c6bb1c60cfd68bff9b4a10fb\",\"name\":\"Helena Amiley\",\"image\":{\"@type\":\"ImageObject\",\"@id\":\"https:\/\/www.imakeyousmile.se\/es\/#personlogo\",\"inLanguage\":\"es\",\"url\":\"https:\/\/secure.gravatar.com\/avatar\/5645558e1e355457a23368d7e1b4c904?s=96&d=mm&r=g\",\"caption\":\"Helena Amiley\"},\"description\":\"Jag skriver mest om sk\\u00f6nhet men bjuder \\u00e4ven p\\u00e5 glimtar fr\\u00e5n entrepren\\u00f6rlivet och bygget av v\\u00e5r egen camper van. Vanlife here we come!\",\"sameAs\":[\"https:\/\/www.facebook.com\/imakeyousmile.se\",\"https:\/\/www.instagram.com\/helenaamiley\",\"https:\/\/www.youtube.com\/channel\/UCR5iB6rvpV6Yr8ZjpQfr5mg?view_as=subscriber\"]}]}<\/script>\n<!-- \/ Yoast SEO Premium plugin. -->","_links":{"self":[{"href":"https:\/\/www.imakeyousmile.se\/es\/wp-json\/wp\/v2\/posts\/1304"}],"collection":[{"href":"https:\/\/www.imakeyousmile.se\/es\/wp-json\/wp\/v2\/posts"}],"about":[{"href":"https:\/\/www.imakeyousmile.se\/es\/wp-json\/wp\/v2\/types\/post"}],"author":[{"embeddable":true,"href":"https:\/\/www.imakeyousmile.se\/es\/wp-json\/wp\/v2\/users\/30"}],"replies":[{"embeddable":true,"href":"https:\/\/www.imakeyousmile.se\/es\/wp-json\/wp\/v2\/comments?post=1304"}],"version-history":[{"count":0,"href":"https:\/\/www.imakeyousmile.se\/es\/wp-json\/wp\/v2\/posts\/1304\/revisions"}],"wp:attachment":[{"href":"https:\/\/www.imakeyousmile.se\/es\/wp-json\/wp\/v2\/media?parent=1304"}],"wp:term":[{"taxonomy":"category","embeddable":true,"href":"https:\/\/www.imakeyousmile.se\/es\/wp-json\/wp\/v2\/categories?post=1304"},{"taxonomy":"post_tag","embeddable":true,"href":"https:\/\/www.imakeyousmile.se\/es\/wp-json\/wp\/v2\/tags?post=1304"}],"curies":[{"name":"wp","href":"https:\/\/api.w.org\/{rel}","templated":true}]}}