{"id":1307,"date":"2011-10-09T09:47:00","date_gmt":"2011-10-09T07:47:00","guid":{"rendered":"http:\/\/www.imakeyousmile.se\/romantisk-sminkning\/"},"modified":"2014-08-11T21:46:34","modified_gmt":"2014-08-11T19:46:34","slug":"romantisk-sminkning","status":"publish","type":"post","link":"https:\/\/www.imakeyousmile.se\/es\/maquillaje-romantico-4\/","title":{"rendered":"Maquillaje rom\u00e1ntico"},"content":{"rendered":"<div style=\"clear: both; text-align: left;\">&quot;Buenos d\u00edas&quot; \u00a1bien, ni! Son casi las 11 en punto, acabo de desayunar y estoy sentado y abrazado en mi mono :)<\/div>\n<div style=\"clear: both; text-align: left;\"><\/div>\n<div style=\"clear: both; text-align: left;\">Aqu\u00ed viene <span style=\"font-size: x-large;\">maquillaje de ayer<\/span>, que al menos veo como un maquillaje muy rom\u00e1ntico. Brillante, neutro pero marcado y \u00a1tan poco color!<\/div>\n<div style=\"clear: both; text-align: center;\"><\/div>\n<div style=\"clear: both; text-align: center;\"><a style=\"margin-left: 1em; margin-right: 1em;\" href=\"http:\/\/4.bp.blogspot.com\/-XlJ3zpkLtzc\/TpFbOrxKnuI\/AAAAAAAAEUo\/fSHg7xyZSuQ\/s1600\/DSC_0602.JPG\"><img loading=\"lazy\" decoding=\"async\" src=\"http:\/\/4.bp.blogspot.com\/-XlJ3zpkLtzc\/TpFbOrxKnuI\/AAAAAAAAEUo\/fSHg7xyZSuQ\/s320\/DSC_0602.JPG\" alt=\"\" width=\"308\" height=\"320\" border=\"0\" \/><\/a><\/div>\n<div style=\"clear: both; text-align: center;\"><\/div>\n<div style=\"clear: both; text-align: center;\"><span style=\"color: #f9cb9c; font-size: large;\"><strong>Amarillo claro<\/strong><\/span>\u00a0sombra de ojos debajo de la ceja, en la esquina del ojo, en la parte inferior de la l\u00ednea de las pesta\u00f1as inferiores y en la parte inferior del p\u00e1rpado, <em>El tono favorito de Annika<\/em>.<\/div>\n<div style=\"clear: both; text-align: center;\"><span style=\"color: #b45f06; font-size: large;\"><strong>marr\u00f3n<\/strong><\/span> sombra de ojos al final del p\u00e1rpado y a lo largo de la l\u00ednea del globo, <em>Dior.<\/em><\/div>\n<div style=\"clear: both; text-align: center;\"><span style=\"color: #741b47; font-size: large;\"><strong>P\u00farpura<\/strong><\/span> sombra de ojos en casi toda la l\u00ednea de las pesta\u00f1as inferiores, <em>Dior.<\/em><\/div>\n<div style=\"clear: both; text-align: center;\"><\/div>\n<div style=\"clear: both; text-align: center;\"><strong><span style=\"font-size: large;\">Negro <\/span><\/strong>delineador de ojos en la l\u00ednea de las pesta\u00f1as superiores, <em>Oriflame.<\/em><\/div>\n<div style=\"clear: both; text-align: center;\"><\/div>\n<div style=\"clear: both; text-align: center;\"><\/div>\n<div style=\"clear: both; text-align: center;\"><a style=\"margin-left: 1em; margin-right: 1em;\" href=\"http:\/\/4.bp.blogspot.com\/-FnPiuyKNzVg\/TpFdi8vz4NI\/AAAAAAAAEUw\/xuVBoYxY_RA\/s1600\/favvoskuggan.jpg\"><img loading=\"lazy\" decoding=\"async\" src=\"http:\/\/4.bp.blogspot.com\/-FnPiuyKNzVg\/TpFdi8vz4NI\/AAAAAAAAEUw\/xuVBoYxY_RA\/s400\/favvoskuggan.jpg\" alt=\"\" width=\"400\" height=\"298\" border=\"0\" \/><\/a><\/div>\n<div style=\"clear: both; text-align: center;\"><\/div>\n<div style=\"clear: both; text-align: center;\">Aqu\u00ed est\u00e1 la sombra de ojos de color amarillo claro que llam\u00e9 &quot;<em>El tono favorito de Annika<\/em>&#8221;<\/div>\n<div style=\"clear: both; text-align: center;\">Es una sombra de ojos con reflejos brillantes en forma de polvo, \u00a1que tambi\u00e9n me ha empezado a encantar!<\/div>\n<div style=\"clear: both; text-align: center;\">Kostar <span style=\"font-size: x-large;\">99 kr<\/span> en <a href=\"http:\/\/creativemakeup.se\/\"><span style=\"font-size: large;\">Creativemakeup.se<\/span><\/a>, donde se llama: <em>El tono favorito de Annika.<\/em><\/div>\n<div style=\"clear: both; text-align: center;\"><\/div>\n<div style=\"clear: both; text-align: center;\"><a style=\"margin-left: 1em; margin-right: 1em;\" href=\"http:\/\/3.bp.blogspot.com\/-4vxduvo72oY\/TpFbQN3RRJI\/AAAAAAAAEUs\/IgbiFQY9gPg\/s1600\/DSC_0606.JPG\"><img loading=\"lazy\" decoding=\"async\" src=\"http:\/\/3.bp.blogspot.com\/-4vxduvo72oY\/TpFbQN3RRJI\/AAAAAAAAEUs\/IgbiFQY9gPg\/s640\/DSC_0606.JPG\" alt=\"\" width=\"442\" height=\"640\" border=\"0\" \/><\/a><\/div>\n<p>Pronto Miska y yo saldremos a caminar, y luego probablemente conocer\u00e9 a la hermana Linda y hablar\u00e9 un poco de gojja.<\/p>\n<div style=\"text-align: center;\"><span style=\"font-size: x-large;\">\u00a1Qu\u00e9 maravilloso domingo!<\/span><\/div>","protected":false},"excerpt":{"rendered":"<p>&#8221;Godmorgon&#8221; fina ni! Klockan \u00e4r snart 11, jag har precis \u00e4tit frukost och sitter och myser i min onepiece :) H\u00e4r kommer g\u00e5rdagens makeup, som jag iallafall ser som en v\u00e4ldigt romantisk sminkning. Ljus, neutral men markerad och s\u00e5\u00a0lite f\u00e4rg! Ljusgul\u00a0\u00f6gonskugga under \u00f6gonbrynet, i \u00f6gonvr\u00e5n, innerst p\u00e5 undre fransraden och innerst p\u00e5\u00a0\u00f6gonlocket, Annikas favoritskugga. Brun [&hellip;]<\/p>\n","protected":false},"author":30,"featured_media":0,"comment_status":"open","ping_status":"open","sticky":false,"template":"","format":"standard","meta":{"footnotes":""},"categories":[3],"tags":[],"class_list":["post-1307","post","type-post","status-publish","format-standard","hentry","category-allmant"],"yoast_head":"<!-- This site is optimized with the Yoast SEO Premium plugin v14.9 - https:\/\/yoast.com\/wordpress\/plugins\/seo\/ -->\n<meta name=\"description\" content=\"Romantisk sminkning | Helena Amiley - H\u00e4r hittar du senaste infromation om sk\u00f6nhet, livsstil, entrepren\u00f6rskap, makeup &amp; tips.\" \/>\n<meta name=\"robots\" content=\"index, follow, max-snippet:-1, max-image-preview:large, max-video-preview:-1\" \/>\n<link rel=\"canonical\" href=\"https:\/\/www.imakeyousmile.se\/es\/romantisk-sminkning\/\" \/>\n<meta property=\"og:locale\" content=\"es_ES\" \/>\n<meta property=\"og:type\" content=\"article\" \/>\n<meta property=\"og:title\" content=\"Romantisk sminkning | Imakeyousmile.se\" \/>\n<meta property=\"og:description\" content=\"Romantisk sminkning | Helena Amiley - H\u00e4r hittar du senaste infromation om sk\u00f6nhet, livsstil, entrepren\u00f6rskap, makeup &amp; tips.\" \/>\n<meta property=\"og:url\" content=\"https:\/\/www.imakeyousmile.se\/es\/romantisk-sminkning\/\" \/>\n<meta property=\"og:site_name\" content=\"Imakeyousmile.se\" \/>\n<meta property=\"article:author\" content=\"https:\/\/www.facebook.com\/imakeyousmile.se\" \/>\n<meta property=\"article:published_time\" content=\"2011-10-09T07:47:00+00:00\" \/>\n<meta property=\"article:modified_time\" content=\"2014-08-11T19:46:34+00:00\" \/>\n<meta property=\"og:image\" content=\"http:\/\/4.bp.blogspot.com\/-XlJ3zpkLtzc\/TpFbOrxKnuI\/AAAAAAAAEUo\/fSHg7xyZSuQ\/s320\/DSC_0602.JPG\" \/>\n<meta name=\"twitter:card\" content=\"summary_large_image\" \/>\n<script type=\"application\/ld+json\" class=\"yoast-schema-graph\">{\"@context\":\"https:\/\/schema.org\",\"@graph\":[{\"@type\":\"Organization\",\"@id\":\"https:\/\/www.imakeyousmile.se\/es\/#organization\",\"name\":\"Imakeyousmile\",\"url\":\"https:\/\/www.imakeyousmile.se\/es\/\",\"sameAs\":[],\"logo\":{\"@type\":\"ImageObject\",\"@id\":\"https:\/\/www.imakeyousmile.se\/es\/#logo\",\"inLanguage\":\"es\",\"url\":\"https:\/\/www.imakeyousmile.se\/wp-content\/uploads\/2020\/10\/HELENA-AMILEY_SVART-1-e1603367975324.png\",\"width\":280,\"height\":93,\"caption\":\"Imakeyousmile\"},\"image\":{\"@id\":\"https:\/\/www.imakeyousmile.se\/es\/#logo\"}},{\"@type\":\"WebSite\",\"@id\":\"https:\/\/www.imakeyousmile.se\/es\/#website\",\"url\":\"https:\/\/www.imakeyousmile.se\/es\/\",\"name\":\"Imakeyousmile.se\",\"description\":\"Helena Amiley - Beauty, Entrepreneur, Lifestyle\",\"publisher\":{\"@id\":\"https:\/\/www.imakeyousmile.se\/es\/#organization\"},\"potentialAction\":[{\"@type\":\"SearchAction\",\"target\":\"https:\/\/www.imakeyousmile.se\/es\/?s={search_term_string}\",\"query-input\":\"required name=search_term_string\"}],\"inLanguage\":\"es\"},{\"@type\":\"ImageObject\",\"@id\":\"https:\/\/www.imakeyousmile.se\/romantisk-sminkning\/#primaryimage\",\"inLanguage\":\"es\",\"url\":\"http:\/\/4.bp.blogspot.com\/-XlJ3zpkLtzc\/TpFbOrxKnuI\/AAAAAAAAEUo\/fSHg7xyZSuQ\/s320\/DSC_0602.JPG\"},{\"@type\":\"WebPage\",\"@id\":\"https:\/\/www.imakeyousmile.se\/romantisk-sminkning\/#webpage\",\"url\":\"https:\/\/www.imakeyousmile.se\/romantisk-sminkning\/\",\"name\":\"Romantisk sminkning | Imakeyousmile.se\",\"isPartOf\":{\"@id\":\"https:\/\/www.imakeyousmile.se\/es\/#website\"},\"primaryImageOfPage\":{\"@id\":\"https:\/\/www.imakeyousmile.se\/romantisk-sminkning\/#primaryimage\"},\"datePublished\":\"2011-10-09T07:47:00+00:00\",\"dateModified\":\"2014-08-11T19:46:34+00:00\",\"description\":\"Romantisk sminkning | Helena Amiley - H\\u00e4r hittar du senaste infromation om sk\\u00f6nhet, livsstil, entrepren\\u00f6rskap, makeup & tips.\",\"inLanguage\":\"es\",\"potentialAction\":[{\"@type\":\"ReadAction\",\"target\":[\"https:\/\/www.imakeyousmile.se\/romantisk-sminkning\/\"]}]},{\"@type\":\"Article\",\"@id\":\"https:\/\/www.imakeyousmile.se\/romantisk-sminkning\/#article\",\"isPartOf\":{\"@id\":\"https:\/\/www.imakeyousmile.se\/romantisk-sminkning\/#webpage\"},\"author\":{\"@id\":\"https:\/\/www.imakeyousmile.se\/es\/#\/schema\/person\/b0fd43b1c6bb1c60cfd68bff9b4a10fb\"},\"headline\":\"Romantisk sminkning\",\"datePublished\":\"2011-10-09T07:47:00+00:00\",\"dateModified\":\"2014-08-11T19:46:34+00:00\",\"mainEntityOfPage\":{\"@id\":\"https:\/\/www.imakeyousmile.se\/romantisk-sminkning\/#webpage\"},\"commentCount\":0,\"publisher\":{\"@id\":\"https:\/\/www.imakeyousmile.se\/es\/#organization\"},\"image\":{\"@id\":\"https:\/\/www.imakeyousmile.se\/romantisk-sminkning\/#primaryimage\"},\"articleSection\":\"\\u00d6vrigt\",\"inLanguage\":\"es\",\"potentialAction\":[{\"@type\":\"CommentAction\",\"name\":\"Comment\",\"target\":[\"https:\/\/www.imakeyousmile.se\/romantisk-sminkning\/#respond\"]}]},{\"@type\":\"Person\",\"@id\":\"https:\/\/www.imakeyousmile.se\/es\/#\/schema\/person\/b0fd43b1c6bb1c60cfd68bff9b4a10fb\",\"name\":\"Helena Amiley\",\"image\":{\"@type\":\"ImageObject\",\"@id\":\"https:\/\/www.imakeyousmile.se\/es\/#personlogo\",\"inLanguage\":\"es\",\"url\":\"https:\/\/secure.gravatar.com\/avatar\/5645558e1e355457a23368d7e1b4c904?s=96&d=mm&r=g\",\"caption\":\"Helena Amiley\"},\"description\":\"Jag skriver mest om sk\\u00f6nhet men bjuder \\u00e4ven p\\u00e5 glimtar fr\\u00e5n entrepren\\u00f6rlivet och bygget av v\\u00e5r egen camper van. Vanlife here we come!\",\"sameAs\":[\"https:\/\/www.facebook.com\/imakeyousmile.se\",\"https:\/\/www.instagram.com\/helenaamiley\",\"https:\/\/www.youtube.com\/channel\/UCR5iB6rvpV6Yr8ZjpQfr5mg?view_as=subscriber\"]}]}<\/script>\n<!-- \/ Yoast SEO Premium plugin. -->","_links":{"self":[{"href":"https:\/\/www.imakeyousmile.se\/es\/wp-json\/wp\/v2\/posts\/1307"}],"collection":[{"href":"https:\/\/www.imakeyousmile.se\/es\/wp-json\/wp\/v2\/posts"}],"about":[{"href":"https:\/\/www.imakeyousmile.se\/es\/wp-json\/wp\/v2\/types\/post"}],"author":[{"embeddable":true,"href":"https:\/\/www.imakeyousmile.se\/es\/wp-json\/wp\/v2\/users\/30"}],"replies":[{"embeddable":true,"href":"https:\/\/www.imakeyousmile.se\/es\/wp-json\/wp\/v2\/comments?post=1307"}],"version-history":[{"count":0,"href":"https:\/\/www.imakeyousmile.se\/es\/wp-json\/wp\/v2\/posts\/1307\/revisions"}],"wp:attachment":[{"href":"https:\/\/www.imakeyousmile.se\/es\/wp-json\/wp\/v2\/media?parent=1307"}],"wp:term":[{"taxonomy":"category","embeddable":true,"href":"https:\/\/www.imakeyousmile.se\/es\/wp-json\/wp\/v2\/categories?post=1307"},{"taxonomy":"post_tag","embeddable":true,"href":"https:\/\/www.imakeyousmile.se\/es\/wp-json\/wp\/v2\/tags?post=1307"}],"curies":[{"name":"wp","href":"https:\/\/api.w.org\/{rel}","templated":true}]}}