{"id":13193,"date":"2014-05-07T14:06:18","date_gmt":"2014-05-07T12:06:18","guid":{"rendered":"http:\/\/www.imakeyousmile.se\/?p=13193"},"modified":"2021-10-05T10:38:55","modified_gmt":"2021-10-05T08:38:55","slug":"prom-makeup-tutorial","status":"publish","type":"post","link":"https:\/\/www.imakeyousmile.se\/es\/tutorial-maquillaje-baile\/","title":{"rendered":"Tutorial de maquillaje de graduaci\u00f3n (maquillaje de bolas paso a paso)"},"content":{"rendered":"<p>Pens\u00e9 que era hora de hacer otro deseo, as\u00ed que aqu\u00ed hay uno que est\u00e1 escrito en ingl\u00e9s, as\u00ed que intentar\u00e9 hacer una publicaci\u00f3n biling\u00fce hoy :)<\/p>\n<p><em><strong>Espero que entiendas ingl\u00e9s porque, sinceramente, eres muy talentoso con el maquillaje y \u00a1me encantar\u00eda un poco de ayuda!<\/strong><\/em><\/p>\n<div><em><strong>Mi nombre es Amy y mi fiesta de graduaci\u00f3n es a principios de julio y me preguntaba si tendr\u00edas alguna idea del maquillaje que podr\u00eda hacer para combinar con mi vestido, por favor. Se parece a esto:<\/strong><\/em><\/div>\n<div><\/div>\n<div><\/div>\n<div>\n<div align=\"left\"><em><strong>\u00a1Me encantar\u00eda que pudieras pensar en algo para m\u00ed porque realmente admiro tu talento y me encantar\u00eda crear algo similar a ti para mi graduaci\u00f3n! Si quieres pensar en algo, no estoy seguro de si esto marcar\u00eda la diferencia, pero soy bastante p\u00e1lida y tengo el cabello rubio y ojos verdes.<\/strong><\/em><\/div>\n<div align=\"left\"><em><strong>Muchas gracias por tomarse su tiempo para leer esto. Entiendo que no se te ocurra algo, pero estar\u00eda muy feliz si lo hicieras. De nuevo, \u00a1gracias! X &quot;<\/strong><\/em><\/div>\n<div align=\"left\"><span style=\"color: #ffffff;\">&#8211;<\/span><\/div>\n<div align=\"left\"><span style=\"text-decoration: underline;\"><strong>Ingl\u00e9s<\/strong><\/span><br \/>\n\u00a1Hola Amy! \u00a1Qu\u00e9 hermoso vestido! \u00a1Georgeous!<\/div>\n<div align=\"left\"><span style=\"color: #ffffff;\">&#8211;<\/span><\/div>\n<div align=\"left\">Claro que quiero ayudarte con tu maquillaje, ten\u00eda muchas ideas pero si me iba a poner ese vestido elegir\u00eda un maquillaje fr\u00edo con un toque de turquesa que combine con el vestido .. As\u00ed que eso es lo que te estoy mostrando: )<\/div>\n<div align=\"left\"><span style=\"color: #ffffff;\">&#8211;<\/span><\/div>\n<div align=\"left\">Tambi\u00e9n le pondr\u00eda un poco de brillo para que brille como la parte de atr\u00e1s del vestido, \u00a1tal vez plateado pero turquesa o verde tambi\u00e9n me gustar\u00eda! Mis ojos, sin embargo, est\u00e1n muy sensibles y llorosos hoy (no s\u00e9 por qu\u00e9) as\u00ed que me salt\u00e9 ese detalle.<\/div>\n<div align=\"left\"><span style=\"color: #ffffff;\">&#8211;<\/span><\/div>\n<div align=\"left\">Si no te gusta este maquillaje, \u00a1tambi\u00e9n puedo recomendarte un maquillaje morado para tu vestido! Destacar\u00e1 tanto el vestido como tus ojos verdes :)\u00a0<span style=\"line-height: 1.5em;\">Para tus labios te recomendar\u00eda colores como melocot\u00f3n o naranja, \u00a1que queda muy bien con los colores turquesa y verde!<\/span><\/div>\n<div align=\"left\"><span style=\"color: #ffffff;\">&#8211;<\/span><\/div>\n<div align=\"left\"><span style=\"text-decoration: underline;\"><strong>sueco<\/strong><\/span><br \/>\n\u00a1Hola Amy! \u00a1Qu\u00e9 lindo vestido!<\/div>\n<div align=\"left\"><span style=\"color: #ffffff;\">&#8211;<\/span><\/div>\n<div align=\"left\">Por supuesto que quiero ayudarte con tu maquillaje, hay muchos diferentes que te quedan, pero si me hubiera puesto este vestido, hubiera elegido un maquillaje fr\u00edo con un clic de color turquesa que combine con el vestido. As\u00ed que ese es el tipo de maquillaje que les iba a mostrar :)<\/div>\n<div align=\"left\"><span style=\"color: #ffffff;\">&#8211;<\/span><\/div>\n<div align=\"left\">Tambi\u00e9n habr\u00eda agregado un poco de brillo para hacer que el maquillaje brillara como la parte posterior del vestido, tal vez plateado, pero turquesa o verde tambi\u00e9n ser\u00eda bueno. Sin embargo, mis ojos est\u00e1n muy sensibles y llorosos hoy (no s\u00e9 por qu\u00e9) as\u00ed que me salt\u00e9 ese detalle.<\/div>\n<div align=\"left\"><span style=\"color: #ffffff;\">&#8211;<\/span><\/div>\n<div align=\"left\">Si no te gusta este maquillaje, \u00a1tambi\u00e9n puedo recomendarte un maquillaje morado para tu vestido! Destacar\u00e1 tanto el vestido como tus ojos verdes :) Para los labios recomiendo un tono rosa melocot\u00f3n \/ naranja, super bonito para el turquesa!<\/div>\n<div align=\"left\"><span style=\"color: #ffffff;\">&#8211;<\/span><\/div>\n<\/div>\n<p><a href=\"http:\/\/www.imakeyousmile.se\/wp-content\/uploads\/2014\/05\/IMG_3287_111.jpg\"><img loading=\"lazy\" decoding=\"async\" class=\"alignnone size-large wp-image-13203\" src=\"http:\/\/www.imakeyousmile.se\/wp-content\/uploads\/2014\/05\/IMG_3287_111-1024x949.jpg\" alt=\"IMG_3287_111\" width=\"1024\" height=\"949\" srcset=\"https:\/\/www.imakeyousmile.se\/wp-content\/uploads\/2014\/05\/IMG_3287_111-1024x949.jpg 1024w, https:\/\/www.imakeyousmile.se\/wp-content\/uploads\/2014\/05\/IMG_3287_111-300x278.jpg 300w\" sizes=\"(max-width: 1024px) 100vw, 1024px\" \/><\/a><\/p>\n<p><a href=\"http:\/\/www.imakeyousmile.se\/wp-content\/uploads\/2014\/05\/IMG_3279_111.jpg\"><img loading=\"lazy\" decoding=\"async\" class=\"alignnone size-large wp-image-13202\" src=\"http:\/\/www.imakeyousmile.se\/wp-content\/uploads\/2014\/05\/IMG_3279_111-1024x498.jpg\" alt=\"IMG_3279_111\" width=\"1024\" height=\"498\" srcset=\"https:\/\/www.imakeyousmile.se\/wp-content\/uploads\/2014\/05\/IMG_3279_111-1024x498.jpg 1024w, https:\/\/www.imakeyousmile.se\/wp-content\/uploads\/2014\/05\/IMG_3279_111-300x146.jpg 300w\" sizes=\"(max-width: 1024px) 100vw, 1024px\" \/><\/a><\/p>\n<p><a href=\"http:\/\/www.imakeyousmile.se\/wp-content\/uploads\/2014\/05\/sminkbloggar.jpg\"><img loading=\"lazy\" decoding=\"async\" src=\"http:\/\/www.imakeyousmile.se\/wp-content\/uploads\/2014\/05\/sminkbloggar-1024x423.jpg\" alt=\"blogs de maquillaje\" width=\"1024\" height=\"423\" \/><\/a><\/p>\n<p>&nbsp;<\/p>\n<p>He usado colores de esta paleta de 40.<\/p>\n<p>He usado sombras de ojos de esta paleta de 40.<\/p>\n<p><a href=\"http:\/\/www.imakeyousmile.se\/wp-content\/uploads\/2014\/05\/balsminkning-steg-f\u00f6r-steg1.jpg\"><img loading=\"lazy\" decoding=\"async\" class=\"alignnone size-full wp-image-13205\" src=\"http:\/\/www.imakeyousmile.se\/wp-content\/uploads\/2014\/05\/balsminkning-steg-f\u00f6r-steg1.jpg\" alt=\"maquillaje de pacas paso a paso\" width=\"2767\" height=\"4088\" srcset=\"https:\/\/www.imakeyousmile.se\/wp-content\/uploads\/2014\/05\/balsminkning-steg-f\u00f6r-steg1.jpg 1733w, https:\/\/www.imakeyousmile.se\/wp-content\/uploads\/2014\/05\/balsminkning-steg-f\u00f6r-steg1-203x300.jpg 203w, https:\/\/www.imakeyousmile.se\/wp-content\/uploads\/2014\/05\/balsminkning-steg-f\u00f6r-steg1-693x1024.jpg 693w\" sizes=\"(max-width: 2767px) 100vw, 2767px\" \/><\/a><\/p>\n<p>1.<strong><span style=\"color: #808080;\"> Sombra de ojos gris<\/span><\/strong> en medio del p\u00e1rpado.<br \/>\n<em>Sombra de ojos gris en el medio del p\u00e1rpado.<\/em><br \/>\n2. <strong><span style=\"color: #ffcc99;\">Sombra de ojos clara<\/span><\/strong> m\u00e1s interno en el p\u00e1rpado y en la esquina del ojo.<br \/>\n<em>Sombra de ojos clara al comienzo del p\u00e1rpado y el rabillo del ojo.<\/em><br \/>\n3.<span style=\"color: #000000;\"> <strong>Sombra de ojos negra<\/strong><\/span> al final del p\u00e1rpado, a lo largo de la l\u00ednea del globo y la l\u00ednea de las pesta\u00f1as inferiores.<br \/>\nSombra de ojos negra al final del p\u00e1rpado, a lo largo del pliegue y la l\u00ednea de las pesta\u00f1as inferiores.<br \/>\n4. Desvanece las sombras.<br \/>\n<em>Difumina las sombras de ojos.<\/em><br \/>\n5. <span style=\"color: #00b4ae;\"><strong>Delineador de ojos turquesa <\/strong><\/span>a lo largo de la l\u00ednea de flotaci\u00f3n, <a href=\"https:\/\/dot.yves-rocher.se\/t\/t?a=138068268&amp;as=1548102449&amp;t=2&amp;tk=1&amp;epi=search-replace-yveskajal&amp;url=https:\/\/www.yves-rocher.se\/smink\/ogon\/ogonpenna-och-eyeliner\/c\/23200\" target=\"_blank\" rel=\"noopener\">Delineador de ojos impermeable Yves Rocher (05.Turquesa)<br \/>\n<\/a><em>L\u00e1piz delineador de ojos turquesa a lo largo de la l\u00ednea de flotaci\u00f3n.<br \/>\n<\/em>6. <strong><span style=\"color: #000000;\">Delineador de ojos negro<\/span><\/strong> a lo largo de la l\u00ednea de las pesta\u00f1as superior e inferior, <a href=\"https:\/\/dot.yves-rocher.se\/t\/t?a=138068268&amp;as=1548102449&amp;t=2&amp;tk=1&amp;epi=search-replace-yveskajal&amp;url=https:\/\/www.yves-rocher.se\/smink\/ogon\/ogonpenna-och-eyeliner\/c\/23200\" target=\"_blank\" rel=\"noopener\">Delineador de ojos Yves Rocher (negro)<br \/>\n<\/a><em>Delineador de ojos negro a lo largo de la l\u00ednea de las pesta\u00f1as superior e inferior.<\/em><a href=\"http:\/\/clk.tradedoubler.com\/click?p=18373&amp;a=2286222&amp;g=16152292&amp;url=http:\/\/www.yves-rocher.se\/control\/makeup\/ogonpenna-eyeliner\/eyeliner\/?cmSrc=Category\" target=\"_blank\" rel=\"noopener\"><br \/>\n<\/a><strong><span style=\"color: #000000;\">Pesta\u00f1as postizas cortas<\/span><\/strong>, <a href=\"https:\/\/ion.lyko.com\/t\/t?a=1117786221&amp;as=1548102449&amp;t=2&amp;tk=1&amp;epi=search-replace-losfransar&amp;url=https:\/\/lyko.com\/sv\/smink\/ogon\/losogonfransar?fromsearch=l%C3%B6s%C3%B6gonfransar\" target=\"_blank\" rel=\"noopener\">Disponible para comprar aqu\u00ed<\/a>.<br \/>\n<em>Pesta\u00f1as postizas cortas.<\/em><br \/>\n<strong><span style=\"color: #000000;\">R\u00edmel negro<\/span><\/strong> en todas las pesta\u00f1as, <a href=\"https:\/\/ion.lyko.com\/t\/t?a=1117786221&amp;as=1548102449&amp;t=2&amp;tk=1&amp;epi=search-replace-mascara&amp;url=https:\/\/lyko.com\/sv\/smink\/ogon\/mascara\" target=\"_blank\" rel=\"noopener\">R\u00edmel Lumene Cloudberry Volume Serum<\/a>.<br \/>\n<em>R\u00edmel negro en todas las pesta\u00f1as.<\/em><\/p>\n<p><a href=\"http:\/\/www.imakeyousmile.se\/wp-content\/uploads\/2014\/05\/IMG_3210_111.jpg\"><img loading=\"lazy\" decoding=\"async\" class=\"alignnone size-large wp-image-13195\" src=\"http:\/\/www.imakeyousmile.se\/wp-content\/uploads\/2014\/05\/IMG_3210_111-912x1024.jpg\" alt=\"IMG_3210_111\" width=\"912\" height=\"1024\" srcset=\"https:\/\/www.imakeyousmile.se\/wp-content\/uploads\/2014\/05\/IMG_3210_111-912x1024.jpg 912w, https:\/\/www.imakeyousmile.se\/wp-content\/uploads\/2014\/05\/IMG_3210_111-267x300.jpg 267w\" sizes=\"(max-width: 912px) 100vw, 912px\" \/><\/a><\/p>\n<p>L\u00e1piz labial rosa (de P\u00fcr Minerals, a\u00fan no disponible para su compra) con brillo de labios naranja coral <a href=\"https:\/\/ion.lyko.com\/t\/t?a=1117786221&amp;as=1548102449&amp;t=2&amp;tk=1&amp;epi=search-replace-lipgloss&amp;url=https:\/\/lyko.com\/sv\/sok?q=lipgloss\" target=\"_blank\" rel=\"noopener\">Brillo de labios hidratante IsaDora (14 Coral Glow)<\/a><\/p>\n<p><em>Barra de labios rosa (de P\u00fcr Minerals, a\u00fan no disponible) con brillo de labios coral de IsaDora.<\/em><\/p>\n<p><a href=\"http:\/\/www.imakeyousmile.se\/wp-content\/uploads\/2014\/05\/IMG_3217_111.jpg\"><img loading=\"lazy\" decoding=\"async\" class=\"alignnone size-large wp-image-13197\" src=\"http:\/\/www.imakeyousmile.se\/wp-content\/uploads\/2014\/05\/IMG_3217_111-828x1024.jpg\" alt=\"IMG_3217_111\" width=\"828\" height=\"1024\" srcset=\"https:\/\/www.imakeyousmile.se\/wp-content\/uploads\/2014\/05\/IMG_3217_111-828x1024.jpg 828w, https:\/\/www.imakeyousmile.se\/wp-content\/uploads\/2014\/05\/IMG_3217_111-242x300.jpg 242w\" sizes=\"(max-width: 828px) 100vw, 828px\" \/><\/a><\/p>\n<p><a href=\"http:\/\/www.imakeyousmile.se\/wp-content\/uploads\/2014\/05\/IMG_3218_111.jpg\"><img loading=\"lazy\" decoding=\"async\" class=\"alignnone size-large wp-image-13198\" src=\"http:\/\/www.imakeyousmile.se\/wp-content\/uploads\/2014\/05\/IMG_3218_111-950x1024.jpg\" alt=\"IMG_3218_111\" width=\"950\" height=\"1024\" srcset=\"https:\/\/www.imakeyousmile.se\/wp-content\/uploads\/2014\/05\/IMG_3218_111-950x1024.jpg 950w, https:\/\/www.imakeyousmile.se\/wp-content\/uploads\/2014\/05\/IMG_3218_111-278x300.jpg 278w\" sizes=\"(max-width: 950px) 100vw, 950px\" \/><\/a><\/p>\n<p><a href=\"http:\/\/www.imakeyousmile.se\/wp-content\/uploads\/2014\/05\/IMG_3228_111.jpg\"><img loading=\"lazy\" decoding=\"async\" class=\"alignnone size-large wp-image-13199\" src=\"http:\/\/www.imakeyousmile.se\/wp-content\/uploads\/2014\/05\/IMG_3228_111-857x1024.jpg\" alt=\"IMG_3228_111\" width=\"857\" height=\"1024\" srcset=\"https:\/\/www.imakeyousmile.se\/wp-content\/uploads\/2014\/05\/IMG_3228_111-857x1024.jpg 857w, https:\/\/www.imakeyousmile.se\/wp-content\/uploads\/2014\/05\/IMG_3228_111-251x300.jpg 251w\" sizes=\"(max-width: 857px) 100vw, 857px\" \/><\/a><\/p>\n<p><a href=\"http:\/\/www.imakeyousmile.se\/wp-content\/uploads\/2014\/05\/IMG_3247_111.jpg\"><img loading=\"lazy\" decoding=\"async\" class=\"alignnone size-large wp-image-13200\" src=\"http:\/\/www.imakeyousmile.se\/wp-content\/uploads\/2014\/05\/IMG_3247_111-580x1024.jpg\" alt=\"IMG_3247_111\" width=\"580\" height=\"1024\" srcset=\"https:\/\/www.imakeyousmile.se\/wp-content\/uploads\/2014\/05\/IMG_3247_111-580x1024.jpg 580w, https:\/\/www.imakeyousmile.se\/wp-content\/uploads\/2014\/05\/IMG_3247_111.jpg 1450w\" sizes=\"(max-width: 580px) 100vw, 580px\" \/><\/a><\/p>\n<p>&nbsp;<\/p>\n<p>Extensi\u00f3n de cabello de <a href=\"http:\/\/www.hairtalk.se\/\" target=\"_blank\" rel=\"noopener\">Charla de cabello<\/a>.<\/p>\n<p><a href=\"http:\/\/www.imakeyousmile.se\/wp-content\/uploads\/2014\/05\/IMG_3261_111.jpg\"><img loading=\"lazy\" decoding=\"async\" class=\"alignnone size-large wp-image-13201\" src=\"http:\/\/www.imakeyousmile.se\/wp-content\/uploads\/2014\/05\/IMG_3261_111-818x1024.jpg\" alt=\"IMG_3261_111\" width=\"818\" height=\"1024\" srcset=\"https:\/\/www.imakeyousmile.se\/wp-content\/uploads\/2014\/05\/IMG_3261_111-818x1024.jpg 818w, https:\/\/www.imakeyousmile.se\/wp-content\/uploads\/2014\/05\/IMG_3261_111-239x300.jpg 239w, https:\/\/www.imakeyousmile.se\/wp-content\/uploads\/2014\/05\/IMG_3261_111.jpg 2047w\" sizes=\"(max-width: 818px) 100vw, 818px\" \/><\/a><\/p>\n<p>&nbsp;<\/p>\n<p>\u00a1Espero que te guste este maquillaje y que te diviertas en el baile de graduaci\u00f3n! :)<\/p>\n<p><strong>\u00a1Abrazo abrazo!<\/strong><\/p>","protected":false},"excerpt":{"rendered":"<p>Jag tyckte att det var dags f\u00f6r \u00e4nnu en \u00f6nskesminkning, s\u00e5 h\u00e4r kommer en som faktiskt \u00e4r st\u00e4lld p\u00e5 engelska &#8211; s\u00e5 jag ska f\u00f6rs\u00f6ka mig p\u00e5 ett tv\u00e5-spr\u00e5kigt inl\u00e4gg idag :) &#8221;I&#8217;m hoping you understand English because you are honestly so talented with makeup and I&#8217;d love some help! My name&#8217;s Amy and my [&hellip;]<\/p>\n","protected":false},"author":30,"featured_media":13202,"comment_status":"open","ping_status":"closed","sticky":false,"template":"","format":"standard","meta":{"footnotes":""},"categories":[2623],"tags":[2212,734,15,2211,2210,2209,498,945],"class_list":["post-13193","post","type-post","status-publish","format-standard","has-post-thumbnail","hentry","category-sminkningar","tag-balklanning-sminkning-turkos-klanning","tag-balsminkning","tag-partysminkning","tag-prom-dress","tag-prom-look","tag-prom-makeup-tutorial","tag-smokey-eyes","tag-sotade-ogon"],"yoast_head":"<!-- This site is optimized with the Yoast SEO Premium plugin v14.9 - https:\/\/yoast.com\/wordpress\/plugins\/seo\/ -->\n<meta name=\"description\" content=\"Prom makeup tutorial (Balsminkning steg f\u00f6r steg) | Helena Amiley - H\u00e4r hittar du senaste infromation om sk\u00f6nhet, livsstil, entrepren\u00f6rskap, makeup &amp; tips.\" \/>\n<meta name=\"robots\" content=\"index, follow, max-snippet:-1, max-image-preview:large, max-video-preview:-1\" \/>\n<link rel=\"canonical\" href=\"https:\/\/www.imakeyousmile.se\/es\/prom-makeup-tutorial\/\" \/>\n<meta property=\"og:locale\" content=\"es_ES\" \/>\n<meta property=\"og:type\" content=\"article\" \/>\n<meta property=\"og:title\" content=\"Prom makeup tutorial (Balsminkning steg f\u00f6r steg) | Imakeyousmile.se\" \/>\n<meta property=\"og:description\" content=\"Prom makeup tutorial (Balsminkning steg f\u00f6r steg) | Helena Amiley - H\u00e4r hittar du senaste infromation om sk\u00f6nhet, livsstil, entrepren\u00f6rskap, makeup &amp; tips.\" \/>\n<meta property=\"og:url\" content=\"https:\/\/www.imakeyousmile.se\/es\/prom-makeup-tutorial\/\" \/>\n<meta property=\"og:site_name\" content=\"Imakeyousmile.se\" \/>\n<meta property=\"article:author\" content=\"https:\/\/www.facebook.com\/imakeyousmile.se\" \/>\n<meta property=\"article:published_time\" content=\"2014-05-07T12:06:18+00:00\" \/>\n<meta property=\"article:modified_time\" content=\"2021-10-05T08:38:55+00:00\" \/>\n<meta property=\"og:image\" content=\"https:\/\/www.imakeyousmile.se\/wp-content\/uploads\/2014\/05\/IMG_3279_111.jpg\" \/>\n\t<meta property=\"og:image:width\" content=\"2560\" \/>\n\t<meta property=\"og:image:height\" content=\"1247\" \/>\n<meta name=\"twitter:card\" content=\"summary_large_image\" \/>\n<script type=\"application\/ld+json\" class=\"yoast-schema-graph\">{\"@context\":\"https:\/\/schema.org\",\"@graph\":[{\"@type\":\"Organization\",\"@id\":\"https:\/\/www.imakeyousmile.se\/es\/#organization\",\"name\":\"Imakeyousmile\",\"url\":\"https:\/\/www.imakeyousmile.se\/es\/\",\"sameAs\":[],\"logo\":{\"@type\":\"ImageObject\",\"@id\":\"https:\/\/www.imakeyousmile.se\/es\/#logo\",\"inLanguage\":\"es\",\"url\":\"https:\/\/www.imakeyousmile.se\/wp-content\/uploads\/2020\/10\/HELENA-AMILEY_SVART-1-e1603367975324.png\",\"width\":280,\"height\":93,\"caption\":\"Imakeyousmile\"},\"image\":{\"@id\":\"https:\/\/www.imakeyousmile.se\/es\/#logo\"}},{\"@type\":\"WebSite\",\"@id\":\"https:\/\/www.imakeyousmile.se\/es\/#website\",\"url\":\"https:\/\/www.imakeyousmile.se\/es\/\",\"name\":\"Imakeyousmile.se\",\"description\":\"Helena Amiley - Beauty, Entrepreneur, Lifestyle\",\"publisher\":{\"@id\":\"https:\/\/www.imakeyousmile.se\/es\/#organization\"},\"potentialAction\":[{\"@type\":\"SearchAction\",\"target\":\"https:\/\/www.imakeyousmile.se\/es\/?s={search_term_string}\",\"query-input\":\"required name=search_term_string\"}],\"inLanguage\":\"es\"},{\"@type\":\"ImageObject\",\"@id\":\"https:\/\/www.imakeyousmile.se\/prom-makeup-tutorial\/#primaryimage\",\"inLanguage\":\"es\",\"url\":\"https:\/\/www.imakeyousmile.se\/wp-content\/uploads\/2014\/05\/IMG_3279_111.jpg\",\"width\":2560,\"height\":1247},{\"@type\":\"WebPage\",\"@id\":\"https:\/\/www.imakeyousmile.se\/prom-makeup-tutorial\/#webpage\",\"url\":\"https:\/\/www.imakeyousmile.se\/prom-makeup-tutorial\/\",\"name\":\"Prom makeup tutorial (Balsminkning steg f\\u00f6r steg) | Imakeyousmile.se\",\"isPartOf\":{\"@id\":\"https:\/\/www.imakeyousmile.se\/es\/#website\"},\"primaryImageOfPage\":{\"@id\":\"https:\/\/www.imakeyousmile.se\/prom-makeup-tutorial\/#primaryimage\"},\"datePublished\":\"2014-05-07T12:06:18+00:00\",\"dateModified\":\"2021-10-05T08:38:55+00:00\",\"description\":\"Prom makeup tutorial (Balsminkning steg f\\u00f6r steg) | Helena Amiley - H\\u00e4r hittar du senaste infromation om sk\\u00f6nhet, livsstil, entrepren\\u00f6rskap, makeup & tips.\",\"inLanguage\":\"es\",\"potentialAction\":[{\"@type\":\"ReadAction\",\"target\":[\"https:\/\/www.imakeyousmile.se\/prom-makeup-tutorial\/\"]}]},{\"@type\":\"Article\",\"@id\":\"https:\/\/www.imakeyousmile.se\/prom-makeup-tutorial\/#article\",\"isPartOf\":{\"@id\":\"https:\/\/www.imakeyousmile.se\/prom-makeup-tutorial\/#webpage\"},\"author\":{\"@id\":\"https:\/\/www.imakeyousmile.se\/es\/#\/schema\/person\/b0fd43b1c6bb1c60cfd68bff9b4a10fb\"},\"headline\":\"Prom makeup tutorial (Balsminkning steg f\\u00f6r steg)\",\"datePublished\":\"2014-05-07T12:06:18+00:00\",\"dateModified\":\"2021-10-05T08:38:55+00:00\",\"mainEntityOfPage\":{\"@id\":\"https:\/\/www.imakeyousmile.se\/prom-makeup-tutorial\/#webpage\"},\"commentCount\":0,\"publisher\":{\"@id\":\"https:\/\/www.imakeyousmile.se\/es\/#organization\"},\"image\":{\"@id\":\"https:\/\/www.imakeyousmile.se\/prom-makeup-tutorial\/#primaryimage\"},\"keywords\":\"balkl\\u00e4nning sminkning turkos kl\\u00e4nning,balsminkning,Partysminkning,prom dress,prom look,Prom makeup tutorial,smokey eyes,sotade \\u00f6gon\",\"articleSection\":\"Sminkningar\",\"inLanguage\":\"es\",\"potentialAction\":[{\"@type\":\"CommentAction\",\"name\":\"Comment\",\"target\":[\"https:\/\/www.imakeyousmile.se\/prom-makeup-tutorial\/#respond\"]}]},{\"@type\":\"Person\",\"@id\":\"https:\/\/www.imakeyousmile.se\/es\/#\/schema\/person\/b0fd43b1c6bb1c60cfd68bff9b4a10fb\",\"name\":\"Helena Amiley\",\"image\":{\"@type\":\"ImageObject\",\"@id\":\"https:\/\/www.imakeyousmile.se\/es\/#personlogo\",\"inLanguage\":\"es\",\"url\":\"https:\/\/secure.gravatar.com\/avatar\/5645558e1e355457a23368d7e1b4c904?s=96&d=mm&r=g\",\"caption\":\"Helena Amiley\"},\"description\":\"Jag skriver mest om sk\\u00f6nhet men bjuder \\u00e4ven p\\u00e5 glimtar fr\\u00e5n entrepren\\u00f6rlivet och bygget av v\\u00e5r egen camper van. Vanlife here we come!\",\"sameAs\":[\"https:\/\/www.facebook.com\/imakeyousmile.se\",\"https:\/\/www.instagram.com\/helenaamiley\",\"https:\/\/www.youtube.com\/channel\/UCR5iB6rvpV6Yr8ZjpQfr5mg?view_as=subscriber\"]}]}<\/script>\n<!-- \/ Yoast SEO Premium plugin. -->","_links":{"self":[{"href":"https:\/\/www.imakeyousmile.se\/es\/wp-json\/wp\/v2\/posts\/13193"}],"collection":[{"href":"https:\/\/www.imakeyousmile.se\/es\/wp-json\/wp\/v2\/posts"}],"about":[{"href":"https:\/\/www.imakeyousmile.se\/es\/wp-json\/wp\/v2\/types\/post"}],"author":[{"embeddable":true,"href":"https:\/\/www.imakeyousmile.se\/es\/wp-json\/wp\/v2\/users\/30"}],"replies":[{"embeddable":true,"href":"https:\/\/www.imakeyousmile.se\/es\/wp-json\/wp\/v2\/comments?post=13193"}],"version-history":[{"count":5,"href":"https:\/\/www.imakeyousmile.se\/es\/wp-json\/wp\/v2\/posts\/13193\/revisions"}],"predecessor-version":[{"id":41683,"href":"https:\/\/www.imakeyousmile.se\/es\/wp-json\/wp\/v2\/posts\/13193\/revisions\/41683"}],"wp:featuredmedia":[{"embeddable":true,"href":"https:\/\/www.imakeyousmile.se\/es\/wp-json\/wp\/v2\/media\/13202"}],"wp:attachment":[{"href":"https:\/\/www.imakeyousmile.se\/es\/wp-json\/wp\/v2\/media?parent=13193"}],"wp:term":[{"taxonomy":"category","embeddable":true,"href":"https:\/\/www.imakeyousmile.se\/es\/wp-json\/wp\/v2\/categories?post=13193"},{"taxonomy":"post_tag","embeddable":true,"href":"https:\/\/www.imakeyousmile.se\/es\/wp-json\/wp\/v2\/tags?post=13193"}],"curies":[{"name":"wp","href":"https:\/\/api.w.org\/{rel}","templated":true}]}}